{"id":425077,"date":"2025-09-29T02:29:26","date_gmt":"2025-09-29T02:29:26","guid":{"rendered":"https:\/\/www.europesays.com\/fr\/425077\/"},"modified":"2025-09-29T02:29:26","modified_gmt":"2025-09-29T02:29:26","slug":"flottille-pour-gaza-le-gouvernement-appelle-a-arreter-de-saturer-le-centre-de-crise","status":"publish","type":"post","link":"https:\/\/www.europesays.com\/fr\/425077\/","title":{"rendered":"Flottille pour Gaza : le gouvernement appelle \u00e0 arr\u00eater de \u00ab\u00a0saturer\u00a0\u00bb le centre de crise"},"content":{"rendered":"<ul class=\"jsx-862013697 ArticleChapo__List\">\n<li class=\"jsx-862013697 ArticleChapo__List_Item flex\">Les Fran\u00e7ais doivent arr\u00eater de \u00ab\u00a0saturer\u00a0\u00bb le centre de crise du minist\u00e8re des Affaires \u00e9trang\u00e8res au sujet de la flottille internationale en route vers Gaza, a exhort\u00e9 dimanche le ministre d\u00e9l\u00e9gu\u00e9 sortant du Commerce ext\u00e9rieur et des Fran\u00e7ais de l&rsquo;\u00e9tranger.<\/li>\n<li class=\"jsx-862013697 ArticleChapo__List_Item flex\">\u00ab\u00a0Ce que je condamne (&#8230;) c&rsquo;est souvent une saturation des mails, des appels sur notre propre centre de crise, sur la question de ces flottilles\u00a0\u00bb, a d\u00e9clar\u00e9 Laurent Saint-Martin sur France 3.<\/li>\n<\/ul>\n<p data-module=\"article-paragraph\" class=\"jsx-3046738180 Paragraph\">Un centre de crise satur\u00e9 de mails et d&rsquo;appels. Ce dimanche 28 septembre sur France 3, le ministre d\u00e9l\u00e9gu\u00e9 sortant du Commerce ext\u00e9rieur et des Fran\u00e7ais de l&rsquo;\u00e9tranger Laurent Saint-Martin a appel\u00e9 les Fran\u00e7ais \u00e0 ne pas saturer le centre de crise du minist\u00e8re des Affaires \u00e9trang\u00e8res d\u00e9di\u00e9 \u00e0 la flottille internationale en route vers Gaza. \u00ab\u00a0Ce que je condamne, et l\u00e0 c&rsquo;est au sein du minist\u00e8re des Affaires \u00e9trang\u00e8res que je l&rsquo;\u00e9voque, c&rsquo;est souvent une saturation des mails, des appels sur notre propre centre de crise, sur la question de ces flottilles\u00a0\u00bb, a affirm\u00e9 le ministre sortant.\u00a0<\/p>\n<p data-module=\"article-paragraph\" class=\"jsx-3046738180 Paragraph Paragraph__End\">Ces sollicitations \u00ab\u00a0ne permettent pas justement \u00e0 nos agents diplomatiques qui font un travail remarquable de faire aujourd&rsquo;hui leur devoir et leur travail de protection de nos Fran\u00e7ais\u00a0\u00bb, a poursuivi l&rsquo;ex-ministre.<\/p>\n<blockquote class=\"jsx-2786790838 Quote__Text\"><p>Il faut qu&rsquo;on sache \u00eatre raisonnable<\/p><\/blockquote>\n<p>Laurent Saint-Martin<\/p>\n<p data-module=\"article-paragraph\" class=\"jsx-3046738180 Paragraph\">\u00ab\u00a0Il y avait eu sur la premi\u00e8re flottille pr\u00e8s de 45.000 mails envoy\u00e9s\u00a0\u00bb, a-t-il dit, en r\u00e9f\u00e9rence \u00e0 une embarcation en route vers Gaza en juin et dans laquelle avait pris place <a href=\"https:\/\/www.tf1info.fr\/politique\/guerre-gaza-israel-rima-hassan-rejoint-la-flottille-partie-pour-apporter-de-l-aide-humanitaire-2394424.html\" target=\"_blank\" rel=\"noopener\">l&rsquo;eurod\u00e9put\u00e9e insoumise Rima Hassan<\/a>, soulignant que \u00ab\u00a0tout \u00e9tait absolument satur\u00e9\u00a0\u00bb.\u00a0 \u00ab\u00a0L\u00e0, c&rsquo;est \u00e0 peu pr\u00e8s pareil sur celle-l\u00e0\u00a0\u00bb, a dit Laurent Saint-Martin. \u00ab\u00a0Il faut qu&rsquo;on sache \u00eatre raisonnable\u00a0\u00bb, a-t-il exhort\u00e9, estimant que \u00ab\u00a0ce n&rsquo;est pas en allant saturer et en allant bloquer leur travail\u00a0\u00bb que l&rsquo;on va permettre aux personnels du centre de crise de \u00ab\u00a0prot\u00e9ger l&rsquo;ensemble de nos concitoyens\u00a0\u00bb.<\/p>\n<p data-module=\"article-paragraph\" class=\"jsx-3046738180 Paragraph Paragraph__End\">Partie au d\u00e9but du mois de Barcelone (Espagne), la flottille compos\u00e9e d&rsquo;une vingtaine d&#8217;embarcations a annonc\u00e9 avoir fait l&rsquo;objet de plusieurs attaques, <a href=\"https:\/\/www.tf1info.fr\/international\/des-explosions-entendues-la-flottille-pour-gaza-navires-greta-thunberg-se-dit-ciblee-par-des-drones-2396517.html\" target=\"_blank\" rel=\"noopener\">notamment de drones alors qu&rsquo;elle \u00e9tait \u00e0 l&rsquo;ancre au large de Tunis<\/a>, le 9 septembre. \u00c0 bord de cette flottille figurent \u00e0 nouveau Rima Hassan, mais aussi d&rsquo;autres citoyens fran\u00e7ais, au sujet desquels Laurent Saint-Martin a rappel\u00e9 qu&rsquo;ils b\u00e9n\u00e9ficiaient de la protection consulaire s&rsquo;ils \u00e9taient arr\u00eat\u00e9s.<\/p>\n<p>Politiques et people r\u00e9clament protection diplomatique<\/p>\n<p data-module=\"article-paragraph\" class=\"jsx-3046738180 Paragraph Paragraph__End\">Plusieurs voix \u00e0 gauche ont demand\u00e9 jeudi \u00e0 Emmanuel Macron et S\u00e9bastien Lecornu \u00ab\u00a0de toute urgence\u00a0\u00bb la protection diplomatique de la France pour la flottille. Samedi, c&rsquo;est un collectif d&rsquo;artistes et personnalit\u00e9s, dont les chanteuses Zaho de Sagazan et Ang\u00e8le, DJ Snake ou l&rsquo;influenceuse Lena Situations, qui ont r\u00e9clam\u00e9 aux gouvernements fran\u00e7ais et belge \u00ab\u00a0la protection diplomatique\u00a0\u00bb de la flottille internationale en route vers Gaza, qui affirme avoir fait l&rsquo;objet d&rsquo;attaques de drones sur son chemin.<\/p>\n<p><a href=\"https:\/\/www.tf1info.fr\/international\/c-etait-a-100-un-drone-un-bateau-de-la-flottille-vers-gaza-assure-avoir-ete-frappe-la-tunisie-dement-2393462.html\" rel=\"noopener\" class=\"jsx-3308031228 Link flex\" target=\"_blank\"><img decoding=\"async\" src=\"https:\/\/www.europesays.com\/fr\/wp-content\/uploads\/2025\/09\/flotille-pour-gaza-e398f8-0@1x.jpeg\" alt=\"La nouvelle flotille en d\u00e9part pour Gaza, le 30 ao\u00fbt 2025\" loading=\"lazy\" importance=\"low\" fetchpriority=\"low\" class=\"\" aria-hidden=\"true\"\/><\/p>\n<p class=\"jsx-3657663356 ReadMoreArticle__Title\">Lire aussi<\/p>\n<p class=\"jsx-3657663356\">\u00ab\u00a0C&rsquo;\u00e9tait \u00e0 100% un drone\u00a0\u00bb : un bateau de la flottille vers Gaza assure avoir \u00e9t\u00e9 \u00ab\u00a0frapp\u00e9\u00a0\u00bb, la Tunisie d\u00e9ment<\/p>\n<p><\/a><\/p>\n<p data-module=\"article-paragraph\" class=\"jsx-3046738180 Paragraph Paragraph__End\">\u00ab\u00a0La question, au-del\u00e0 de la protection consulaire, c&rsquo;est comment r\u00e9sout-on le conflit au Proche-Orient ? Pardon de revenir \u00e0 \u00e7a, ce ne sont pas les flottilles qui apportent l&rsquo;aide humanitaire, ce ne sont pas les flottilles qui permettent la r\u00e9solution\u00a0\u00bb du conflit, a tacl\u00e9 Laurent Saint-Martin.<\/p>\n<p>J.F. avec AFP<\/p>\n","protected":false},"excerpt":{"rendered":"Les Fran\u00e7ais doivent arr\u00eater de \u00ab\u00a0saturer\u00a0\u00bb le centre de crise du minist\u00e8re des Affaires \u00e9trang\u00e8res au sujet de&hellip;\n","protected":false},"author":2,"featured_media":425078,"comment_status":"","ping_status":"","sticky":false,"template":"","format":"standard","meta":{"footnotes":""},"categories":[5],"tags":[1111,11,1921,4628,5925,1073,1011,27,1922,14,12,2028,133,1920,28],"class_list":{"0":"post-425077","1":"post","2":"type-post","3":"status-publish","4":"format-standard","5":"has-post-thumbnail","7":"category-international","8":"tag-actu","9":"tag-actualites","10":"tag-article-video","11":"tag-bande-de-gaza","12":"tag-conflits-et-guerre","13":"tag-emmanuel-macron","14":"tag-fr","15":"tag-france","16":"tag-info","17":"tag-international","18":"tag-news","19":"tag-tunisie","20":"tag-video","21":"tag-video-international","22":"tag-world"},"share_on_mastodon":{"url":"https:\/\/pubeurope.com\/@fr\/115285233775422435","error":""},"_links":{"self":[{"href":"https:\/\/www.europesays.com\/fr\/wp-json\/wp\/v2\/posts\/425077","targetHints":{"allow":["GET"]}}],"collection":[{"href":"https:\/\/www.europesays.com\/fr\/wp-json\/wp\/v2\/posts"}],"about":[{"href":"https:\/\/www.europesays.com\/fr\/wp-json\/wp\/v2\/types\/post"}],"author":[{"embeddable":true,"href":"https:\/\/www.europesays.com\/fr\/wp-json\/wp\/v2\/users\/2"}],"replies":[{"embeddable":true,"href":"https:\/\/www.europesays.com\/fr\/wp-json\/wp\/v2\/comments?post=425077"}],"version-history":[{"count":0,"href":"https:\/\/www.europesays.com\/fr\/wp-json\/wp\/v2\/posts\/425077\/revisions"}],"wp:featuredmedia":[{"embeddable":true,"href":"https:\/\/www.europesays.com\/fr\/wp-json\/wp\/v2\/media\/425078"}],"wp:attachment":[{"href":"https:\/\/www.europesays.com\/fr\/wp-json\/wp\/v2\/media?parent=425077"}],"wp:term":[{"taxonomy":"category","embeddable":true,"href":"https:\/\/www.europesays.com\/fr\/wp-json\/wp\/v2\/categories?post=425077"},{"taxonomy":"post_tag","embeddable":true,"href":"https:\/\/www.europesays.com\/fr\/wp-json\/wp\/v2\/tags?post=425077"}],"curies":[{"name":"wp","href":"https:\/\/api.w.org\/{rel}","templated":true}]}}