{"id":425085,"date":"2025-09-29T02:39:41","date_gmt":"2025-09-29T02:39:41","guid":{"rendered":"https:\/\/www.europesays.com\/fr\/425085\/"},"modified":"2025-09-29T02:39:41","modified_gmt":"2025-09-29T02:39:41","slug":"nous-nous-devons-de-rester-ambitieux","status":"publish","type":"post","link":"https:\/\/www.europesays.com\/fr\/425085\/","title":{"rendered":"\u00ab\u00a0Nous nous devons de rester ambitieux\u00a0\u00bb"},"content":{"rendered":"<p>Asvel-Nancy 19\u00a0h \u00e0 l\u2019Astroballe (La cha\u00eene L\u2019\u00c9quipe)<\/p>\n<blockquote class=\"question\"><p><a href=\"https:\/\/www.leprogres.fr\/p\/pierric-poupet\" target=\"_blank\" rel=\"noopener\">Pierric Poupet<\/a>, comment s\u2019est pass\u00e9e la pr\u00e9saison (5 victoires, 1 d\u00e9faite)\u00a0?<\/p><\/blockquote>\n<p>Bien dans l\u2019ensemble. Le groupe est \u00e0 l\u2019\u00e9coute, a envie de travailler et de montrer des choses.<\/p>\n<blockquote class=\"question\"><p>Allez-vous rester dans la m\u00eame philosophie de jeu que la saison derni\u00e8re\u00a0?<\/p><\/blockquote>\n<p>Si le groupe int\u00e8gre bien nous pourrons aller un peu plus loin mais, dans l\u2019id\u00e9e, nous sommes sur une volont\u00e9 de nous partager la balle en attaque, d\u2019\u00eatre un peu meilleur d\u00e9fensivement et de faire venir le danger de partout. Un peu plus que la saison derni\u00e8re, puisque nous avons perdu des joueurs talentueux.<\/p>\n<blockquote class=\"question\"><p>Avez-vous effectu\u00e9 le recrutement que vous souhaitiez sachant que votre masse salariale a une nouvelle fois s\u00e9rieusement baiss\u00e9 (environ -30\u00a0%, -60\u00a0% sur les&#8230;<\/p><\/blockquote>\n","protected":false},"excerpt":{"rendered":"Asvel-Nancy 19\u00a0h \u00e0 l\u2019Astroballe (La cha\u00eene L\u2019\u00c9quipe) Pierric Poupet, comment s\u2019est pass\u00e9e la pr\u00e9saison (5 victoires, 1 d\u00e9faite)\u00a0?&hellip;\n","protected":false},"author":2,"featured_media":425086,"comment_status":"","ping_status":"","sticky":false,"template":"","format":"standard","meta":{"footnotes":""},"categories":[9635],"tags":[1111,11,36719,1791,2757,1777,674,1011,27,775,1702,12,25,517,6345,6346],"class_list":{"0":"post-425085","1":"post","2":"type-post","3":"status-publish","4":"format-standard","5":"has-post-thumbnail","7":"category-nancy","8":"tag-actu","9":"tag-actualites","10":"tag-asvel-asvel-lyon-villeurbanne-basket","11":"tag-basket-ball","12":"tag-edition-lyon-villeurbanne","13":"tag-eu","14":"tag-europe","15":"tag-fr","16":"tag-france","17":"tag-grand-est","18":"tag-nancy","19":"tag-news","20":"tag-republique-francaise","21":"tag-sport","22":"tag-villeurbanne","23":"tag-villeurbanne-bassin"},"share_on_mastodon":{"url":"https:\/\/pubeurope.com\/@fr\/115285272945363297","error":""},"_links":{"self":[{"href":"https:\/\/www.europesays.com\/fr\/wp-json\/wp\/v2\/posts\/425085","targetHints":{"allow":["GET"]}}],"collection":[{"href":"https:\/\/www.europesays.com\/fr\/wp-json\/wp\/v2\/posts"}],"about":[{"href":"https:\/\/www.europesays.com\/fr\/wp-json\/wp\/v2\/types\/post"}],"author":[{"embeddable":true,"href":"https:\/\/www.europesays.com\/fr\/wp-json\/wp\/v2\/users\/2"}],"replies":[{"embeddable":true,"href":"https:\/\/www.europesays.com\/fr\/wp-json\/wp\/v2\/comments?post=425085"}],"version-history":[{"count":0,"href":"https:\/\/www.europesays.com\/fr\/wp-json\/wp\/v2\/posts\/425085\/revisions"}],"wp:featuredmedia":[{"embeddable":true,"href":"https:\/\/www.europesays.com\/fr\/wp-json\/wp\/v2\/media\/425086"}],"wp:attachment":[{"href":"https:\/\/www.europesays.com\/fr\/wp-json\/wp\/v2\/media?parent=425085"}],"wp:term":[{"taxonomy":"category","embeddable":true,"href":"https:\/\/www.europesays.com\/fr\/wp-json\/wp\/v2\/categories?post=425085"},{"taxonomy":"post_tag","embeddable":true,"href":"https:\/\/www.europesays.com\/fr\/wp-json\/wp\/v2\/tags?post=425085"}],"curies":[{"name":"wp","href":"https:\/\/api.w.org\/{rel}","templated":true}]}}