{"id":425097,"date":"2025-09-29T02:53:16","date_gmt":"2025-09-29T02:53:16","guid":{"rendered":"https:\/\/www.europesays.com\/fr\/425097\/"},"modified":"2025-09-29T02:53:16","modified_gmt":"2025-09-29T02:53:16","slug":"a-80-ans-le-maire-de-cette-commune-proche-de-nice-vise-un-9e-mandat","status":"publish","type":"post","link":"https:\/\/www.europesays.com\/fr\/425097\/","title":{"rendered":"\u00e0 80 ans, le maire de cette commune proche de Nice vise un 9e mandat"},"content":{"rendered":"<p class=\"fs-5 \">Le 15 mars, il f\u00eatera ses 81 ans. Jean-Fran\u00e7ois Spinelli sait d\u00e9j\u00e0 ce qu\u2019il veut comme cadeau. Au soir du premier tour des \u00e9lections municipales, le maire de Castagniers esp\u00e8re ravir un neuvi\u00e8me mandat. Cet enfant du village est install\u00e9 depuis 1977 dans le fauteuil de premier magistrat de cette moyenne commune de la vall\u00e9e du Var.<\/p>\n<p class=\"fs-5 \">Lors de sa premi\u00e8re \u00e9lection il avait d\u00fb ferrailler contre deux autres candidats. \u00ab J\u2019\u00e9tais pass\u00e9 \u00e0 deux voix pr\u00e8s \u00bb, se souvient-il. Les sept fois suivantes il n\u2019y a m\u00eame pas eu de second tour. En sera-t-il de m\u00eame le 15 mars prochain ?<\/p>\n<p>                                                                                Trop vieux ?<\/p>\n<p class=\"fs-5 \">Cette fois Jean-Fran\u00e7ois Spinelli pourrait bien avoir une opposition. Un de ses administr\u00e9s a semble-t-il l\u2019intention de l\u2019obliger \u00e0 prendre sa retraite politique. M\u00eame si le concurrent ne s\u2019est pas encore d\u00e9clar\u00e9 officiellement, cela n\u2019a pas \u00e9chapp\u00e9 au maire. D\u2019autant moins que son futur adversaire n\u2019est autre qu\u2019un de ses conseillers municipaux. \u00ab Je l\u2019ai pris avec moi pour les deux derni\u00e8res \u00e9lections, souffle Jean-Fran\u00e7ois Spinelli. Il trouve que je suis trop vieux. Il a d\u00e9cid\u00e9 de se pr\u00e9senter. Il a raison\u2026 Mais encore faut-il y arriver. \u00bb<\/p>\n<p class=\"fs-5 \">\u00ab Trop vieux ? \u00bb Qu\u2019en pense-t-il, lui-m\u00eame ? \u00c0 80 ans, l\u2019\u00e9dile avoue avoir h\u00e9sit\u00e9. Mais apr\u00e8s avoir d\u00e9di\u00e9 sa vie \u00e0 son village, celui de son p\u00e8re, de son grand-p\u00e8re et de son arri\u00e8re-grand-p\u00e8re avant lui, il ne sait pas trop ce qu\u2019il pourrait \u00ab faire d\u2019autre \u00bb du temps qu\u2019il lui reste. \u00ab \u00c0 l\u2019\u00e9cole d\u00e9j\u00e0 c\u2019est moi qui m\u2019occupais de la coop\u00e9rative. \u00c0 14 ans je suis all\u00e9 voir le maire de l\u2019\u00e9poque pour lui dire que je voulais bien reprendre en main le comit\u00e9 des f\u00eates\u2026 mais qu\u2019il allait falloir virer tous les vieux \u00bb, ironise-t-il.<\/p>\n<p class=\"fs-5 \">\u00ab Je crois que j\u2019ai un peu une \u00e2me de chef \u00bb, conclut celui qui a repris la scierie familiale tout en occupant la fonction de maire. Il est vrai qu\u2019\u00e0 l\u2019\u00e9poque les choses \u00e9taient \u00ab plus simples. On avait qu\u2019une seule administration comme interlocuteur : la pr\u00e9fecture. Maintenant, il y a la M\u00e9tropole, le D\u00e9partement, la R\u00e9gion\u2026 L\u2019Europe \u00bb, soupire-t-il en balayant du regard son bureau couvert de dossiers.<\/p>\n<p>                                                                                Entre Ciotti et Estrosi c\u2019est l\u2019amiti\u00e9 qui tranche<\/p>\n<p class=\"fs-5 \">\u00ab Toute cette paperasse \u00bb, c\u2019est ce qui l\u2019a fait le plus h\u00e9siter. \u00ab Avec l\u2019informatique on \u00e9tait cens\u00e9 ne plus avoir de papier\u2026 En r\u00e9alit\u00e9 il y en a quatre fois plus qu\u2019avant \u00bb, d\u00e9plore ce maire \u00e9lu pour la premi\u00e8re fois \u00e0 une \u00e9poque o\u00f9 le Web n\u2019existait pas. Pas plus que le Rubik\u2019s cube ou le s\u00e9quen\u00e7age du g\u00e9nome humain. Il n\u2019emp\u00eache que son ADN il le conna\u00eet : c\u2019est Castagniers. Avant tout le reste et surtout ce millefeuille de collectivit\u00e9s locales avec lequel il doit composer. Tant bien que mal.<\/p>\n<p class=\"fs-5 \">Jean-Fran\u00e7ois Spinelli a annonc\u00e9 il y a quelques jours \u00e0 ses administr\u00e9s qu\u2019il rempilait, \u00e0 l\u2019occasion de la Saint-Michel, le festin du village. Il avait invit\u00e9 Christian Estrosi. \u00ab Il m\u2019a \u00e9crit pour me dire qu\u2019il ne serait ni pr\u00e9sent ni repr\u00e9sent\u00e9 \u00bb, d\u00e9plore l\u2019\u00e9lu qui avoue ne pas toujours appr\u00e9cier \u00ab les m\u00e9thodes \u00bb du pr\u00e9sident de la M\u00e9tropole \u00e0 laquelle il appartient. Il fait partie des dix-huit \u00ab frondeurs \u00bb qui avaient refus\u00e9 de voter les yeux ferm\u00e9s la charte de confiance qu\u2019Estrosi exigeait d\u2019eux l\u2019an dernier.<\/p>\n<p class=\"fs-5 \">Et \u00c9ric Ciotti ? Il est \u00ab pour \u00bb. Avant tout parce que \u00ab c\u2019est un ami \u00bb. \u00ab Il pourrait adh\u00e9rer au parti communiste que je serai toujours pour lui \u00bb, tranche l\u2019octog\u00e9naire attach\u00e9 \u00e0 certaines valeurs. Comme \u00e0 la d\u00e9fense de la qui\u00e9tude de ses administr\u00e9s dont il s\u2019est employ\u00e9 quarante-neuf ans durant \u00e0 pr\u00e9server le cadre de vie en bannissant tout programme immobilier d\u00e9mesur\u00e9. \u00ab J\u2019aimerais bien atteindre les cinquante ann\u00e9es cons\u00e9cutives de mandat \u00bb, conc\u00e8de le maire candidat qui brigue d\u00e8s lors une neuvi\u00e8me \u00e9lection et le titre de \u00ab doyen des \u00e9lus des Alpes-Maritimes \u00bb. Quitte \u00e0 passer la main en cours de route. Il ne l\u2019exclut pas, m\u00eame s\u2019il a encore des projets \u00e0 mener.<\/p>\n<p class=\"fs-5 \">Si c\u2019est son fils, conseiller municipal, qui prend la rel\u00e8ve, \u00e7a ne lui d\u00e9plairait sans doute pas. Jean-Fran\u00e7ois Spinelli a bien succ\u00e9d\u00e9 \u00e0 son p\u00e8re, adjoint au maire durant trente ans avant son \u00e9lection, de 1947 \u00e0 1977. L\u2019ADN encore\u2026<\/p>\n","protected":false},"excerpt":{"rendered":"Le 15 mars, il f\u00eatera ses 81 ans. Jean-Fran\u00e7ois Spinelli sait d\u00e9j\u00e0 ce qu\u2019il veut comme cadeau. Au&hellip;\n","protected":false},"author":2,"featured_media":425098,"comment_status":"","ping_status":"","sticky":false,"template":"","format":"standard","meta":{"footnotes":""},"categories":[2819],"tags":[1111,11,1777,674,1011,27,3434,12,2401,882,25],"class_list":{"0":"post-425097","1":"post","2":"type-post","3":"status-publish","4":"format-standard","5":"has-post-thumbnail","7":"category-nice","8":"tag-actu","9":"tag-actualites","10":"tag-eu","11":"tag-europe","12":"tag-fr","13":"tag-france","14":"tag-municipales-2026","15":"tag-news","16":"tag-nice","17":"tag-provence-alpes-cote-dazur","18":"tag-republique-francaise"},"share_on_mastodon":{"url":"https:\/\/pubeurope.com\/@fr\/115285328172288086","error":""},"_links":{"self":[{"href":"https:\/\/www.europesays.com\/fr\/wp-json\/wp\/v2\/posts\/425097","targetHints":{"allow":["GET"]}}],"collection":[{"href":"https:\/\/www.europesays.com\/fr\/wp-json\/wp\/v2\/posts"}],"about":[{"href":"https:\/\/www.europesays.com\/fr\/wp-json\/wp\/v2\/types\/post"}],"author":[{"embeddable":true,"href":"https:\/\/www.europesays.com\/fr\/wp-json\/wp\/v2\/users\/2"}],"replies":[{"embeddable":true,"href":"https:\/\/www.europesays.com\/fr\/wp-json\/wp\/v2\/comments?post=425097"}],"version-history":[{"count":0,"href":"https:\/\/www.europesays.com\/fr\/wp-json\/wp\/v2\/posts\/425097\/revisions"}],"wp:featuredmedia":[{"embeddable":true,"href":"https:\/\/www.europesays.com\/fr\/wp-json\/wp\/v2\/media\/425098"}],"wp:attachment":[{"href":"https:\/\/www.europesays.com\/fr\/wp-json\/wp\/v2\/media?parent=425097"}],"wp:term":[{"taxonomy":"category","embeddable":true,"href":"https:\/\/www.europesays.com\/fr\/wp-json\/wp\/v2\/categories?post=425097"},{"taxonomy":"post_tag","embeddable":true,"href":"https:\/\/www.europesays.com\/fr\/wp-json\/wp\/v2\/tags?post=425097"}],"curies":[{"name":"wp","href":"https:\/\/api.w.org\/{rel}","templated":true}]}}