{"id":425099,"date":"2025-09-29T02:54:19","date_gmt":"2025-09-29T02:54:19","guid":{"rendered":"https:\/\/www.europesays.com\/fr\/425099\/"},"modified":"2025-09-29T02:54:19","modified_gmt":"2025-09-29T02:54:19","slug":"jessaie-de-faire-progresser-mon-equipe-et-je-ny-arrive-pas-laveu-dimpuissance-de-franck-haise-apres-nice-paris-fc-2","status":"publish","type":"post","link":"https:\/\/www.europesays.com\/fr\/425099\/","title":{"rendered":"\u00ab\u00a0J&rsquo;essaie de faire progresser mon \u00e9quipe et je n&rsquo;y arrive pas\u00a0\u00bb, l&rsquo;aveu d&rsquo;impuissance de Franck Haise apr\u00e8s Nice-Paris FC"},"content":{"rendered":"<p class=\"mb-4 text-lg md:leading-8 break-words\">La saison commence d\u00e9j\u00e0 \u00e0 se faire longue \u00e0 l&rsquo;Allianz Riviera. <a href=\"https:\/\/rmcsport.bfmtv.com\/football\/ligue-1\/direct-nice-paris-fc-suivez-en-live-la-suite-de-la-6e-journee-de-ligue-1_LS-202509280191.html\" rel=\"nofollow noopener\" target=\"_blank\" data-ylk=\"slk:Tenue en \u00e9chec \u00e0 domicile par le Paris FC (1-1);elm:context_link;itc:0;sec:content-canvas\" class=\"link \">Tenue en \u00e9chec \u00e0 domicile par le Paris FC (1-1)<\/a>, l&rsquo;OGC Nice (12e, 7 points) flirte avec la zone rouge apr\u00e8s six journ\u00e9es de Ligue 1. Le bilan est tr\u00e8s mitig\u00e9: deux victoires, un nul et trois d\u00e9faites. \u00c0 cela s&rsquo;ajoutent les d\u00e9boires en Coupe d&rsquo;Europe, o\u00f9 les Aiglons viennent d&rsquo;encha\u00eener un 13e match cons\u00e9cutif sans victoire mercredi (d\u00e9faite 1-2 contre l&rsquo;AS Rome).<\/p>\n<p class=\"mb-4 text-lg md:leading-8 break-words\">En conf\u00e9rence d&rsquo;apr\u00e8s-match, Franck Haise a reconnu avoir des difficult\u00e9s \u00e0 faire passer son message \u00e0 son groupe: \u00ab\u00a0J&rsquo;essaie d\u00e9j\u00e0, et ce n&rsquo;est pas toujours simple, de faire progresser mon \u00e9quipe, et je n&rsquo;y arrive pas forc\u00e9ment\u00a0\u00bb, a-t-il confi\u00e9, un brin d\u00e9sabus\u00e9. \u00ab\u00a0Je vais m&rsquo;occuper de ce que j&rsquo;ai \u00e0 faire.\u00a0\u00bb<\/p>\n<p>\u00ab\u00a0Si je commence \u00e0 utiliser des excuses pour justifier le penalty, \u00e7a n&rsquo;a pas de sens\u00a0\u00bb<\/p>\n<p class=\"mb-4 text-lg md:leading-8 break-words\">Avant ce duel face au PFC, le technicien de 54 ans <a href=\"https:\/\/fr.news.yahoo.com\/sport\/monde-doit-%C3%A9lever-niveau-jeu-161256481.html\" data-ylk=\"slk:avait d\u00e9j\u00e0 tir\u00e9 la sonnette d&#039;alarme;elm:context_link;itc:0;sec:content-canvas;outcm:mb_qualified_link;_E:mb_qualified_link;ct:story;\" class=\"link  yahoo-link\" target=\"_blank\" rel=\"noopener\">avait d\u00e9j\u00e0 tir\u00e9 la sonnette d&rsquo;alarme<\/a> : \u00ab\u00a0De toute fa\u00e7on, aujourd&rsquo;hui, il suffit de regarder nos huit premiers matchs. Qui, dans l&rsquo;effectif, peut se dire: &lsquo;Je suis un titulaire de l&rsquo;\u00e9quipe ?&rsquo; Qui ? Pas beaucoup. \u00c0 part un ou deux joueurs depuis le d\u00e9but de la saison. Tout le monde doit \u00e9lever son niveau de jeu\u00a0\u00bb, avait martel\u00e9 l&rsquo;ancien coach du RC Lens.<\/p>\n<p class=\"mb-4 text-lg md:leading-8 break-words\">Selon lui, les faits de jeu de la rencontre face au Paris FC ne peuvent pas servir d&rsquo;excuse. Interrog\u00e9 sur <a href=\"https:\/\/rmcsport.bfmtv.com\/football\/ligue-1\/video-nice-1-1-paris-fc-pas-entendables-clauss-ferme-contre-les-chants-insultants_VN-202509280275.html\" rel=\"nofollow noopener\" target=\"_blank\" data-ylk=\"slk:l&#039;impact de l&#039;arr\u00eat temporaire de la partie d\u00e9cid\u00e9 par l&#039;arbitre en raison de chants homophobes;elm:context_link;itc:0;sec:content-canvas\" class=\"link \">l&rsquo;impact de l&rsquo;arr\u00eat temporaire de la partie d\u00e9cid\u00e9 par l&rsquo;arbitre en raison de chants homophobes<\/a> lanc\u00e9s par la tribune populaire sud de Nice, Haise a r\u00e9pondu clairement: \u00ab\u00a0Si je commence \u00e0 utiliser des excuses pour justifier le penalty, \u00e7a n&rsquo;a pas de sens. Et j&rsquo;ai l&rsquo;impression qu&rsquo;on en fera les choux gras (&#8230;) Au-del\u00e0 du r\u00e9sultat frustrant, en deuxi\u00e8me p\u00e9riode, on doit avoir plus de qualit\u00e9 dans notre jeu pour se cr\u00e9er plus d&rsquo;occasions, \u00e9viter le 1-0 hypoth\u00e9tique et ne pas laisser cette \u00e9quipe continuer \u00e0 y croire.\u00a0\u00bb<\/p>\n<p class=\"mb-4 text-lg md:leading-8 break-words\">S&rsquo;il a \u00e9t\u00e9 satisfait des retours des premi\u00e8res titularisations de la saison de Bombito, Cho et Abdi, bless\u00e9s de longue date, Franck Haise a reconnu que le d\u00e9but de saison \u00e9tait \u00ab\u00a0vraiment insuffisant\u00a0\u00bb sur le plan comptable. \u00ab\u00a0On esp\u00e9rait plus et mieux, mais c&rsquo;est notre r\u00e9alit\u00e9\u00a0\u00bb, a-t-il conclu.<\/p>\n<p class=\"mb-4 text-lg md:leading-8 break-words\"><a href=\"https:\/\/rmcsport.bfmtv.com\/football\/ligue-1\/j-essaie-de-faire-progresser-mon-equipe-et-je-n-y-arrive-pas-l-aveu-d-impuissance-de-franck-haise-apres-nice-paris-fc_AV-202509280319.html#xtor=AL-68\" rel=\"nofollow noopener\" target=\"_blank\" data-ylk=\"slk:Article original publi\u00e9 sur RMC Sport;elm:context_link;itc:0;sec:content-canvas\" class=\"link \">Article original publi\u00e9 sur RMC Sport<\/a><\/p>\n","protected":false},"excerpt":{"rendered":"La saison commence d\u00e9j\u00e0 \u00e0 se faire longue \u00e0 l&rsquo;Allianz Riviera. Tenue en \u00e9chec \u00e0 domicile par le&hellip;\n","protected":false},"author":2,"featured_media":425100,"comment_status":"","ping_status":"","sticky":false,"template":"","format":"standard","meta":{"footnotes":""},"categories":[2819],"tags":[1111,11,46540,1777,674,1011,27,3308,12,2401,55423,445,882,2264,25],"class_list":{"0":"post-425099","1":"post","2":"type-post","3":"status-publish","4":"format-standard","5":"has-post-thumbnail","7":"category-nice","8":"tag-actu","9":"tag-actualites","10":"tag-debut-de-saison","11":"tag-eu","12":"tag-europe","13":"tag-fr","14":"tag-france","15":"tag-franck-haise","16":"tag-news","17":"tag-nice","18":"tag-niveau-de-jeu","19":"tag-paris-fc","20":"tag-provence-alpes-cote-dazur","21":"tag-rc-lens","22":"tag-republique-francaise"},"share_on_mastodon":{"url":"https:\/\/pubeurope.com\/@fr\/115285332059837956","error":""},"_links":{"self":[{"href":"https:\/\/www.europesays.com\/fr\/wp-json\/wp\/v2\/posts\/425099","targetHints":{"allow":["GET"]}}],"collection":[{"href":"https:\/\/www.europesays.com\/fr\/wp-json\/wp\/v2\/posts"}],"about":[{"href":"https:\/\/www.europesays.com\/fr\/wp-json\/wp\/v2\/types\/post"}],"author":[{"embeddable":true,"href":"https:\/\/www.europesays.com\/fr\/wp-json\/wp\/v2\/users\/2"}],"replies":[{"embeddable":true,"href":"https:\/\/www.europesays.com\/fr\/wp-json\/wp\/v2\/comments?post=425099"}],"version-history":[{"count":0,"href":"https:\/\/www.europesays.com\/fr\/wp-json\/wp\/v2\/posts\/425099\/revisions"}],"wp:featuredmedia":[{"embeddable":true,"href":"https:\/\/www.europesays.com\/fr\/wp-json\/wp\/v2\/media\/425100"}],"wp:attachment":[{"href":"https:\/\/www.europesays.com\/fr\/wp-json\/wp\/v2\/media?parent=425099"}],"wp:term":[{"taxonomy":"category","embeddable":true,"href":"https:\/\/www.europesays.com\/fr\/wp-json\/wp\/v2\/categories?post=425099"},{"taxonomy":"post_tag","embeddable":true,"href":"https:\/\/www.europesays.com\/fr\/wp-json\/wp\/v2\/tags?post=425099"}],"curies":[{"name":"wp","href":"https:\/\/api.w.org\/{rel}","templated":true}]}}