{"id":425101,"date":"2025-09-29T02:55:15","date_gmt":"2025-09-29T02:55:15","guid":{"rendered":"https:\/\/www.europesays.com\/fr\/425101\/"},"modified":"2025-09-29T02:55:15","modified_gmt":"2025-09-29T02:55:15","slug":"le-realisateur-nantais-thomas-rault-plonge-en-immersion-au-jardin-des-plantes-pendant-un-an","status":"publish","type":"post","link":"https:\/\/www.europesays.com\/fr\/425101\/","title":{"rendered":"Le r\u00e9alisateur nantais Thomas Rault plonge en immersion au Jardin des plantes pendant un an"},"content":{"rendered":"<p>Thomas Rault a toujours fr\u00e9quent\u00e9 le Jardin des Plantes\u00a0: \u00ab\u00a0J\u2019y ai v\u00e9cu mes premiers flirts quand j\u2019\u00e9tais au lyc\u00e9e \u00e0 c\u00f4t\u00e9, j\u2019allais y manger le midi, j\u2019y suis venue avec mes enfants tr\u00e8s souvent. J\u2019ai toujours \u00e9t\u00e9 sensible \u00e0 ce poumon vert en plein centre-ville. Il y a 3\u00a0ans et demi j\u2019ai assist\u00e9 \u00e0 plusieurs sc\u00e8nes\u00a0: des jardiniers qui discutaient de l\u2019impact du r\u00e9chauffement climatique sur le Jardin, une assistante maternelle qui sensibilisait des tout-petits \u00e0 la fragilit\u00e9 des fleurs qui les entouraient et enfin une m\u00e9diatrice qui expliquait \u00e0 un groupe de jeunes, c\u2019est l\u00e0 qu\u2019est n\u00e9e mon envie de passer du temps en immersion au Jardin des plantes pour en tirer un film.\u00a0\u00bb<\/p>\n<p>90\u00a0jours de tournage avec les \u00e9quipes du Jardin des plantes<\/p>\n<p>Thomas Rault a pass\u00e9 un an en rep\u00e9rage en 2023 avec les \u00e9quipes du Jardin des plantes avant de sortir sa cam\u00e9ra\u00a0: \u00ab\u00a0On a eu 90\u00a0jours de tournage en un an en 2024, jardiniers, scientifiques, agents d\u2019accueil, \u00e9lagueurs, il a fallu cr\u00e9er la confiance, pour qu\u2019ils oublient la cam\u00e9ra. On vit une p\u00e9riode o\u00f9 la relation entre les hommes et les plantes est ab\u00eem\u00e9e. Je trouvais inspirant d\u2019aller voir des hommes et des femmes qui prennent soin du v\u00e9g\u00e9tal.\u00a0\u00bb<\/p>\n<p>Les conditions de tournage ont parfois \u00e9t\u00e9 difficiles<\/p>\n<p>\t<img decoding=\"async\" src=\"https:\/\/www.europesays.com\/fr\/wp-content\/uploads\/2025\/09\/P35490921D6996917G_px_640_.jpg\" alt=\"photo thomas rault a pass\u00e9 un an en immersion au jardin des plantes de nantes  \u00a9  thomas rault\" width=\"640\" title=\" Thomas Rault a pass\u00e9 un an en immersion au Jardin des plantes de Nantes   Thomas Rault \"\/><\/p>\n<p class=\"elmt-legende\"> Thomas Rault a pass\u00e9 un an en immersion au Jardin des plantes de Nantes   Thomas Rault <\/p>\n<p>Cette s\u00e9rie documentaire suit le quotidien de l\u2019\u00e9quipe de 25\u00a0personnes qui prend soin du Jardin des plantes de Nantes au quotidien\u00a0: \u00ab\u00a0L\u2019ann\u00e9e 2024 a \u00e9t\u00e9 marqu\u00e9e par les al\u00e9as climatiques, les conditions de tournage ont parfois \u00e9t\u00e9 difficiles. Mais je voulais montrer dans ce documentaire ce qu\u2019on n\u2019imagine pas, ce qu\u2019on ne voit pas, le travail en coulisses des agents de la Ville de Nantes. Le d\u00e9r\u00e8glement climatique est tr\u00e8s pr\u00e9sent parce qu\u2019ils y sont confront\u00e9s et doivent aider le Jardin \u00e0 s\u2019y adapter.\u00a0On a d\u2019ailleurs pr\u00eat\u00e9 une voix au Jardin des plantes pour des moments po\u00e9tiques.<\/p>\n<p>La bande-annonce<\/p>\n<p>\u00ab\u00a0Pour moi, le Jardin des plantes est comme un service public, ses bienfaits sont m\u00e9connus. On a pr\u00eat\u00e9 une voix au Jardin des plantes pour des moments po\u00e9tiques<\/p>\n<p><a href=\"https:\/\/www.france.tv\/france-3\/pays-de-la-loire\/jardin-public\/\" target=\"_blank\" rel=\"noopener\">Les huit \u00e9pisodes du documentaire seront visibles d\u00e8s ce dimanche 28\u00a0septembre sur la plateforme France.tv<\/a> et seront diffus\u00e9s le dimanche \u00e0 partir du 5\u00a0octobre \u00e0 12\u00a0h\u00a055 sur France 3\u00a0durant 8\u00a0semaines.<\/p>\n<p>\u00a0<\/p>\n","protected":false},"excerpt":{"rendered":"Thomas Rault a toujours fr\u00e9quent\u00e9 le Jardin des Plantes\u00a0: \u00ab\u00a0J\u2019y ai v\u00e9cu mes premiers flirts quand j\u2019\u00e9tais au&hellip;\n","protected":false},"author":2,"featured_media":425102,"comment_status":"","ping_status":"","sticky":false,"template":"","format":"standard","meta":{"footnotes":""},"categories":[2818],"tags":[1111,11,9626,1777,674,1011,27,14924,3354,4715,766,12,2636,4896,5491,55424,4233,25,6689,9134,9693],"class_list":{"0":"post-425101","1":"post","2":"type-post","3":"status-publish","4":"format-standard","5":"has-post-thumbnail","7":"category-nantes","8":"tag-actu","9":"tag-actualites","10":"tag-an","11":"tag-eu","12":"tag-europe","13":"tag-fr","14":"tag-france","15":"tag-immersion","16":"tag-jardin","17":"tag-nantais","18":"tag-nantes","19":"tag-news","20":"tag-pays-de-la-loire","21":"tag-plantes","22":"tag-plonge","23":"tag-rault","24":"tag-realisateur","25":"tag-republique-francaise","26":"tag-roche","27":"tag-thomas","28":"tag-yon"},"share_on_mastodon":{"url":"https:\/\/pubeurope.com\/@fr\/115285336436569803","error":""},"_links":{"self":[{"href":"https:\/\/www.europesays.com\/fr\/wp-json\/wp\/v2\/posts\/425101","targetHints":{"allow":["GET"]}}],"collection":[{"href":"https:\/\/www.europesays.com\/fr\/wp-json\/wp\/v2\/posts"}],"about":[{"href":"https:\/\/www.europesays.com\/fr\/wp-json\/wp\/v2\/types\/post"}],"author":[{"embeddable":true,"href":"https:\/\/www.europesays.com\/fr\/wp-json\/wp\/v2\/users\/2"}],"replies":[{"embeddable":true,"href":"https:\/\/www.europesays.com\/fr\/wp-json\/wp\/v2\/comments?post=425101"}],"version-history":[{"count":0,"href":"https:\/\/www.europesays.com\/fr\/wp-json\/wp\/v2\/posts\/425101\/revisions"}],"wp:featuredmedia":[{"embeddable":true,"href":"https:\/\/www.europesays.com\/fr\/wp-json\/wp\/v2\/media\/425102"}],"wp:attachment":[{"href":"https:\/\/www.europesays.com\/fr\/wp-json\/wp\/v2\/media?parent=425101"}],"wp:term":[{"taxonomy":"category","embeddable":true,"href":"https:\/\/www.europesays.com\/fr\/wp-json\/wp\/v2\/categories?post=425101"},{"taxonomy":"post_tag","embeddable":true,"href":"https:\/\/www.europesays.com\/fr\/wp-json\/wp\/v2\/tags?post=425101"}],"curies":[{"name":"wp","href":"https:\/\/api.w.org\/{rel}","templated":true}]}}