{"id":425105,"date":"2025-09-29T02:58:20","date_gmt":"2025-09-29T02:58:20","guid":{"rendered":"https:\/\/www.europesays.com\/fr\/425105\/"},"modified":"2025-09-29T02:58:20","modified_gmt":"2025-09-29T02:58:20","slug":"niort-a-lutte-sans-reussite-contre-bordeaux","status":"publish","type":"post","link":"https:\/\/www.europesays.com\/fr\/425105\/","title":{"rendered":"Niort a lutt\u00e9 sans r\u00e9ussite contre Bordeaux"},"content":{"rendered":"<p><strong>Niort\u00a0&#8211; Bordeaux\u00a0: 0-3<\/strong><\/p>\n<p>Les noms inscrits sur la feuille de match ne laissaient pas de doute. L\u2019\u00e9quipe de Niort faisait bien sa rentr\u00e9e avec un effectif largement nouveau. Parmi les six titulaires, seules trois d\u2019entre elles (Dollat, Minkala, Samson) \u00e9taient d\u00e9j\u00e0 pr\u00e9sentes la saison derni\u00e8re, plut\u00f4t comme rempla\u00e7antes, hormis l\u2019exp\u00e9riment\u00e9e Samson&#8230;. <\/p>\n<p>    Cet article a \u00e9t\u00e9 tronqu\u00e9. Abonnez-vous pour lire l&rsquo;article complet sur notre site.<\/p>\n<p style=\"margin: 0 !important; padding: 0 !important; font-size: 12px !important;\">Cet article a \u00e9t\u00e9 tronqu\u00e9. Abonnez-vous pour lire l&rsquo;article complet.<\/p>\n<p>    <a href=\"https:\/\/www.lanouvellerepublique.fr\/abonnements\" style=\"display: inline-block; margin-top: 5px !important; padding: 6px 12px !important; background: #cb1c27; color: white; text-decoration: none; border-radius: 4px; font-size: 12px !important;\" target=\"_blank\" rel=\"noopener\"><br \/>\n      S&rsquo;abonner<br \/>\n    <\/a><\/p>\n","protected":false},"excerpt":{"rendered":"Niort\u00a0&#8211; Bordeaux\u00a0: 0-3 Les noms inscrits sur la feuille de match ne laissaient pas de doute. L\u2019\u00e9quipe de&hellip;\n","protected":false},"author":2,"featured_media":425106,"comment_status":"","ping_status":"","sticky":false,"template":"","format":"standard","meta":{"footnotes":""},"categories":[2817],"tags":[1392,1111,11,1997,2545,1777,674,1011,27,9915,12,6752,2219,25,60,1470],"class_list":{"0":"post-425105","1":"post","2":"type-post","3":"status-publish","4":"format-standard","5":"has-post-thumbnail","7":"category-bordeaux","8":"tag-a-la-une-local","9":"tag-actu","10":"tag-actualites","11":"tag-bordeaux","12":"tag-deux-sevres","13":"tag-eu","14":"tag-europe","15":"tag-fr","16":"tag-france","17":"tag-nationaux-volley","18":"tag-news","19":"tag-niort","20":"tag-nouvelle-aquitaine","21":"tag-republique-francaise","22":"tag-sports","23":"tag-volley"},"share_on_mastodon":{"url":"https:\/\/pubeurope.com\/@fr\/115285348150349871","error":""},"_links":{"self":[{"href":"https:\/\/www.europesays.com\/fr\/wp-json\/wp\/v2\/posts\/425105","targetHints":{"allow":["GET"]}}],"collection":[{"href":"https:\/\/www.europesays.com\/fr\/wp-json\/wp\/v2\/posts"}],"about":[{"href":"https:\/\/www.europesays.com\/fr\/wp-json\/wp\/v2\/types\/post"}],"author":[{"embeddable":true,"href":"https:\/\/www.europesays.com\/fr\/wp-json\/wp\/v2\/users\/2"}],"replies":[{"embeddable":true,"href":"https:\/\/www.europesays.com\/fr\/wp-json\/wp\/v2\/comments?post=425105"}],"version-history":[{"count":0,"href":"https:\/\/www.europesays.com\/fr\/wp-json\/wp\/v2\/posts\/425105\/revisions"}],"wp:featuredmedia":[{"embeddable":true,"href":"https:\/\/www.europesays.com\/fr\/wp-json\/wp\/v2\/media\/425106"}],"wp:attachment":[{"href":"https:\/\/www.europesays.com\/fr\/wp-json\/wp\/v2\/media?parent=425105"}],"wp:term":[{"taxonomy":"category","embeddable":true,"href":"https:\/\/www.europesays.com\/fr\/wp-json\/wp\/v2\/categories?post=425105"},{"taxonomy":"post_tag","embeddable":true,"href":"https:\/\/www.europesays.com\/fr\/wp-json\/wp\/v2\/tags?post=425105"}],"curies":[{"name":"wp","href":"https:\/\/api.w.org\/{rel}","templated":true}]}}