{"id":425113,"date":"2025-09-29T03:03:16","date_gmt":"2025-09-29T03:03:16","guid":{"rendered":"https:\/\/www.europesays.com\/fr\/425113\/"},"modified":"2025-09-29T03:03:16","modified_gmt":"2025-09-29T03:03:16","slug":"violent-incendie-a-marseille-un-feu-se-declare-aux-grandes-halles-du-vieux-port-en-plein-service","status":"publish","type":"post","link":"https:\/\/www.europesays.com\/fr\/425113\/","title":{"rendered":"Violent incendie \u00e0 Marseille. Un feu se d\u00e9clare aux Grandes halles du Vieux-Port en plein service"},"content":{"rendered":"<p>            Par<br \/>\n        <strong><br \/>\n            <a href=\"https:\/\/actu.fr\/auteur\/fabien-binacchi\" title=\"Consulter tous les articles de Fabien Binacchi\" target=\"_blank\" rel=\"noopener\">Fabien Binacchi<\/a><br \/>\n        <\/strong><\/p>\n<p>        Publi\u00e9 le<\/p>\n<p>            27 sept. 2025 \u00e0 0h00<br \/>\n        ; mis \u00e0 jour le 27 sept. 2025 \u00e0 18h30    <\/p>\n<p>Mise \u00e0 jour le samedi 27\u00a0septembre 2025 \u00e0 18h30\u2009: Les Grandes Halles du Vieux-Port de Marseille rouvrent finalement d\u00e8s ce samedi soir 19h, apprend-on aupr\u00e8s de la direction. Le lieu a obtenu l\u2019aval des autorit\u00e9s pour accueillir le public en toute s\u00e9curit\u00e9, certains espaces restant inaccessibles pour le moment.<\/p>\n<p class=\" wall-content\">Un violent incendie s\u2019est d\u00e9clar\u00e9 dans une des cuisines des Grandes halles du <a href=\"https:\/\/actu.fr\/tag\/vieux-port\" target=\"_blank\" rel=\"noopener\">Vieux-Port<\/a> de <a href=\"https:\/\/actu.fr\/marseille\/\" target=\"_blank\" rel=\"noopener\">Marseille<\/a>, ce vendredi 26\u00a0septembre 2025. <strong>Les clients, pr\u00e9sents en nombre dans ce complexe<\/strong> qui accueille plusieurs enseignes de restauration, ont \u00e9t\u00e9 \u00e9vacu\u00e9s.<\/p>\n<p>Au niveau d\u2019une hotte d\u2019aspiration<\/p>\n<p class=\" wall-content\">Les marins-pompiers ont \u00e9t\u00e9 pr\u00e9venus \u00e0 23h14.<\/p>\n<p class=\" wall-content\">Un feu a pris au niveau d\u2019une hotte d\u2019aspiration install\u00e9e dans un des restaurants des Grandes halles du Vieux-Port, sur le cours Estienne d\u2019Orves (1er arrondissement). Un important dispositif a \u00e9t\u00e9 d\u00e9ploy\u00e9\u2009: <strong>8 v\u00e9hicules et 25 soldats du feu<\/strong> sont sur place.<\/p>\n<p>    <a href=\"https:\/\/www.google.com\/maps\/embed?pb=!1m18!1m12!1m3!1d2741.423357981038!2d5.37075357579235!3d43.29294037565751!2m3!1f0!2f0!3f0!3m2!1i1024!2i768!4f13.1!3m3!1m2!1s0x12c9c1a5c6ff300d%3A0x4ca47fc5e67c3c88!2sLes%20Grandes%20Halles%20du%20Vieux-Port!5e1!3m2!1sfr!2sfr!4v1758925309887!5m2!1sfr!2sfr\" title=\"Ouvrie le lien\" target=\"_blank\" rel=\"noopener\">Cliquez ici pour visualiser le contenu<\/a><\/p>\n<p class=\" wall-content\">\u00ab\u2009L\u2019incendie est toujours en cours. Nos moyens sont engag\u00e9s\u2009\u00bb, a indiqu\u00e9 le bataillon des marins-pompiers de Marseille (BMPM) un peu avant minuit \u00e0 notre r\u00e9daction. <strong>\u00ab\u2009Il n\u2019y a pas de notion de bless\u00e9s \u00e0 ce stade\u2009\u00bb<\/strong>, a fait savoir le la m\u00eame source.<\/p>\n<p>300\u00a0personnes \u00e9vacu\u00e9es<\/p>\n<p class=\" wall-content\">Le lieu, <a href=\"https:\/\/actu.fr\/provence-alpes-cote-d-azur\/marseille_13055\/marseille-les-halles-du-vieux-port-annoncent-de-grandes-nouveautes-des-commerces-arrivent_62929030.html\" target=\"_blank\" rel=\"noopener\">qui a f\u00eat\u00e9 cet \u00e9t\u00e9 ses trois ans d\u2019existence,<\/a> accueille 14 espaces de restauration diff\u00e9rents sur plus de 2000m2. Il dispose d\u2019<strong>une terrasse de 600 places<\/strong> et accueille <strong>jusqu\u2019\u00e0 1000 clients par jour.<\/strong> Selon le BMPM, 300\u00a0personnes ont \u00e9t\u00e9 \u00e9vacu\u00e9es.<\/p>\n<p class=\" wall-content\">Des forces de l\u2019ordre, mais aussi <strong>des \u00e9quipes de GRDF<\/strong> sont \u00e9galement sur les lieux.<\/p>\n<p>Votre r\u00e9gion, votre actu !<\/p>\n<p>Recevez chaque jour les infos qui comptent pour vous.<\/p>\n<p>\t<a href=\"https:\/\/actu.fr\/newsletter\" class=\"ac-btn ac-btn--corner ac-btn--medium ac-btn--blue800\" target=\"_blank\" rel=\"noopener\">S&rsquo;incrire<\/a><\/p>\n<p class=\" wall-content\">\u00c0 l\u2019int\u00e9rieur, les d\u00e9g\u00e2ts sont consid\u00e9rables.<\/p>\n<p class=\" wall-content\">Personnalisez votre actualit\u00e9 en ajoutant vos villes et m\u00e9dias en favori avec <a href=\"https:\/\/moncompte.actu.fr\" title=\"D\u00e9couvez Mon Actu\" rel=\"nofollow noopener\" data-trk=\"{&quot;cta&quot;:{&quot;action&quot;:&quot;https:\\\/\\\/moncompte.actu.fr&quot;,&quot;category&quot;:&quot;mon compte&quot;,&quot;from&quot;:&quot;article footer&quot;,&quot;name&quot;:&quot;Mon actu&quot;,&quot;type&quot;:&quot;cta&quot;}}\" target=\"_blank\">Mon Actu<\/a>.<\/p>\n","protected":false},"excerpt":{"rendered":"Par Fabien Binacchi Publi\u00e9 le 27 sept. 2025 \u00e0 0h00 ; mis \u00e0 jour le 27 sept. 2025&hellip;\n","protected":false},"author":2,"featured_media":425114,"comment_status":"","ping_status":"","sticky":false,"template":"","format":"standard","meta":{"footnotes":""},"categories":[2814],"tags":[1111,11,1777,674,118,1011,27,1310,17289,884,12,882,25],"class_list":{"0":"post-425113","1":"post","2":"type-post","3":"status-publish","4":"format-standard","5":"has-post-thumbnail","7":"category-marseille","8":"tag-actu","9":"tag-actualites","10":"tag-eu","11":"tag-europe","12":"tag-faits-divers","13":"tag-fr","14":"tag-france","15":"tag-incendie","16":"tag-marin-pompier","17":"tag-marseille","18":"tag-news","19":"tag-provence-alpes-cote-dazur","20":"tag-republique-francaise"},"share_on_mastodon":{"url":"https:\/\/pubeurope.com\/@fr\/115285367400918124","error":""},"_links":{"self":[{"href":"https:\/\/www.europesays.com\/fr\/wp-json\/wp\/v2\/posts\/425113","targetHints":{"allow":["GET"]}}],"collection":[{"href":"https:\/\/www.europesays.com\/fr\/wp-json\/wp\/v2\/posts"}],"about":[{"href":"https:\/\/www.europesays.com\/fr\/wp-json\/wp\/v2\/types\/post"}],"author":[{"embeddable":true,"href":"https:\/\/www.europesays.com\/fr\/wp-json\/wp\/v2\/users\/2"}],"replies":[{"embeddable":true,"href":"https:\/\/www.europesays.com\/fr\/wp-json\/wp\/v2\/comments?post=425113"}],"version-history":[{"count":0,"href":"https:\/\/www.europesays.com\/fr\/wp-json\/wp\/v2\/posts\/425113\/revisions"}],"wp:featuredmedia":[{"embeddable":true,"href":"https:\/\/www.europesays.com\/fr\/wp-json\/wp\/v2\/media\/425114"}],"wp:attachment":[{"href":"https:\/\/www.europesays.com\/fr\/wp-json\/wp\/v2\/media?parent=425113"}],"wp:term":[{"taxonomy":"category","embeddable":true,"href":"https:\/\/www.europesays.com\/fr\/wp-json\/wp\/v2\/categories?post=425113"},{"taxonomy":"post_tag","embeddable":true,"href":"https:\/\/www.europesays.com\/fr\/wp-json\/wp\/v2\/tags?post=425113"}],"curies":[{"name":"wp","href":"https:\/\/api.w.org\/{rel}","templated":true}]}}