{"id":425119,"date":"2025-09-29T03:06:39","date_gmt":"2025-09-29T03:06:39","guid":{"rendered":"https:\/\/www.europesays.com\/fr\/425119\/"},"modified":"2025-09-29T03:06:39","modified_gmt":"2025-09-29T03:06:39","slug":"on-a-un-vrai-probleme-de-fond-avec-larbitrage-en-france-lenorme-coup-de-gueule-de-letang","status":"publish","type":"post","link":"https:\/\/www.europesays.com\/fr\/425119\/","title":{"rendered":"\u00abOn a un vrai probl\u00e8me de fond avec l\u2019arbitrage en France\u00bb, l\u2019\u00e9norme coup de gueule de L\u00e9tang"},"content":{"rendered":"<p>Le pr\u00e9sident du Losc a tir\u00e9 \u00e0 boulets rouges sur l\u2019arbitrage apr\u00e8s la d\u00e9faite des Dogues face \u00e0 Lyon ce dimanche, \u00e0 Lille.<\/p>\n<p class=\"fig-paragraph\">Grosse col\u00e8re. Apr\u00e8s un match pour le moins tendu, marqu\u00e9 par l\u2019expulsion de Bruno G\u00e9n\u00e9sio,\u00a0<a href=\"http:\/\/www.lefigaro.fr\/sports\/football\/ligue-1\/ligue-1-lyon-couche-lille-dans-un-match-tendu-et-rejoint-le-psg-en-tete-20250928\" data-fig-type=\"NewsFlash\" data-gtm-custom-categorie=\"navigation\" data-gtm-custom-action=\"crossclick\" data-gtm-custom-label=\"Contextuel\" data-gtm-event=\"customEventSPE\" data-fig-domain=\"LEFIGARO\" target=\"_blank\" rel=\"noopener\">le Losc s\u2019est inclin\u00e9 face \u00e0 Lyon (0-1)<\/a>\u00a0ce dimanche, lors de\u00a0<a href=\"https:\/\/www.lefigaro.fr\/sports\/football\/ligue-1\/calendrier-resultats\" target=\"_blank\" rel=\"sponsored noopener\" data-gtm-custom-categorie=\"navigation\" data-gtm-custom-action=\"crossclick\" data-gtm-custom-label=\"Contextuel\" data-gtm-event=\"customEventSPE\">la sixi\u00e8me journ\u00e9e de Ligue 1<\/a>. Mais ce n\u2019est pas la d\u00e9faite qui a courrouc\u00e9 le pr\u00e9sident des Dogues, Olivier L\u00e9tang. \u00abIl n\u2019y a pas grand-chose \u00e0 reprocher \u00e0 nos joueurs, ils ont fait un tr\u00e8s bon match\u00bb, a-t-il dit sur beIN SPORTS, regrettant toutefois le manque d\u2019efficacit\u00e9 lillois. \u00abSi on rejoue ce match dix fois, on le gagne neuf fois, le foot est cruel, c\u2019est dur, c\u2019est imm\u00e9rit\u00e9\u00bb, jure-t-il.<\/p>\n<p class=\"fig-paragraph\">Et de poursuivre\u00a0: \u00abJe suis tr\u00e8s content du contenu. Si continue avec cette abn\u00e9gation, cette volont\u00e9, on va gagner beaucoup de matchs. Grosse d\u00e9ception mais on est dans le vrai\u00bb. Les arbitres, un peu moins, si vous demandez son avis \u00e0 Olivier L\u00e9tang, qui a sorti la sulfateuse.<\/p>\n<blockquote class=\"fig-quote&#10;    \">\n<p class=\"fig-quote__text\">On a des gens \u00e0 la t\u00eate (de l\u2019arbitrage) qui n\u2019ont pas les comp\u00e9tences pour pouvoir piloter ce dont on a besoin.<\/p>\n<p>            Olivier L\u00e9tang\n    <\/p><\/blockquote>\n<p>                                    <a class=\"fig-a11y-skip a11y-hidden\" href=\"#fig-a11y-skip-main-inarticle\"><br \/>\n        Passer la publicit\u00e9<br \/>\n    <\/a><\/p>\n<p class=\"fig-paragraph\">\u00abOn a un vrai probl\u00e8me de fond avec l\u2019arbitrage en France\u00bb, a d\u2019abord tonn\u00e9 le pr\u00e9sident lillois. \u00abOn ne peut pas avoir des soir\u00e9es comme celle-ci, ce n\u2019est pas possible. Je n\u2019ai pas envie simplement de parler de nous. Tous les week-ends, sur quasiment tous les matchs, il y a des probl\u00e8mes. Il n\u2019y a pas d\u2019\u00e9change ni de contradictoire. On a des gens \u00e0 la t\u00eate (de l\u2019arbitrage) qui n\u2019ont pas les comp\u00e9tences pour piloter ce dont on a besoin. On nous demande de mettre des cam\u00e9ras dans le vestiaire mais si sur le terrain, la qualit\u00e9 du spectacle n\u2019est pas au rendez-vous&#8230;\u00bb, mart\u00e8le l\u2019ancien directeur sportif du PSG.<\/p>\n<p class=\"fig-paragraph\">Olivier L\u00e9tang a notamment cit\u00e9 le d\u00e9sormais fameux \u00ab\u00e7a glisse\u00bb prof\u00e9r\u00e9 de mani\u00e8re inexplicable par St\u00e9phanie Frappart lors du r\u00e9cent Rennes-OL, lorsqu\u2019elle \u00e9tait \u00e0 la Var. \u00abIl s\u2019est aussi pass\u00e9 des choses la semaine derni\u00e8re. Nous, on a eu beaucoup de situations litigieuses. D\u2019autres clubs aussi, tous les week-ends. On a un vrai probl\u00e8me de fond qu\u2019il faut r\u00e9gler\u00bb, a-t-il d\u00e9taill\u00e9.<\/p>\n<p>Micka\u00ebl Landreau \u00e9pingl\u00e9<\/p>\n<p class=\"fig-paragraph\">Notre confr\u00e8re de beIN a vu une pique adress\u00e9e au conseiller sportif des arbitres, l\u2019ancien gardien international tricolore Micka\u00ebl Landreau, pass\u00e9 par le Losc durant sa carri\u00e8re de gardien de but. \u00abNon, mais effectivement, on se demande tous ce qu\u2019il fait \u00e0 la F\u00e9d\u00e9ration, car il n\u2019y a aucun \u00e9change avec les clubs. On ne sait pas. Ce n\u2019est pas une pique personnelle. Il n\u2019y a rien de personnel. Je suis triste pour le football fran\u00e7ais\u00bb, a-t-il expliqu\u00e9, assurant qu\u2019il y a eu \u00abune tonne de d\u00e9cisions qui ne sont pas les bonnes des deux c\u00f4t\u00e9s\u00bb.<\/p>\n<p class=\"fig-paragraph\">En guise de conclusion, Olivier L\u00e9tang a insist\u00e9 sur le fait qu\u2019il n\u2019y a \u00abaucune volont\u00e9 de parler de quelqu\u2019un individuellement. Ce qui m\u2019int\u00e9resse, c\u2019est le football fran\u00e7ais et comment on sort pour que tous les week-ends, on n\u2019ait plus tout un tas de pol\u00e9miques et de d\u00e9cisions qui sont plus que litigieuses\u00bb. Des propos qui ne vont pas plaire \u00e0 tout le monde, c\u2019est s\u00fbr, et qui devraient valoir une sanction au dirigeant lillois de la Commission de discipline\u2026<\/p>\n","protected":false},"excerpt":{"rendered":"Le pr\u00e9sident du Losc a tir\u00e9 \u00e0 boulets rouges sur l\u2019arbitrage apr\u00e8s la d\u00e9faite des Dogues face \u00e0&hellip;\n","protected":false},"author":2,"featured_media":425120,"comment_status":"","ping_status":"","sticky":false,"template":"","format":"standard","meta":{"footnotes":""},"categories":[1889],"tags":[1111,11,2430,1777,674,1011,27,2267,2428,12,978,25],"class_list":{"0":"post-425119","1":"post","2":"type-post","3":"status-publish","4":"format-standard","5":"has-post-thumbnail","7":"category-lyon","8":"tag-actu","9":"tag-actualites","10":"tag-auvergne-rhone-alpes","11":"tag-eu","12":"tag-europe","13":"tag-fr","14":"tag-france","15":"tag-losc","16":"tag-lyon","17":"tag-news","18":"tag-olympique-lyonnais","19":"tag-republique-francaise"},"share_on_mastodon":{"url":"https:\/\/pubeurope.com\/@fr\/115285379203774474","error":""},"_links":{"self":[{"href":"https:\/\/www.europesays.com\/fr\/wp-json\/wp\/v2\/posts\/425119","targetHints":{"allow":["GET"]}}],"collection":[{"href":"https:\/\/www.europesays.com\/fr\/wp-json\/wp\/v2\/posts"}],"about":[{"href":"https:\/\/www.europesays.com\/fr\/wp-json\/wp\/v2\/types\/post"}],"author":[{"embeddable":true,"href":"https:\/\/www.europesays.com\/fr\/wp-json\/wp\/v2\/users\/2"}],"replies":[{"embeddable":true,"href":"https:\/\/www.europesays.com\/fr\/wp-json\/wp\/v2\/comments?post=425119"}],"version-history":[{"count":0,"href":"https:\/\/www.europesays.com\/fr\/wp-json\/wp\/v2\/posts\/425119\/revisions"}],"wp:featuredmedia":[{"embeddable":true,"href":"https:\/\/www.europesays.com\/fr\/wp-json\/wp\/v2\/media\/425120"}],"wp:attachment":[{"href":"https:\/\/www.europesays.com\/fr\/wp-json\/wp\/v2\/media?parent=425119"}],"wp:term":[{"taxonomy":"category","embeddable":true,"href":"https:\/\/www.europesays.com\/fr\/wp-json\/wp\/v2\/categories?post=425119"},{"taxonomy":"post_tag","embeddable":true,"href":"https:\/\/www.europesays.com\/fr\/wp-json\/wp\/v2\/tags?post=425119"}],"curies":[{"name":"wp","href":"https:\/\/api.w.org\/{rel}","templated":true}]}}