{"id":425123,"date":"2025-09-29T03:11:23","date_gmt":"2025-09-29T03:11:23","guid":{"rendered":"https:\/\/www.europesays.com\/fr\/425123\/"},"modified":"2025-09-29T03:11:23","modified_gmt":"2025-09-29T03:11:23","slug":"michel-barnier-elu-depute-de-paris-va-retrouver-lassemblee-dix-mois-apres-lavoir-quittee-sur-une-censure","status":"publish","type":"post","link":"https:\/\/www.europesays.com\/fr\/425123\/","title":{"rendered":"Michel Barnier \u00e9lu d\u00e9put\u00e9 de Paris va retrouver l\u2019Assembl\u00e9e dix mois apr\u00e8s l\u2019avoir quitt\u00e9e sur une censure"},"content":{"rendered":"<p><img alt=\"Michel Barnier, ici en octobre 2024, redevient d\u00e9put\u00e9 apr\u00e8s sa victoire dans la l\u00e9gislative partielle de la 2e circonscription de Paris.\" loading=\"lazy\" width=\"960\" height=\"639\" decoding=\"async\" data-nimg=\"1\" class=\"rounded-lg\" style=\"color:transparent\" src=\"https:\/\/www.europesays.com\/fr\/wp-content\/uploads\/2025\/09\/6e27136cb9ec9f27664ffcbc35710961.jpeg\"\/><\/p>\n<p>VALERY HACHE \/ AFP Michel Barnier, ici en octobre 2024, redevient d\u00e9put\u00e9 apr\u00e8s sa victoire dans la l\u00e9gislative partielle de la 2e circonscription de Paris.<\/p>\n<p class=\"mb-4 text-lg md:leading-8 break-words\">ASSEMBLEE &#8211; Un an apr\u00e8s, il va faire son retour au Palais Bourbon. Mais pas exactement comme ce 1er octobre, quand il montait \u00e0 la tribune pour prononcer sa d\u00e9claration de politique g\u00e9n\u00e9rale. <a data-i13n=\"cpos:1;pos:1\" href=\"https:\/\/fr.news.yahoo.com\/l%C3%A9gislative-partielle-%C3%A0-paris-cache-054509903.html\" data-ylk=\"slk:Michel Barnier;cpos:1;pos:1;elm:context_link;itc:0;sec:content-canvas;outcm:mb_qualified_link;_E:mb_qualified_link;ct:story;\" class=\"link  yahoo-link\" target=\"_blank\" rel=\"noopener\">Michel Barnier<\/a> \u00e9tait alors chef du gouvernement depuis moins d\u2019un mois et ne savait pas encore qu\u2019il deviendra quelques semaines plus tard le <a data-i13n=\"cpos:2;pos:1\" href=\"https:\/\/fr.news.yahoo.com\/apr%C3%A8s-vote-censure-retiendra-t-202346337.html\" data-ylk=\"slk:Premier ministre le plus \u00e9ph\u00e9m\u00e8re;cpos:2;pos:1;elm:context_link;itc:0;sec:content-canvas;outcm:mb_qualified_link;_E:mb_qualified_link;ct:story;\" class=\"link  yahoo-link\" target=\"_blank\" rel=\"noopener\">Premier ministre le plus \u00e9ph\u00e9m\u00e8re<\/a> de la Ve R\u00e9publique.<\/p>\n<p class=\"mb-4 text-lg md:leading-8 break-words\">\u00c0 74 ans, il redevient d\u00e9put\u00e9 apr\u00e8s sa victoire ce dimanche 28 septembre dans l\u2019\u00e9lection l\u00e9gislative partielle organis\u00e9e dans <a data-i13n=\"cpos:3;pos:1\" href=\"https:\/\/fr.news.yahoo.com\/l%C3%A9gislative-partielle-%C3%A0-paris-michel-211208391.html\" data-ylk=\"slk:la deuxi\u00e8me circonscription de Paris;cpos:3;pos:1;elm:context_link;itc:0;sec:content-canvas;outcm:mb_qualified_link;_E:mb_qualified_link;ct:story;\" class=\"link  yahoo-link\" target=\"_blank\" rel=\"noopener\">la deuxi\u00e8me circonscription de Paris<\/a>. L\u2019ancien locataire de Matignon a revendiqu\u00e9 dans la soir\u00e9e \u00ab plus de 62 % des voix \u00bb contre moins de 38 % pour Fr\u00e9d\u00e9rique Bredin, la candidate de gauche. Soutenu par tout le bloc central, il devient le premier d\u00e9put\u00e9 de Paris Les R\u00e9publicains depuis 2022. Et retrouve un h\u00e9micycle qu\u2019il avait quitt\u00e9 en 1993.<\/p>\n<p class=\"mb-4 text-lg md:leading-8 break-words\">Avaient suivis de nombreux postes minist\u00e9riels (Environnement, Affaires \u00e9trang\u00e8res, Agriculture), un mandat de s\u00e9nateur de Savoie (d\u00e9partement o\u00f9 il a \u00e9t\u00e9 \u00e9lu pour la premi\u00e8re fois en 1973) et plusieurs responsabilit\u00e9s europ\u00e9ennes (commissaire puis n\u00e9gociateur du Brexit). En 2021, il avait fait son retour sur la sc\u00e8ne politique fran\u00e7aise en \u00e9tant candidat \u00e0 la primaire LR pour la pr\u00e9sidentielle. Et c\u2019est \u00e0 lui qu\u2019Emmanuel Macron avait fait appel apr\u00e8s la dissolution de juin 2024 pour tenter de donner un Budget \u00e0 la France.<\/p>\n<p>Retour \u00e0 l\u2019Assembl\u00e9e avec vue sur 2027<\/p>\n<p class=\"mb-4 text-lg md:leading-8 break-words\">Mais en d\u00e9cembre dernier, il avait subi <a data-i13n=\"cpos:4;pos:1\" href=\"https:\/\/fr.news.yahoo.com\/censure-michel-barnier-%C3%A9tait-in%C3%A9vitable-195510930.html\" data-ylk=\"slk:une motion de censure adopt\u00e9e;cpos:4;pos:1;elm:context_link;itc:0;sec:content-canvas;outcm:mb_qualified_link;_E:mb_qualified_link;ct:story;\" class=\"link  yahoo-link\" target=\"_blank\" rel=\"noopener\">une motion de censure adopt\u00e9e<\/a> par toutes les oppositions. \u00ab Les Fran\u00e7ais que je croise estiment que j\u2019ai \u00e9t\u00e9 digne. J\u2019ai dit la v\u00e9rit\u00e9, notamment sur la situation budg\u00e9taire \u00bb, d\u00e9fendait-il en juin \u00e0 <a data-i13n=\"cpos:5;pos:1\" href=\"https:\/\/www.ouest-france.fr\/politique\/michel-barnier\/entretien-michel-barnier-je-vois-mal-comment-on-va-pouvoir-tenir-encore-deux-ans-871f2894-4317-11f0-b321-9f4333574570\" rel=\"nofollow noopener\" target=\"_blank\" data-ylk=\"slk:Ouest-France;cpos:5;pos:1;elm:context_link;itc:0;sec:content-canvas\" class=\"link \">Ouest-France<\/a>. Au point de vouloir donc replonger au Parlement, ce qu\u2019il s\u2019appr\u00eate \u00e0 faire \u00e0 l\u2019issue d\u2019une campagne qui a bien failli faire exploser la droite parisienne.<\/p>\n<p class=\"mb-4 text-lg md:leading-8 break-words\">Il a fallu un engagement ferme de sa part \u00e0 ne pas \u00eatre candidat aux municipales (et <a data-i13n=\"cpos:6;pos:1\" href=\"https:\/\/fr.news.yahoo.com\/rachida-dati-michel-barnier-trouvent-181606976.html\" data-ylk=\"slk:un engagement encore plus clair des R\u00e9publicains;cpos:6;pos:1;elm:context_link;itc:0;sec:content-canvas;outcm:mb_qualified_link;_E:mb_qualified_link;ct:story;\" class=\"link  yahoo-link\" target=\"_blank\" rel=\"noopener\">un engagement encore plus clair des R\u00e9publicains<\/a> \u00e0 soutenir Rachida Dati) <a data-i13n=\"cpos:7;pos:1\" href=\"https:\/\/fr.news.yahoo.com\/rachida-dati-michel-barnier-l-195512951.html\" data-ylk=\"slk:pour \u00e9viter une guerre fratricide;cpos:7;pos:1;elm:context_link;itc:0;sec:content-canvas;outcm:mb_qualified_link;_E:mb_qualified_link;ct:story;\" class=\"link  yahoo-link\" target=\"_blank\" rel=\"noopener\">pour \u00e9viter une guerre fratricide<\/a>. Si son regard n\u2019est pas tourn\u00e9 vers 2026, il ne ferme pas la porte \u00e0 l\u2019\u00e9ch\u00e9ance pr\u00e9sidentielle pr\u00e9vue un an plus tard. Il dit vouloir participer aux d\u00e9bats sans \u00ab personnaliser \u00bb les choses, et n\u2019exclut rien, pas m\u00eame son \u00ab destin \u00bb. \u00ab On a tous une part de destin. Nous verrons bien quelles seront les circonstances qui feront qu\u2019on aura besoin de moi \u00bb, sugg\u00e9rait-il encore au <a data-i13n=\"cpos:8;pos:1\" href=\"https:\/\/www.lepoint.fr\/politique\/michel-barnier-et-la-presidentielle-de-2027-je-reste-pret-a-servir-mon-pays-02-06-2025-2591090_20.php\" rel=\"nofollow noopener\" target=\"_blank\" data-ylk=\"slk:Point;cpos:8;pos:1;elm:context_link;itc:0;sec:content-canvas\" class=\"link \">Point<\/a>\u00a0au mois de juin.<\/p>\n<p class=\"mb-4 text-lg md:leading-8 break-words\">Des ambitions qui trouveront sur leur chemin celles du pr\u00e9sident de son groupe de d\u00e9put\u00e9s, Laurent Wauquiez, et celles du pr\u00e9sident de son parti, Bruno Retailleau.<\/p>\n<p class=\"mb-4 text-lg md:leading-8 break-words\"><a data-i13n=\"cpos:9;pos:1\" href=\"https:\/\/fr.news.yahoo.com\/municipales-2026-%C3%A0-paris-candidature-051621084.html\" data-ylk=\"slk:Municipales 2026 : \u00e0 Paris, la candidature de Sophia Chikirou relance la bataille des gauches;cpos:9;pos:1;elm:context_link;itc:0;sec:content-canvas;outcm:mb_qualified_link;_E:mb_qualified_link;ct:story;\" class=\"link  yahoo-link\" target=\"_blank\" rel=\"noopener\">Municipales 2026 : \u00e0 Paris, la candidature de Sophia Chikirou relance la bataille des gauches <\/a><\/p>\n<p class=\"mb-4 text-lg md:leading-8 break-words\"><a data-i13n=\"cpos:10;pos:1\" href=\"https:\/\/fr.news.yahoo.com\/premier-discours-fran%C3%A7ois-bayrou-apr%C3%A8s-135326062.html\" data-ylk=\"slk:Dans le premier discours de Fran\u00e7ois Bayrou apr\u00e8s sa chute, il y avait un grand absent;cpos:10;pos:1;elm:context_link;itc:0;sec:content-canvas;outcm:mb_qualified_link;_E:mb_qualified_link;ct:story;\" class=\"link  yahoo-link\" target=\"_blank\" rel=\"noopener\">Dans le premier discours de Fran\u00e7ois Bayrou apr\u00e8s sa chute, il y avait un grand absent <\/a><\/p>\n","protected":false},"excerpt":{"rendered":"VALERY HACHE \/ AFP Michel Barnier, ici en octobre 2024, redevient d\u00e9put\u00e9 apr\u00e8s sa victoire dans la l\u00e9gislative&hellip;\n","protected":false},"author":2,"featured_media":425124,"comment_status":"","ping_status":"","sticky":false,"template":"","format":"standard","meta":{"footnotes":""},"categories":[1888],"tags":[1111,1928,11,1927,35719,422,1777,674,1011,27,27636,26542,12,1926,55402,626,1925,25],"class_list":{"0":"post-425123","1":"post","2":"type-post","3":"status-publish","4":"format-standard","5":"has-post-thumbnail","7":"category-paris","8":"tag-actu","9":"tag-actu-paris","10":"tag-actualites","11":"tag-actualites-paris","12":"tag-chef-du-gouvernement","13":"tag-depute","14":"tag-eu","15":"tag-europe","16":"tag-fr","17":"tag-france","18":"tag-michel-barnier","19":"tag-motion-de-censure","20":"tag-news","21":"tag-news-paris","22":"tag-palais-bourbon","23":"tag-paris","24":"tag-paris-news","25":"tag-republique-francaise"},"share_on_mastodon":{"url":"https:\/\/pubeurope.com\/@fr\/115285398960321781","error":""},"_links":{"self":[{"href":"https:\/\/www.europesays.com\/fr\/wp-json\/wp\/v2\/posts\/425123","targetHints":{"allow":["GET"]}}],"collection":[{"href":"https:\/\/www.europesays.com\/fr\/wp-json\/wp\/v2\/posts"}],"about":[{"href":"https:\/\/www.europesays.com\/fr\/wp-json\/wp\/v2\/types\/post"}],"author":[{"embeddable":true,"href":"https:\/\/www.europesays.com\/fr\/wp-json\/wp\/v2\/users\/2"}],"replies":[{"embeddable":true,"href":"https:\/\/www.europesays.com\/fr\/wp-json\/wp\/v2\/comments?post=425123"}],"version-history":[{"count":0,"href":"https:\/\/www.europesays.com\/fr\/wp-json\/wp\/v2\/posts\/425123\/revisions"}],"wp:featuredmedia":[{"embeddable":true,"href":"https:\/\/www.europesays.com\/fr\/wp-json\/wp\/v2\/media\/425124"}],"wp:attachment":[{"href":"https:\/\/www.europesays.com\/fr\/wp-json\/wp\/v2\/media?parent=425123"}],"wp:term":[{"taxonomy":"category","embeddable":true,"href":"https:\/\/www.europesays.com\/fr\/wp-json\/wp\/v2\/categories?post=425123"},{"taxonomy":"post_tag","embeddable":true,"href":"https:\/\/www.europesays.com\/fr\/wp-json\/wp\/v2\/tags?post=425123"}],"curies":[{"name":"wp","href":"https:\/\/api.w.org\/{rel}","templated":true}]}}