{"id":425133,"date":"2025-09-29T03:16:11","date_gmt":"2025-09-29T03:16:11","guid":{"rendered":"https:\/\/www.europesays.com\/fr\/425133\/"},"modified":"2025-09-29T03:16:11","modified_gmt":"2025-09-29T03:16:11","slug":"les-etats-unis-envisagent-des-missiles-tomahawk-contre-lukraine","status":"publish","type":"post","link":"https:\/\/www.europesays.com\/fr\/425133\/","title":{"rendered":"les \u00c9tats-Unis envisagent des missiles Tomahawk contre l&rsquo;Ukraine"},"content":{"rendered":"<p>ARTA &#8211; Les \u00c9tats-Unis examinent la demande de l\u2019Ukraine d\u2019obtenir un missile \u00e0 longue port\u00e9e Tomahawk dans ses efforts contre la Russie, a d\u00e9clar\u00e9 dimanche le vice-pr\u00e9sident JD Vance.<\/p>\n<p>du pr\u00e9sident ukrainien Volodymyr Zelensky a demand\u00e9 aux \u00c9tats-Unis de vendre des missiles Tomahawk aux pays europ\u00e9ens qui les enverraient en Ukraine.<\/p>\n<p>S\u2019exprimant lors de l\u2019\u00e9v\u00e9nement Fox News dimanche, le vice-pr\u00e9sident Vance a d\u00e9clar\u00e9 que le pr\u00e9sident Donald Trump prendrait une \u00ab d\u00e9cision finale \u00bb sur la question de l\u2019approbation de l\u2019accord.<\/p>\n<p>\u00ab Nous examinons bien s\u00fbr un certain nombre de demandes de pays europ\u00e9ens \u00bb, a d\u00e9clar\u00e9 le vice-pr\u00e9sident Vance, citant Reuters le 29 septembre.<\/p>\n<p>Vance a ajout\u00e9 que l\u2019invasion russe de l\u2019Ukraine s\u2019\u00e9tait arr\u00eat\u00e9e avec peu d\u2019avantages territoriaux r\u00e9cents.<\/p>\n<p>r\u00e9nal. \u00ab Nous voulons activement la paix depuis le d\u00e9but du gouvernement, mais la Russie doit se lever et accepter la r\u00e9alit\u00e9. Beaucoup de gens meurent. Ils n\u2019ont pas beaucoup de r\u00e9sultats \u00bb, a-t-il d\u00e9clar\u00e9.<\/p>\n<p>mes Tomahawk d\u2019une port\u00e9e de 2 500 km (1 550 miles) et constituera un actif pr\u00e9cieux pour l\u2019Ukraine contre une s\u00e9rie continue d\u2019attaques russes de missiles et de drones.<\/p>\n<p>re de telles armes seront presque certainement consid\u00e9r\u00e9es par la Russie comme une escalade de sa guerre en Ukraine.<\/p>\n<p>al, le pr\u00e9sident Trump avait rejet\u00e9 la demande de l\u2019Ukraine d\u2019utiliser des missiles \u00e0 longue port\u00e9e. Cependant, il \u00e9tait frustr\u00e9 par le refus du pr\u00e9sident russe Vladimir Poutine de parvenir \u00e0 un accord de paix.<\/p>\n<p>The English, Chinese, Japanese, Arabic, and French versions are automatically generated by the AI. So there may still be inaccuracies in translating, please always see Indonesian as our main language.<br \/>\n                                    (system supported by DigitalSiber.id)<\/p>\n","protected":false},"excerpt":{"rendered":"ARTA &#8211; Les \u00c9tats-Unis examinent la demande de l\u2019Ukraine d\u2019obtenir un missile \u00e0 longue port\u00e9e Tomahawk dans ses&hellip;\n","protected":false},"author":2,"featured_media":425134,"comment_status":"","ping_status":"","sticky":false,"template":"","format":"standard","meta":{"footnotes":""},"categories":[1589],"tags":[11,5436,73,1866,55425,12416,591,55426,55428,12,132,55427,23289,1864,1865,1863,308],"class_list":{"0":"post-425133","1":"post","2":"type-post","3":"status-publish","4":"format-standard","5":"has-post-thumbnail","7":"category-etats-unis","8":"tag-actualites","9":"tag-ar","10":"tag-etats-unis","11":"tag-etats-unis-damerique","12":"tag-guerre-internationale","13":"tag-guerre-russe-ukrainienne","14":"tag-jd-vance","15":"tag-les-syndicats-americains","16":"tag-missiles-tomahawk","17":"tag-news","18":"tag-russie","19":"tag-tomahawk","20":"tag-ukrainienne","21":"tag-united-states","22":"tag-united-states-of-america","23":"tag-us","24":"tag-usa"},"share_on_mastodon":{"url":"https:\/\/pubeurope.com\/@fr\/115285418541693148","error":""},"_links":{"self":[{"href":"https:\/\/www.europesays.com\/fr\/wp-json\/wp\/v2\/posts\/425133","targetHints":{"allow":["GET"]}}],"collection":[{"href":"https:\/\/www.europesays.com\/fr\/wp-json\/wp\/v2\/posts"}],"about":[{"href":"https:\/\/www.europesays.com\/fr\/wp-json\/wp\/v2\/types\/post"}],"author":[{"embeddable":true,"href":"https:\/\/www.europesays.com\/fr\/wp-json\/wp\/v2\/users\/2"}],"replies":[{"embeddable":true,"href":"https:\/\/www.europesays.com\/fr\/wp-json\/wp\/v2\/comments?post=425133"}],"version-history":[{"count":0,"href":"https:\/\/www.europesays.com\/fr\/wp-json\/wp\/v2\/posts\/425133\/revisions"}],"wp:featuredmedia":[{"embeddable":true,"href":"https:\/\/www.europesays.com\/fr\/wp-json\/wp\/v2\/media\/425134"}],"wp:attachment":[{"href":"https:\/\/www.europesays.com\/fr\/wp-json\/wp\/v2\/media?parent=425133"}],"wp:term":[{"taxonomy":"category","embeddable":true,"href":"https:\/\/www.europesays.com\/fr\/wp-json\/wp\/v2\/categories?post=425133"},{"taxonomy":"post_tag","embeddable":true,"href":"https:\/\/www.europesays.com\/fr\/wp-json\/wp\/v2\/tags?post=425133"}],"curies":[{"name":"wp","href":"https:\/\/api.w.org\/{rel}","templated":true}]}}