{"id":425137,"date":"2025-09-29T03:18:26","date_gmt":"2025-09-29T03:18:26","guid":{"rendered":"https:\/\/www.europesays.com\/fr\/425137\/"},"modified":"2025-09-29T03:18:26","modified_gmt":"2025-09-29T03:18:26","slug":"allemagne-lespion-chinois-presume-de-maximilian-krah-sur-le-banc-des-accuses","status":"publish","type":"post","link":"https:\/\/www.europesays.com\/fr\/425137\/","title":{"rendered":"Allemagne : l&rsquo;espion chinois pr\u00e9sum\u00e9 de Maximilian Krah sur le banc des accus\u00e9s"},"content":{"rendered":"<p>\n  Par&amp;nbsp<b>Euronews<\/b>\n<\/p>\n<p>\n                    Publi\u00e9 le                 05\/08\/2025 &#8211; 12:48 UTC+2<br \/>\n                \u2022Mis \u00e0 jour<br \/>\n                                     14:08\n                                        <\/p>\n<p>          <img decoding=\"async\" class=\"c-ad__placeholder__logo\" src=\"https:\/\/static.euronews.com\/website\/images\/logos\/logo-euronews-stacked-outlined-72x72-grey-9.svg\" width=\"72\" height=\"72\" alt=\"\" loading=\"lazy\"\/><br \/>\n          PUBLICIT\u00c9<\/p>\n<p>Un ancien collaborateur de l&rsquo;ancien eurod\u00e9put\u00e9 de l&rsquo;AfD Maximilian Krah doit r\u00e9pondre de ses actes devant la Cour d&rsquo;appel de Dresde. Il est accus\u00e9 d&rsquo;avoir travaill\u00e9 comme agent pour un service secret chinois. Il n&rsquo;est pas seul sur le banc des accus\u00e9s. A ses c\u00f4t\u00e9s : une complice pr\u00e9sum\u00e9e.<\/p>\n<p>Jian G. \u00e9tait assistant dans le bureau de d\u00e9put\u00e9 de Krah au Parlement europ\u00e9en. Selon Ankage, il a collect\u00e9 des informations et transmis des documents confidentiels aux services secrets chinois de septembre 2019 jusqu&rsquo;\u00e0 son arrestation.<\/p>\n<p>Plus de 500 documents sensibles du Parlement europ\u00e9en divulgu\u00e9s<\/p>\n<p>Jian G. aurait obtenu plus de 500 documents particuli\u00e8rement sensibles pour le Parlement europ\u00e9en. Il aurait en outre collect\u00e9 des informations personnelles sur les dirigeants de l&rsquo;AfD, <strong>notamment sur les chefs de parti Alice Weidel et Tino Chrupalla<\/strong>. En outre, Jian G. aurait espionn\u00e9 des dissidents chinois en apparaissant dans les m\u00e9dias sociaux comme un critique du gouvernement chinois.<\/p>\n<p>Peu apr\u00e8s son arrestation, le parquet f\u00e9d\u00e9ral avait fait perquisitionner les bureaux de Krah et de Juan G. au Parlement europ\u00e9en. Krah \u00e9tait membre du Parlement europ\u00e9en de 2019 \u00e0 2025. Le sujet est particuli\u00e8rement sensible, car Krah a \u00e9t\u00e9 membre des commissions des droits de l&rsquo;homme, de la s\u00e9curit\u00e9 et de la d\u00e9fense et du commerce international. Krah a \u00e9galement fait partie de la d\u00e9l\u00e9gation pour les relations avec les \u00c9tats-Unis. Depuis les \u00e9lections f\u00e9d\u00e9rales de f\u00e9vrier, il est d\u00e9put\u00e9 au Bundestag allemand.<\/p>\n<p>Qui est sa complice pr\u00e9sum\u00e9e ?<\/p>\n<p>Mais la collecte d&rsquo;informations pour les services secrets chinois, Gian J. ne l&rsquo;a probablement pas faite seul. Jaqi X. est accus\u00e9e d&rsquo;avoir collabor\u00e9 avec lui. Elle travaillait \u00e0 l&rsquo;a\u00e9roport de Leipzig\/Halle et \u00e9tait employ\u00e9e par une entreprise de services logistiques. Elle aurait ainsi transmis \u00e0 Jian G. des informations sur les passagers, les vols et le fret. En particulier, des informations sur des biens militaires et des personnes ayant des liens avec une entreprise d&rsquo;armement allemande. Jaqi X. est \u00e9galement soup\u00e7onn\u00e9e d&rsquo;\u00eatre un agent des services secrets chinois.<\/p>\n<p>La Chine rejette les accusations<\/p>\n<p>La Chine rejette toutes les accusations. Le pays invoque des th\u00e9ories du complot et affirme que les accusations sont invent\u00e9es de toutes pi\u00e8ces. Pour le proc\u00e8s, le S\u00e9nat de protection de l&rsquo;Etat a fix\u00e9 treize dates d&rsquo;audience jusqu&rsquo;\u00e0 fin septembre.<\/p>\n<p>Krah fait l&rsquo;objet d&rsquo;une enqu\u00eate<\/p>\n<p>Le parquet g\u00e9n\u00e9ral de Dresde enqu\u00eate en outre sur Krah &#8211; pour soup\u00e7on de corruption et de blanchiment d&rsquo;argent. Selon le S\u00fcddeutsche Zeitung (SZ), les autorit\u00e9s ont fait savoir qu&rsquo;il s&rsquo;agissait de possibles paiements en provenance de Chine. L&rsquo;immunit\u00e9 de Krah doit \u00eatre lev\u00e9e pour cette raison. Il rejette toutes les accusations.<\/p>\n","protected":false},"excerpt":{"rendered":"Par&amp;nbspEuronews Publi\u00e9 le 05\/08\/2025 &#8211; 12:48 UTC+2 \u2022Mis \u00e0 jour 14:08 PUBLICIT\u00c9 Un ancien collaborateur de l&rsquo;ancien eurod\u00e9put\u00e9&hellip;\n","protected":false},"author":2,"featured_media":425138,"comment_status":"","ping_status":"","sticky":false,"template":"","format":"standard","meta":{"footnotes":""},"categories":[1587],"tags":[11,19488,672,1804,309,1805,1803,4777,1777,674,1801,12,1802,55429],"class_list":{"0":"post-425137","1":"post","2":"type-post","3":"status-publish","4":"format-standard","5":"has-post-thumbnail","7":"category-allemagne","8":"tag-actualites","9":"tag-afd-alternative-pour-lallemagne","10":"tag-allemagne","11":"tag-bundesrepublik-deutschland","12":"tag-chine","13":"tag-de","14":"tag-deutschland","15":"tag-espionnage","16":"tag-eu","17":"tag-europe","18":"tag-germany","19":"tag-news","20":"tag-republique-federale-dallemagne","21":"tag-scandale-de-corruption-au-parlement-europeen"},"share_on_mastodon":{"url":"https:\/\/pubeurope.com\/@fr\/115285426426928454","error":""},"_links":{"self":[{"href":"https:\/\/www.europesays.com\/fr\/wp-json\/wp\/v2\/posts\/425137","targetHints":{"allow":["GET"]}}],"collection":[{"href":"https:\/\/www.europesays.com\/fr\/wp-json\/wp\/v2\/posts"}],"about":[{"href":"https:\/\/www.europesays.com\/fr\/wp-json\/wp\/v2\/types\/post"}],"author":[{"embeddable":true,"href":"https:\/\/www.europesays.com\/fr\/wp-json\/wp\/v2\/users\/2"}],"replies":[{"embeddable":true,"href":"https:\/\/www.europesays.com\/fr\/wp-json\/wp\/v2\/comments?post=425137"}],"version-history":[{"count":0,"href":"https:\/\/www.europesays.com\/fr\/wp-json\/wp\/v2\/posts\/425137\/revisions"}],"wp:featuredmedia":[{"embeddable":true,"href":"https:\/\/www.europesays.com\/fr\/wp-json\/wp\/v2\/media\/425138"}],"wp:attachment":[{"href":"https:\/\/www.europesays.com\/fr\/wp-json\/wp\/v2\/media?parent=425137"}],"wp:term":[{"taxonomy":"category","embeddable":true,"href":"https:\/\/www.europesays.com\/fr\/wp-json\/wp\/v2\/categories?post=425137"},{"taxonomy":"post_tag","embeddable":true,"href":"https:\/\/www.europesays.com\/fr\/wp-json\/wp\/v2\/tags?post=425137"}],"curies":[{"name":"wp","href":"https:\/\/api.w.org\/{rel}","templated":true}]}}