{"id":425167,"date":"2025-09-29T03:36:45","date_gmt":"2025-09-29T03:36:45","guid":{"rendered":"https:\/\/www.europesays.com\/fr\/425167\/"},"modified":"2025-09-29T03:36:45","modified_gmt":"2025-09-29T03:36:45","slug":"lea-salame-decontenancee-par-une-anecdote-dun-de-ses-invites","status":"publish","type":"post","link":"https:\/\/www.europesays.com\/fr\/425167\/","title":{"rendered":"L\u00e9a Salam\u00e9 d\u00e9contenanc\u00e9e par une anecdote d\u2019un de ses invit\u00e9s"},"content":{"rendered":"<p class=\"mb-4 text-lg md:leading-8 break-words\">L\u00e9a Salam\u00e9 a marqu\u00e9 sa rentr\u00e9e au 20h de France 2 il y a quelques semaines, suivie de celle de <strong>Quelle \u00c9poque ! <\/strong>la semaine derni\u00e8re. Cette \u00e9mission a \u00e9t\u00e9 l\u2019occasion pour les t\u00e9l\u00e9spectateurs de d\u00e9couvrir son nouvel invit\u00e9 permanent, Hugo Cl\u00e9ment, ainsi que l\u2019arriv\u00e9e de Guillaume, le petit fr\u00e8re de Paul de Saint Sernin, dans l\u2019\u00e9quipe de snipers du public. Pour cette \u00e9dition du 27 septembre 2025, L\u00e9a Salam\u00e9 avait r\u00e9uni un plateau vari\u00e9. <strong>Sheila<\/strong> est venue pr\u00e9senter sa tourn\u00e9e et son nouvel album 8.0, tandis qu\u2019\u00c9ric Dupond-Moretti \u00e9voquait son livre Jur\u00e9, crach\u00e9 publi\u00e9 chez Michel Lafon.<\/p>\n<p class=\"mb-4 text-lg md:leading-8 break-words\">Marc-Olivier Fogiel a parl\u00e9 de son nouveau rendez-vous sur RTL, renouant avec l\u2019interview de personnalit\u00e9s au c\u0153ur de l\u2019actualit\u00e9. <strong>Julie Depardieu<\/strong> est venue pr\u00e9senter son spectacle La Mis\u00e9rable, retra\u00e7ant la vie de Juliette Drouet, ma\u00eetresse de Victor Hugo. Parmi les invit\u00e9s moins connus figurait l\u2019humoriste <strong>Matthieu Nina<\/strong>, ancien candidat handicap\u00e9 de La France a un incroyable talent sur M6, dont le spectacle En bas de l\u2019\u00e9chelle sensibilise le public au handicap par l\u2019humour.<\/p>\n<p>L\u00e9a Salam\u00e9 : cette rencontre inattendue avec Matthieu (&#8230;)<\/p>\n<p><a href=\"https:\/\/www.closermag.fr\/tv_tele_realite\/nous-avons-eu-une-aventure-ensemble-lea-salame-decontenancee-par-une-anecdote-dun-de-ses-invites-3583054\" rel=\"nofollow noopener\" target=\"_blank\" data-ylk=\"slk:Lire la suite sur Closer;elm:context_link;itc:0;sec:content-canvas\" class=\"link \">Lire la suite sur Closer<\/a><\/p>\n<p><a href=\"https:\/\/www.closermag.fr\/royautes\/prince-william-et-kate-middleton-cette-visite-tres-speciale-et-pleine-de-magie-reservee-a-leurs-trois-enfants-3583130\" rel=\"nofollow noopener\" target=\"_blank\" data-ylk=\"slk:Prince William et Kate Middleton : cette visite tr\u00e8s sp\u00e9ciale (et pleine de magie) r\u00e9serv\u00e9e \u00e0 leurs trois enfants;elm:context_link;itc:0;sec:content-canvas\" class=\"link \">Prince William et Kate Middleton : cette visite tr\u00e8s sp\u00e9ciale (et pleine de magie) r\u00e9serv\u00e9e \u00e0 leurs trois enfants<\/a><br \/><a href=\"https:\/\/www.closermag.fr\/people\/bertrand-chameroy-victime-dune-depression-il-revient-sur-cet-episode-difficile-et-devoile-pourquoi-il-a-dabord-menti-3583121\" rel=\"nofollow noopener\" target=\"_blank\" data-ylk=\"slk:Bertrand Chameroy victime d\u2019une d\u00e9pression : il revient sur cet \u00e9pisode difficile et d\u00e9voile pourquoi il a d\u2019abord menti;elm:context_link;itc:0;sec:content-canvas\" class=\"link \">Bertrand Chameroy victime d\u2019une d\u00e9pression : il revient sur cet \u00e9pisode difficile et d\u00e9voile pourquoi il a d\u2019abord menti<\/a><br \/><a href=\"https:\/\/www.closermag.fr\/vecu\/pleine-lune-du-7-octobre-ces-trois-signes-vont-souvrir-a-une-nouvelle-perspective-de-vie-3583126\" rel=\"nofollow noopener\" target=\"_blank\" data-ylk=\"slk:Pleine Lune du 7 octobre : ces trois signes vont s\u2019ouvrir \u00e0 une nouvelle perspective de vie;elm:context_link;itc:0;sec:content-canvas\" class=\"link \">Pleine Lune du 7 octobre : ces trois signes vont s\u2019ouvrir \u00e0 une nouvelle perspective de vie<\/a><br \/><a href=\"https:\/\/www.closermag.fr\/royautes\/noel-de-la-famille-royale-britannique-deux-grands-absents-annonces-et-ce-nest-pas-ceux-a-qui-vous-pensez-3583116\" rel=\"nofollow noopener\" target=\"_blank\" data-ylk=\"slk:No\u00ebl de la famille royale britannique : deux grands absents annonc\u00e9s et ce n\u2019est pas ceux \u00e0 qui vous pensez !;elm:context_link;itc:0;sec:content-canvas\" class=\"link \">No\u00ebl de la famille royale britannique : deux grands absents annonc\u00e9s et ce n\u2019est pas ceux \u00e0 qui vous pensez !<\/a><br \/><a href=\"https:\/\/www.closermag.fr\/people\/veronique-sanson-qui-est-christian-meilhan-son-ancien-parrain-aux-alcooliques-anonymes-et-son-dernier-compagnon-en-date-3583101\" rel=\"nofollow noopener\" target=\"_blank\" data-ylk=\"slk:V\u00e9ronique Sanson : qui est Christian Meilhan, son ancien parrain aux Alcooliques Anonymes et son dernier compagnon en date ?;elm:context_link;itc:0;sec:content-canvas\" class=\"link \">V\u00e9ronique Sanson : qui est Christian Meilhan, son ancien parrain aux Alcooliques Anonymes et son dernier compagnon en date ?<\/a><\/p>\n","protected":false},"excerpt":{"rendered":"L\u00e9a Salam\u00e9 a marqu\u00e9 sa rentr\u00e9e au 20h de France 2 il y a quelques semaines, suivie de&hellip;\n","protected":false},"author":2,"featured_media":425168,"comment_status":"","ping_status":"","sticky":false,"template":"","format":"standard","meta":{"footnotes":""},"categories":[1356],"tags":[58,59,1011,27,594,45785,55430,3806,252,1364,16369],"class_list":{"0":"post-425167","1":"post","2":"type-post","3":"status-publish","4":"format-standard","5":"has-post-thumbnail","7":"category-television","8":"tag-divertissement","9":"tag-entertainment","10":"tag-fr","11":"tag-france","12":"tag-france-2","13":"tag-julie-depardieu","14":"tag-juliette-drouet","15":"tag-lea-salame","16":"tag-television","17":"tag-tv","18":"tag-victor-hugo"},"share_on_mastodon":{"url":"https:\/\/pubeurope.com\/@fr\/115285497332543653","error":""},"_links":{"self":[{"href":"https:\/\/www.europesays.com\/fr\/wp-json\/wp\/v2\/posts\/425167","targetHints":{"allow":["GET"]}}],"collection":[{"href":"https:\/\/www.europesays.com\/fr\/wp-json\/wp\/v2\/posts"}],"about":[{"href":"https:\/\/www.europesays.com\/fr\/wp-json\/wp\/v2\/types\/post"}],"author":[{"embeddable":true,"href":"https:\/\/www.europesays.com\/fr\/wp-json\/wp\/v2\/users\/2"}],"replies":[{"embeddable":true,"href":"https:\/\/www.europesays.com\/fr\/wp-json\/wp\/v2\/comments?post=425167"}],"version-history":[{"count":0,"href":"https:\/\/www.europesays.com\/fr\/wp-json\/wp\/v2\/posts\/425167\/revisions"}],"wp:featuredmedia":[{"embeddable":true,"href":"https:\/\/www.europesays.com\/fr\/wp-json\/wp\/v2\/media\/425168"}],"wp:attachment":[{"href":"https:\/\/www.europesays.com\/fr\/wp-json\/wp\/v2\/media?parent=425167"}],"wp:term":[{"taxonomy":"category","embeddable":true,"href":"https:\/\/www.europesays.com\/fr\/wp-json\/wp\/v2\/categories?post=425167"},{"taxonomy":"post_tag","embeddable":true,"href":"https:\/\/www.europesays.com\/fr\/wp-json\/wp\/v2\/tags?post=425167"}],"curies":[{"name":"wp","href":"https:\/\/api.w.org\/{rel}","templated":true}]}}