{"id":425169,"date":"2025-09-29T03:37:19","date_gmt":"2025-09-29T03:37:19","guid":{"rendered":"https:\/\/www.europesays.com\/fr\/425169\/"},"modified":"2025-09-29T03:37:19","modified_gmt":"2025-09-29T03:37:19","slug":"la-chanteuse-lola-young-rassure-ses-fans-apres-setre-effondree-sur-scene-2","status":"publish","type":"post","link":"https:\/\/www.europesays.com\/fr\/425169\/","title":{"rendered":"La chanteuse Lola Young rassure ses fans apr\u00e8s s\u2019\u00eatre effondr\u00e9e sur sc\u00e8ne"},"content":{"rendered":"<p><img alt=\"Lola Young s\u2019est effondr\u00e9e sur sc\u00e8ne lors d\u2019un concert \u00e0 New York. (photo d\u2019illustration)\" loading=\"lazy\" width=\"960\" height=\"640\" decoding=\"async\" data-nimg=\"1\" class=\"rounded-lg\" style=\"color:transparent\" src=\"https:\/\/www.europesays.com\/fr\/wp-content\/uploads\/2025\/09\/b2152c6291b3f0b165294773bf048f00.jpeg\"\/><\/p>\n<p>MIKE COPPOLA \/ Getty Images via AFP Lola Young s\u2019est effondr\u00e9e sur sc\u00e8ne lors d\u2019un concert \u00e0 New York. (photo d\u2019illustration)<\/p>\n<p class=\"mb-4 text-lg md:leading-8 break-words\">MUSIQUE &#8211; La sc\u00e8ne est impressionnante. En concert au festival de musique All Things Go, \u00e0<a data-i13n=\"cpos:1;pos:1\" href=\"https:\/\/fr.news.yahoo.com\/%C3%A9tat-new-york-grave-accident-202513129.html\" data-ylk=\"slk:New York;cpos:1;pos:1;elm:context_link;itc:0;sec:content-canvas;outcm:mb_qualified_link;_E:mb_qualified_link;ct:story;\" class=\"link  yahoo-link\" target=\"_blank\" rel=\"noopener\"> New York<\/a>, la chanteuse britannique Lola Young a \u00e9t\u00e9 victime d\u2019un malaise ce samedi 27 septembre.<\/p>\n<p class=\"mb-4 text-lg md:leading-8 break-words\">Sur des images partag\u00e9es sur les r\u00e9seaux sociaux, on aper\u00e7oit l\u2019artiste s\u2019effondrer en pleine performance. Imm\u00e9diatement, la musique s\u2019interrompt et le staff arrive sur sc\u00e8ne pour la faire sortir. Dans le m\u00eame temps, le public se met \u00e0 crier son nom et \u00e0 applaudir, en guise de soutien.<\/p>\n<p class=\"mb-4 text-lg md:leading-8 break-words\"><a data-i13n=\"cpos:2;pos:1\" href=\"https:\/\/fr.news.yahoo.com\/charli-xcx-surprend-fans-rejoignant-074630685.html\" data-ylk=\"slk:Charli XCX surprend ses fans en rejoignant le groupe Air sur la sc\u00e8ne de We Love Green;cpos:2;pos:1;elm:context_link;itc:0;sec:content-canvas;outcm:mb_qualified_link;_E:mb_qualified_link;ct:story;\" class=\"link  yahoo-link\" target=\"_blank\" rel=\"noopener\">Charli XCX surprend ses fans en rejoignant le groupe Air sur la sc\u00e8ne de We Love Green <\/a><\/p>\n<p class=\"mb-4 text-lg md:leading-8 break-words\">D\u2019autres artistes \u00e0 l\u2019affiche du festival ont eux aussi adress\u00e9 un mot \u00e0 Lola Young lors de leur passage sur sc\u00e8ne, notamment la rappeuse am\u00e9ricaine <a data-i13n=\"cpos:3;pos:1\" href=\"https:\/\/fr.news.yahoo.com\/doechii-annule-venue-%C3%A0-rock-113213886.html\" data-ylk=\"slk:Doechii;cpos:3;pos:1;elm:context_link;itc:0;sec:content-canvas;outcm:mb_qualified_link;_E:mb_qualified_link;ct:story;\" class=\"link  yahoo-link\" target=\"_blank\" rel=\"noopener\">Doechii<\/a> : \u00ab Elle est tr\u00e8s talentueuse, elle ne se sentait pas bien ce soir. Je suis tellement contente que vous soyez l\u00e0 pour la soutenir. Souhaitons-lui le meilleur. \u00bb<\/p>\n<p>\u00ab Je vais bien \u00bb<\/p>\n<p class=\"mb-4 text-lg md:leading-8 break-words\">La veille, la chanteuse de 24 ans avait annul\u00e9 une autre prestation. Avant son show de samedi, l\u2019artiste avait \u00e9galement d\u00e9clar\u00e9 : \u00ab Parfois, la vie peut vraiment vous donner l\u2019impression que vous ne pouvez pas continuer, mais vous savez quoi, aujourd\u2019hui je me suis r\u00e9veill\u00e9 et j\u2019ai pris la d\u00e9cision de venir ici. \u00bb<\/p>\n<p class=\"mb-4 text-lg md:leading-8 break-words\">Apr\u00e8s l\u2019incident, la jeune femme a tenu \u00e0 rassurer ses fans en story Instagram. \u00ab \u00c0 tous ceux qui m\u2019ont vu aujourd\u2019hui (&#8230;), je vais bien maintenant. Merci pour votre soutien \u00bb, a-t-elle \u00e9crit sans apporter plus de pr\u00e9cisions sur ce qui lui \u00e9tait arriv\u00e9.<\/p>\n<p class=\"mb-4 text-lg md:leading-8 break-words\">Originaire de Londres, Lola Young a \u00e9t\u00e9 rendu c\u00e9l\u00e8bre par son titre Messy, popularis\u00e9 notamment sur TikTok. Son troisi\u00e8me album I\u2019m Only Fucking Myself est sorti le 19 septembre. Comme Adele, Amy Winehouse ou encore Olivia Dean, elle est issue de la Brit School, une \u00e9cole d\u2019art britannique.<\/p>\n<p class=\"mb-4 text-lg md:leading-8 break-words\"><a data-i13n=\"cpos:4;pos:1\" href=\"https:\/\/fr.news.yahoo.com\/nrj-music-awards-2025-th%C3%A9odora-112010179.html\" data-ylk=\"slk:Aux NRJ Music Awards 2025, Th\u00e9odora et les anciens de la \u00ab Star Ac\u2019 \u00bb r\u00e8gnent sur la liste des nomm\u00e9s;cpos:4;pos:1;elm:context_link;itc:0;sec:content-canvas;outcm:mb_qualified_link;_E:mb_qualified_link;ct:story;\" class=\"link  yahoo-link\" target=\"_blank\" rel=\"noopener\">Aux NRJ Music Awards 2025, Th\u00e9odora et les anciens de la \u00ab Star Ac\u2019 \u00bb r\u00e8gnent sur la liste des nomm\u00e9s <\/a> <a data-i13n=\"cpos:5;pos:1\" href=\"https:\/\/fr.news.yahoo.com\/festival-tomorrowland-endeuill%C3%A9-mort-d-174321924.html\" data-ylk=\"slk:Le festival Tomorrowland endeuill\u00e9 par la mort d\u2019une festivali\u00e8re canadienne de 35 ans;cpos:5;pos:1;elm:context_link;itc:0;sec:content-canvas;outcm:mb_qualified_link;_E:mb_qualified_link;ct:story;\" class=\"link  yahoo-link\" target=\"_blank\" rel=\"noopener\">Le festival Tomorrowland endeuill\u00e9 par la mort d\u2019une festivali\u00e8re canadienne de 35 ans <\/a><\/p>\n","protected":false},"excerpt":{"rendered":"MIKE COPPOLA \/ Getty Images via AFP Lola Young s\u2019est effondr\u00e9e sur sc\u00e8ne lors d\u2019un concert \u00e0 New&hellip;\n","protected":false},"author":2,"featured_media":425170,"comment_status":"","ping_status":"","sticky":false,"template":"","format":"standard","meta":{"footnotes":""},"categories":[1355],"tags":[58,59,1011,27,55431,1361,873,7347],"class_list":{"0":"post-425169","1":"post","2":"type-post","3":"status-publish","4":"format-standard","5":"has-post-thumbnail","7":"category-musique","8":"tag-divertissement","9":"tag-entertainment","10":"tag-fr","11":"tag-france","12":"tag-lola-young","13":"tag-music","14":"tag-musique","15":"tag-scene"},"share_on_mastodon":{"url":"https:\/\/pubeurope.com\/@fr\/115285501228656311","error":""},"_links":{"self":[{"href":"https:\/\/www.europesays.com\/fr\/wp-json\/wp\/v2\/posts\/425169","targetHints":{"allow":["GET"]}}],"collection":[{"href":"https:\/\/www.europesays.com\/fr\/wp-json\/wp\/v2\/posts"}],"about":[{"href":"https:\/\/www.europesays.com\/fr\/wp-json\/wp\/v2\/types\/post"}],"author":[{"embeddable":true,"href":"https:\/\/www.europesays.com\/fr\/wp-json\/wp\/v2\/users\/2"}],"replies":[{"embeddable":true,"href":"https:\/\/www.europesays.com\/fr\/wp-json\/wp\/v2\/comments?post=425169"}],"version-history":[{"count":0,"href":"https:\/\/www.europesays.com\/fr\/wp-json\/wp\/v2\/posts\/425169\/revisions"}],"wp:featuredmedia":[{"embeddable":true,"href":"https:\/\/www.europesays.com\/fr\/wp-json\/wp\/v2\/media\/425170"}],"wp:attachment":[{"href":"https:\/\/www.europesays.com\/fr\/wp-json\/wp\/v2\/media?parent=425169"}],"wp:term":[{"taxonomy":"category","embeddable":true,"href":"https:\/\/www.europesays.com\/fr\/wp-json\/wp\/v2\/categories?post=425169"},{"taxonomy":"post_tag","embeddable":true,"href":"https:\/\/www.europesays.com\/fr\/wp-json\/wp\/v2\/tags?post=425169"}],"curies":[{"name":"wp","href":"https:\/\/api.w.org\/{rel}","templated":true}]}}