{"id":425171,"date":"2025-09-29T03:38:13","date_gmt":"2025-09-29T03:38:13","guid":{"rendered":"https:\/\/www.europesays.com\/fr\/425171\/"},"modified":"2025-09-29T03:38:13","modified_gmt":"2025-09-29T03:38:13","slug":"john-boyega-revele-quels-changements-il-aurait-apportes-a-sa-trilogie-star-wars","status":"publish","type":"post","link":"https:\/\/www.europesays.com\/fr\/425171\/","title":{"rendered":"John Boyega r\u00e9v\u00e8le quels changements il aurait apport\u00e9s \u00e0 sa trilogie \u00ab\u00a0Star Wars\u00a0\u00bb"},"content":{"rendered":"<p>S\u2019il en avait eu la possibilit\u00e9, <a href=\"https:\/\/www.20minutes.fr\/people\/4006311-20221022-john-boyega-prevoit-jouer-plus-souvent-series-voire-creer\" target=\"_blank\" class=\"c-link c-link--is-underlined\" rel=\"noopener\">John Boyega<\/a> aurait propos\u00e9 une histoire diff\u00e9rente de la trilogie Star Wars dans laquelle il a jou\u00e9. L\u2019acteur britannique a incarn\u00e9 l\u2019ancien Stormtrooper Finn dans les trois films de la nouvelle trilogie (The Force Awakens, The Last Jedi et The Rise of Skywalker) sortis entre\u00a02015 et\u00a02019.<\/p>\n<p>Depuis, il a \u00e9mis plusieurs critiques \u00e0 l\u2019\u00e9gard des choix de Disney, qu\u2019il avait notamment <a href=\"https:\/\/www.20minutes.fr\/arts-stars\/people\/2853027-20200903-john-boyega-accuse-disney-racisme-apres-sort-reserve-personnage-star-wars\" target=\"_blank\" class=\"c-link c-link--is-underlined\" rel=\"noopener\">accus\u00e9 de racisme<\/a> \u00e0 cause de la fa\u00e7on dont son arriv\u00e9e dans la franchise avait \u00e9t\u00e9 beaucoup mise en avant en raison de <a href=\"https:\/\/www.20minutes.fr\/arts-stars\/people\/2792511-20200604-john-boyega-livre-discours-engage-lors-manifestation-contre-racisme-londres\" target=\"_blank\" class=\"c-link c-link--is-underlined\" rel=\"noopener\">la couleur de sa peau<\/a> sans donner la m\u00eame importance \u00e0 son personnage dans le sc\u00e9nario. Ses critiques avaient \u00e9t\u00e9 entendues et il <a href=\"https:\/\/www.20minutes.fr\/arts-stars\/culture\/2916875-20201128-john-boyega-conversation-boss-lucasfilm-apres-critiques-star-wars\" target=\"_blank\" class=\"c-link c-link--is-underlined\" rel=\"noopener\">avait pu s\u2019en entretenir<\/a> avec la production, qui \u00e9tait all\u00e9e dans son sens.<\/p>\n<p>Lors de sa venue au Florida Supercon \u00e0 Miami Beach cet \u00e9t\u00e9, il a r\u00e9pondu \u00e0 un membre du public qui lui demandait ce qu\u2019il aurait fait diff\u00e9remment dans la franchise s\u2019il en avait \u00e9t\u00e9 producteur. Sa r\u00e9ponse, que <a href=\"https:\/\/www.thepopverse.com\/movies-star-wars-john-boyega-florida-supercon-2025-finn-han-solo-luke-skywalker-last-jedi\" rel=\"nofollow noopener\" target=\"_blank\" class=\"c-link c-link--is-underlined\">Popverse<\/a> a diffus\u00e9e cette semaine, a \u00e9t\u00e9 aussi franche que d\u00e9taill\u00e9e.<\/p>\n<p>Manque de respect<\/p>\n<p>Pour commencer, les personnages de Han Solo et <a href=\"https:\/\/www.20minutes.fr\/dossier\/luke_skywalker\" target=\"_blank\" class=\"c-link c-link--is-underlined\" rel=\"noopener\">Luke Skywalker<\/a> auraient eu des destin\u00e9es diff\u00e9rentes.<\/p>\n<p>\u00ab\u00a0D\u2019abord, on ne se d\u00e9barrasse pas de Han Solo, Luke Skywalker, tous ces personnages. On ne fait pas \u00e7a. La premi\u00e8re chose \u00e0 faire, c\u2019est d\u2019honorer leur histoire, de respecter leur h\u00e9ritage. Il faut cr\u00e9er un vrai moment de passage de relais\u00a0\u00bb, a-t-il d\u00e9taill\u00e9.<\/p>\n<p>La sc\u00e8ne finale dans The Last Jedi avec Luke Skywalker, jou\u00e9 par <a href=\"https:\/\/www.20minutes.fr\/arts-stars\/people\/4161728-20250705-mark-hamill-tres-content-sort-reserve-luke-skywalker-derniers-star-wars\" target=\"_blank\" class=\"c-link c-link--is-underlined\" rel=\"noopener\">Mark Hamill<\/a> qui partage son opinion, l\u2019a particuli\u00e8rement d\u00e9\u00e7u. \u00ab\u00a0Luke Skywalker ne dispara\u00eetrait pas sur un rocher. Certainement pas. Le voir l\u00e0, comme une sorte de projecteur\u00a0? Non. Je voudrais donner bien plus \u00e0 ces personnages\u00a0\u00bb, a-t-il expliqu\u00e9.<\/p>\n<p>John Boyega a \u00e9galement point\u00e9 du doigt les pouvoirs de certains nouveaux personnages, et leur incongruit\u00e9. \u00ab\u00a0Nos nouveaux personnages ne seraient pas OP (overpowered, surpuissants) dans ces films. Ils ne prendraient pas un objet en sachant imm\u00e9diatement quoi en faire. Non. Il faut lutter comme tous les autres personnages de cette franchise. C\u2019est ce que je ferais\u00a0\u00bb, a-t-il ajout\u00e9.<\/p>\n<p>La trilogie mettait \u00e9galement en vedette Daisy Ridley, Adam Driver et Oscar Isaac. Daisy Ridley devrait <a href=\"https:\/\/www.20minutes.fr\/people\/4020831-20230127-daisy-ridley-aimerait-bien-revenir-univers-star-wars\" target=\"_blank\" class=\"c-link c-link--is-underlined\" rel=\"noopener\">reprendre son r\u00f4le de Rey<\/a> dans un nouveau film Star Wars \u00e0 venir.<\/p>\n","protected":false},"excerpt":{"rendered":"S\u2019il en avait eu la possibilit\u00e9, John Boyega aurait propos\u00e9 une histoire diff\u00e9rente de la trilogie Star Wars&hellip;\n","protected":false},"author":2,"featured_media":425172,"comment_status":"","ping_status":"","sticky":false,"template":"","format":"standard","meta":{"footnotes":""},"categories":[1354],"tags":[253,520,58,59,1346,1011,27,55432,15735,1360,973,1480,133],"class_list":{"0":"post-425171","1":"post","2":"type-post","3":"status-publish","4":"format-standard","5":"has-post-thumbnail","7":"category-films","8":"tag-acteur","9":"tag-disney","10":"tag-divertissement","11":"tag-entertainment","12":"tag-films","13":"tag-fr","14":"tag-france","15":"tag-han-solo","16":"tag-luke-skywalker","17":"tag-movies","18":"tag-people","19":"tag-star-wars","20":"tag-video"},"share_on_mastodon":{"url":"https:\/\/pubeurope.com\/@fr\/115285505018939092","error":""},"_links":{"self":[{"href":"https:\/\/www.europesays.com\/fr\/wp-json\/wp\/v2\/posts\/425171","targetHints":{"allow":["GET"]}}],"collection":[{"href":"https:\/\/www.europesays.com\/fr\/wp-json\/wp\/v2\/posts"}],"about":[{"href":"https:\/\/www.europesays.com\/fr\/wp-json\/wp\/v2\/types\/post"}],"author":[{"embeddable":true,"href":"https:\/\/www.europesays.com\/fr\/wp-json\/wp\/v2\/users\/2"}],"replies":[{"embeddable":true,"href":"https:\/\/www.europesays.com\/fr\/wp-json\/wp\/v2\/comments?post=425171"}],"version-history":[{"count":0,"href":"https:\/\/www.europesays.com\/fr\/wp-json\/wp\/v2\/posts\/425171\/revisions"}],"wp:featuredmedia":[{"embeddable":true,"href":"https:\/\/www.europesays.com\/fr\/wp-json\/wp\/v2\/media\/425172"}],"wp:attachment":[{"href":"https:\/\/www.europesays.com\/fr\/wp-json\/wp\/v2\/media?parent=425171"}],"wp:term":[{"taxonomy":"category","embeddable":true,"href":"https:\/\/www.europesays.com\/fr\/wp-json\/wp\/v2\/categories?post=425171"},{"taxonomy":"post_tag","embeddable":true,"href":"https:\/\/www.europesays.com\/fr\/wp-json\/wp\/v2\/tags?post=425171"}],"curies":[{"name":"wp","href":"https:\/\/api.w.org\/{rel}","templated":true}]}}