{"id":425177,"date":"2025-09-29T03:41:15","date_gmt":"2025-09-29T03:41:15","guid":{"rendered":"https:\/\/www.europesays.com\/fr\/425177\/"},"modified":"2025-09-29T03:41:15","modified_gmt":"2025-09-29T03:41:15","slug":"pour-lea-salame-la-liste-des-difficultes-sallonge-apres-moins-dun-mois-au-jt","status":"publish","type":"post","link":"https:\/\/www.europesays.com\/fr\/425177\/","title":{"rendered":"pour L\u00e9a Salam\u00e9, la liste des difficult\u00e9s s&rsquo;allonge apr\u00e8s moins d&rsquo;un mois au JT"},"content":{"rendered":"<p class=\"app_entry_lead\">\n<p>                    <a title=\"\u00a0\u00a9\u00a0Domine Jerome\/ABACA\" href=\"https:\/\/www.europesays.com\/fr\/wp-content\/uploads\/2025\/09\/80704765.jpg\" class=\"fancy\"><\/p>\n<p>                            <img loading=\"lazy\" decoding=\"async\" src=\"https:\/\/www.europesays.com\/fr\/wp-content\/uploads\/2025\/09\/80704765.jpg\" alt=\"Elle souffre en silence\u00a0: pour L\u00e9a Salam\u00e9, la liste des difficult\u00e9s s'allonge apr\u00e8s moins d'un mois au JT\" width=\"1500\" height=\"999\"\/><\/p>\n<p>                    <\/a><\/p>\n<p>                Apr\u00e8s un mois aux commandes du JT de 20h de France\u00a02, L\u00e9a Salam\u00e9 accumule les pol\u00e9miques et touche le fond c\u00f4t\u00e9 audiences.<\/p>\n<p>Cela fait d\u00e9sormais un mois ou presque que L\u00e9a Salam\u00e9 a pris les r\u00eanes du journal de 20h de France\u00a02, succ\u00e9dant \u00e0 Anne-Sophie Lapix d\u00e8s le 1er\u00a0septembre. Un mois chaotique &#8211; il faut bien l&rsquo;admettre &#8211; pour la journaliste, entre pol\u00e9miques \u00e0 r\u00e9p\u00e9tition et audiences en berne.<\/p>\n<p>Les bourdes et les critiques se sont encha\u00een\u00e9es pour L\u00e9a Salam\u00e9 en quatre semaines d&rsquo;antenne seulement.\u00a0Sur un plan politique, le traitement de plusieurs actualit\u00e9s par le JT de\u00a0France\u00a02\u00a0a suscit\u00e9 les critiques. La CGT de France T\u00e9l\u00e9visions a notamment fustig\u00e9 la couverture du mouvement social du 10\u00a0septembre, le qualifiant de \u00ab\u00a0pitoyable\u00a0\u00bb et \u00ab\u00a0d&rsquo;ancien r\u00e9gime\u00a0\u00bb, lui reprochant de se focaliser sur les violences et pas assez sur les revendications.<\/p>\n<p>\u00ab\u00a0Pour tenter de gagner le Graal de la meilleure audience devant TF1, la direction de l&rsquo;information de France T\u00e9l\u00e9visions semble avoir mis\u00e9 sur tout ce qu&rsquo;il y a de plus rance dans le spectre des opinions politiques\u00a0\u00bb, a \u00e9crit la CGT <a href=\"https:\/\/snrt-cgt-ftv.org\/liste-communiques\/1554\" target=\"_blank\" rel=\"noopener\">dans un long communiqu\u00e9 de presse<\/a>, revenant sur d&rsquo;autres s\u00e9quences probl\u00e9matiques. Et la CGT d&rsquo;ironiser sur ce\u00a0\u00a0\u00ab\u00a0Journal pitoyable\u00a0\u00bb, \u00ab\u00a0en passe de gagner le concours du Journal le plus r\u00e9actionnaire\u00a0\u00bb.<\/p>\n<p><img decoding=\"async\" alt=\"\" src=\"https:\/\/www.europesays.com\/fr\/wp-content\/uploads\/2025\/09\/80704767.jpg\"\/><\/p>\n<p>Les difficult\u00e9s ont continu\u00e9 ensuite \u00e0 s&rsquo;accumuler depuis. Le 15\u00a0septembre, lors d&rsquo;une interview de Marion Cotillard, la pr\u00e9sentatrice du JT a questionn\u00e9 de mani\u00e8re maladroite l&rsquo;actrice sur sa s\u00e9paration avec Guillaume Canet.\u00a0\u00ab\u00a0On a appris cet \u00e9t\u00e9 votre s\u00e9paration apr\u00e8s 18\u00a0ans de vie commune\u00a0\u00bb, a\u00a0os\u00e9\u00a0la journaliste, avant de demander sans trop\u00a0de pincettes\u00a0: \u00a0\u00bb je voulais juste savoir si vous alliez bien Marion Cotillard\u00a0?\u00a0\u00bb<\/p>\n<p>Visiblement mal \u00e0 l&rsquo;aise et agac\u00e9e, la com\u00e9dienne a alors r\u00e9pondu s\u00e8chement\u00a0:\u00a0\u00ab\u00a0Merci. \u00c7a va. Merci. Ouais. Et vous\u00a0? Vous allez bien\u00a0?\u00a0\u00bb,\u00a0cr\u00e9ant un malaise sur le plateau.\u00a0L\u00e9a Salam\u00e9 sera ensuite moqu\u00e9e par l&rsquo;humoriste Philippe Caverivi\u00e8re dans sa propre \u00e9mission \u00ab\u00a0Quelle \u00c9poque\u00a0!\u00a0\u00bb, qui lui posera la m\u00eame question, faisant r\u00e9f\u00e9rence \u00e0 son compagnon Rapha\u00ebl Glucksmann. Elle pr\u00e9f\u00e9rera botter en, touche\u00a0: \u00ab\u00a0pas de commentaire\u00a0\u00bb.<\/p>\n<p>Sauf que la pr\u00e9sentatrice a r\u00e9cidiv\u00e9 le 22\u00a0septembre, en commettant un lapsus concernant C\u00e9dric Jubillar, d\u00e9clarant que ce dernier \u00e9tait arriv\u00e9 au tribunal \u00ab\u00a0vers 20\u00a0heures ce matin\u00a0\u00bb. Puis rebelote le 25\u00a0septembre\u00a0: invit\u00e9 pour commenter la condamnation de Nicolas Sarkozy \u00e0 5\u00a0ans de prison pour le financement de sa campagne de 2007,\u00a0\u00a0l&rsquo;ancien conseiller du chef de l&rsquo;Etat Henri Guaino a \u00e9t\u00e9 confondu avec Claude Gu\u00e9ant, autre conseiller et lui aussi\u00a0condamn\u00e9 dans cette affaire.\u00a0\u00ab\u00a0Non, non, Claude Gu\u00e9ant ce n&rsquo;est pas moi\u00a0\u00bb, a d\u00fb corriger l&rsquo;ancienne plume du pr\u00e9sident. \u00ab\u00a0Oh pardon\u00a0! Henri Guaino, pardonnez-moi\u00a0\u00bb, s&rsquo;est rapidement reprise la journaliste, penaude.<\/p>\n<p>Ces couacs r\u00e9p\u00e9t\u00e9s n&rsquo;aident pas \u00e0 redresser les audiences du 20h de France\u00a02, en stagnation quand elles ne sont pas en net recul depuis l&rsquo;arriv\u00e9e de L\u00e9a Salam\u00e9. Avec une moyenne de 3,78\u00a0millions de t\u00e9l\u00e9spectateurs (20,3% de PDA) depuis d\u00e9but septembre, le JT fait moins bien que l&rsquo;an dernier sur la m\u00eame p\u00e9riode avec Anne-Sophie Lapix (3,84\u00a0millions).<\/p>\n<p>Pire, le journal est largement distanc\u00e9 par celui de TF1\u00a0et Gilles Bouleau qui f\u00e9d\u00e8re 5,24\u00a0millions de fid\u00e8les (28% de PDA) en moyenne. Le 22\u00a0septembre, le 20h de la Deux est m\u00eame pass\u00e9 pour la premi\u00e8re fois sous les 20% de part d&rsquo;audience et jeudi, le JT s&rsquo;est termin\u00e9 sous les 3\u00a0millions de t\u00e9l\u00e9spectateurs. De quoi inqui\u00e9ter France T\u00e9l\u00e9visions qui tablait sur l&rsquo;effet Salam\u00e9 pour relancer la machine\u00a0? Pour l&rsquo;instant, c&rsquo;est silence radio. Et la journaliste n&rsquo;a non plus r\u00e9agi\u00a0publiquement.<\/p>\n","protected":false},"excerpt":{"rendered":"Apr\u00e8s un mois aux commandes du JT de 20h de France\u00a02, L\u00e9a Salam\u00e9 accumule les pol\u00e9miques et touche&hellip;\n","protected":false},"author":2,"featured_media":425178,"comment_status":"","ping_status":"","sticky":false,"template":"","format":"standard","meta":{"footnotes":""},"categories":[8],"tags":[55433,51761,58,59,51763,1011,27,51979,51767,3287],"class_list":{"0":"post-425177","1":"post","2":"type-post","3":"status-publish","4":"format-standard","5":"has-post-thumbnail","7":"category-divertissement","8":"tag-cms-linternaute-8882519","9":"tag-controller-content","10":"tag-divertissement","11":"tag-entertainment","12":"tag-format-papier","13":"tag-fr","14":"tag-france","15":"tag-les-histoires-de-linternaute","16":"tag-parallaxeinfeed","17":"tag-stars"},"share_on_mastodon":{"url":"https:\/\/pubeurope.com\/@fr\/115285517523575781","error":""},"_links":{"self":[{"href":"https:\/\/www.europesays.com\/fr\/wp-json\/wp\/v2\/posts\/425177","targetHints":{"allow":["GET"]}}],"collection":[{"href":"https:\/\/www.europesays.com\/fr\/wp-json\/wp\/v2\/posts"}],"about":[{"href":"https:\/\/www.europesays.com\/fr\/wp-json\/wp\/v2\/types\/post"}],"author":[{"embeddable":true,"href":"https:\/\/www.europesays.com\/fr\/wp-json\/wp\/v2\/users\/2"}],"replies":[{"embeddable":true,"href":"https:\/\/www.europesays.com\/fr\/wp-json\/wp\/v2\/comments?post=425177"}],"version-history":[{"count":0,"href":"https:\/\/www.europesays.com\/fr\/wp-json\/wp\/v2\/posts\/425177\/revisions"}],"wp:featuredmedia":[{"embeddable":true,"href":"https:\/\/www.europesays.com\/fr\/wp-json\/wp\/v2\/media\/425178"}],"wp:attachment":[{"href":"https:\/\/www.europesays.com\/fr\/wp-json\/wp\/v2\/media?parent=425177"}],"wp:term":[{"taxonomy":"category","embeddable":true,"href":"https:\/\/www.europesays.com\/fr\/wp-json\/wp\/v2\/categories?post=425177"},{"taxonomy":"post_tag","embeddable":true,"href":"https:\/\/www.europesays.com\/fr\/wp-json\/wp\/v2\/tags?post=425177"}],"curies":[{"name":"wp","href":"https:\/\/api.w.org\/{rel}","templated":true}]}}