{"id":425179,"date":"2025-09-29T03:42:18","date_gmt":"2025-09-29T03:42:18","guid":{"rendered":"https:\/\/www.europesays.com\/fr\/425179\/"},"modified":"2025-09-29T03:42:18","modified_gmt":"2025-09-29T03:42:18","slug":"ce-videoprojecteur-portable-full-hd-avec-du-son-jbl-et-dolby-audio-est-110-e-moins-cher-pendant-les-french-days","status":"publish","type":"post","link":"https:\/\/www.europesays.com\/fr\/425179\/","title":{"rendered":"Ce vid\u00e9oprojecteur portable Full HD, avec du son JBL et Dolby Audio, est 110 \u20ac moins cher pendant les French Days"},"content":{"rendered":"<p>Le cin\u00e9ma ne se vit plus seulement dans le noir d\u2019un salon. Avec le Yaber T2, l\u2019\u00e9cran de 120 pouces se d\u00e9plie dehors, sans c\u00e2ble ni rallonge. Et en ce moment, un coupon et une remise au panier font passer le prix du T2 \u00e0 183,51 euros au lieu de 295 euros pour les French Days sur Amazon.<\/p>\n<p><a href=\"https:\/\/images.frandroid.com\/wp-content\/uploads\/2025\/09\/yaber-t2-french-days-frandroid.jpg\" target=\"_blank\" class=\"article-content__figure\" rel=\"noopener\"><img fetchpriority=\"high\" decoding=\"async\" loading=\"eager\" width=\"1200\" height=\"675\" src=\"https:\/\/www.europesays.com\/fr\/wp-content\/uploads\/2025\/09\/yaber-t2-french-days-frandroid.jpg\" alt=\"\" class=\"wp-image-2809837 wp-image wp-image\"  \/><\/a><\/p>\n<p>Les vid\u00e9oprojecteurs portables sont en train de trouver leur place, surtout ceux capables de fonctionner sans prise de courant. Plus besoin d\u2019un mur blanc parfait et d\u2019une installation compliqu\u00e9e : une poign\u00e9e, une batterie et un peu d\u2019espace suffisent pour transformer une terrasse, un jardin ou un camping en salle obscure. Le Yaber T2 fait partie de cette nouvelle g\u00e9n\u00e9ration de machines taill\u00e9es pour l\u2019ext\u00e9rieur. Et pour les French Days, son prix est <a href=\"https:\/\/shop.frandroid.com\/pk1e7e7p\" target=\"_blank\" rel=\"noreferrer noopener affiliate nofollow\" data-gtm=\"{&quot;event&quot;:&quot;afficlic&quot;,&quot;nom_marchand&quot;:&quot;amazon_fr&quot;,&quot;nom_produit&quot;:&quot;inconnu&quot;,&quot;categorie_produit&quot;:&quot;inconnu&quot;,&quot;module_produit&quot;:&quot;editolink&quot;,&quot;position_marchand&quot;:0,&quot;texte&quot;:&quot;ampute-de-plus-110-euros-sur-amazon&quot;,&quot;offer_url&quot;:&quot;https:\/\/shop.frandroid.com\/pk1e7e7p&quot;,&quot;zone&quot;:&quot;contenu-page&quot;}\">amput\u00e9 de plus 110 euros sur Amazon<\/a>.<\/p>\n<p>Les atouts du Yaber T2<\/p>\n<ul class=\"wp-block-list\">\n<li>Une batterie int\u00e9gr\u00e9e offrant 2,5 h de vid\u00e9o ou 18 h d\u2019audio.<\/li>\n<li>Image native 1080p avec autofocus et correction automatique.<\/li>\n<li>Un son JBL 16 W + Dolby Audio, immersif et profond.<\/li>\n<\/ul>\n<p>Au lieu de 295,99 euros, le JBL Yaber T2 est <a href=\"https:\/\/shop.frandroid.com\/pk1e7e7p\" data-type=\"link\" data-id=\"https:\/\/www.amazon.fr\/dp\/B0D7H9DST9\" target=\"_blank\" rel=\"noreferrer noopener affiliate nofollow\" data-gtm=\"{&quot;event&quot;:&quot;afficlic&quot;,&quot;nom_marchand&quot;:&quot;amazon_fr&quot;,&quot;nom_produit&quot;:&quot;inconnu&quot;,&quot;categorie_produit&quot;:&quot;inconnu&quot;,&quot;module_produit&quot;:&quot;editolink&quot;,&quot;position_marchand&quot;:0,&quot;texte&quot;:&quot;aujourd-hui-disponible-en-promotion-a-183-50-euros-sur-amazon&quot;,&quot;offer_url&quot;:&quot;https:\/\/shop.frandroid.com\/pk1e7e7p&quot;,&quot;zone&quot;:&quot;contenu-page&quot;}\">aujourd\u2019hui disponible en promotion \u00e0 183,51 euros sur Amazon<\/a>, en <strong>cochant la case coupon<\/strong>.<\/p>\n<p><a href=\"https:\/\/www.europesays.com\/fr\/wp-content\/uploads\/2025\/09\/1759117338_590_image-67.png\" target=\"_blank\" class=\"article-content__figure\"><img loading=\"lazy\" decoding=\"async\" width=\"881\" height=\"231\" src=\"https:\/\/www.europesays.com\/fr\/wp-content\/uploads\/2025\/09\/1759117338_590_image-67.png\" alt=\"\" class=\"wp-image-2809681 wp-image\"  \/><\/a><\/p>\n<p>Une image ma\u00eetris\u00e9e, m\u00eame dehors<\/p>\n<p>Le Yaber T2 d\u00e9livre une <a href=\"https:\/\/www.frandroid.com\/comment-faire\/comment-fonctionne-la-technologie\/342762_difference-entre-definition-resolution\" target=\"_blank\" rel=\"noopener\">image native en Full HD 1080p<\/a>, \u00e9vitant les approximations des projecteurs bas de gamme. Les d\u00e9tails s\u2019affichent clairement, m\u00eame sur un \u00e9cran projet\u00e9 de jusqu\u2019\u00e0 120 pouces. La technologie embarqu\u00e9e corrige trois d\u00e9fauts r\u00e9currents des mod\u00e8les concurrents : la fuite de lumi\u00e8re, la poussi\u00e8re interne et le bruit excessif.<\/p>\n<p>Le projecteur n\u2019a pas besoin d\u2019un positionnement millim\u00e9tr\u00e9 gr\u00e2ce \u00e0 son autofocus et sa correction automatique du trap\u00e8ze. Il ajuste l\u2019image \u00e0 l\u2019\u00e9cran, \u00e9vite les obstacles et garantit un cadrage propre. Plus besoin de d\u00e9monter un cadre ou de d\u00e9placer un meuble pour obtenir un rectangle parfait. De plus, son ratio de projection 1,25:1 permet de gagner de la distance, rendant son installation plus souple dans les petits espaces.<\/p>\n<p>Enfin, le zoom 50 % et les formats 4:3 et 16:9 assurent une flexibilit\u00e9 bienvenue. Qu\u2019il s\u2019agisse d\u2019un film, d\u2019une pr\u00e9sentation ou d\u2019un jeu, le T2 sait s\u2019adapter. L\u2019objectif ici n\u2019est pas seulement d\u2019afficher une grande image, mais de le faire avec une pr\u00e9cision qui rend justice aux contenus modernes.<\/p>\n<p>Un son JBL et une connectivit\u00e9 compl\u00e8te<\/p>\n<p>C\u00f4t\u00e9 audio, le <a href=\"https:\/\/www.frandroid.com\/produits\/yaber\" target=\"_blank\" rel=\"noopener\">Yaber<\/a> T2 ne fait pas semblant. Il embarque deux haut-parleurs JBL de 8 W chacun, \u00e9paul\u00e9s par un traitement <a href=\"https:\/\/www.frandroid.com\/produits-android\/1505784_dolby-atmos-dtsx-dolby-digital-tout-savoir-sur-les-formats-audio-des-barres-de-son-et-du-home-cinema\" target=\"_blank\" rel=\"noopener\">Dolby Audio<\/a>. Le rendu est clair, les dialogues ressortent et les basses sont suffisamment profondes pour donner du relief aux bandes-son. Et pour ceux qui veulent aller plus loin, la transmission Bluetooth bidirectionnelle permet soit de transformer le projecteur en enceinte st\u00e9r\u00e9o 360\u00b0, soit de le relier \u00e0 <a href=\"https:\/\/www.frandroid.com\/guide-dachat\/guide-audio\/722626_guide-meilleures-enceintes-portables\" target=\"_blank\" rel=\"noopener\">un syst\u00e8me audio externe<\/a>.<\/p>\n<p>La connectivit\u00e9 suit le rythme des usages actuels : Wi-Fi 6, Bluetooth 5.2, HDMI, USB, Ethernet et audio via jack 3,5 mm. L\u2019int\u00e9gration de la <a href=\"https:\/\/www.frandroid.com\/comment-faire\/comment-fonctionne-la-technologie\/237303_lenfc-2\" target=\"_blank\" rel=\"noopener\">technologie NFC<\/a> via l\u2019application Yaber simplifie le lien avec un <a href=\"https:\/\/www.frandroid.com\/guide-dachat\/smartphones\" target=\"_blank\" rel=\"noopener\">smartphone<\/a>, qui peut se transformer en t\u00e9l\u00e9commande en un instant. La compatibilit\u00e9 avec Apple AirPlay et <a href=\"https:\/\/www.frandroid.com\/produits-android\/audio\/ecouteurs-true-wireless\/873985_fast-pair-la-connexion-de-vos-ecouteurs-sans-fil-a-un-smartphone-android-se-simplifie-encore\" target=\"_blank\" rel=\"noopener\">Google Fast Pair<\/a> assure \u00e9galement une mise en route rapide, sans passer par des r\u00e9glages compliqu\u00e9s.<\/p>\n<p>Seule limite \u00e0 noter : le projecteur n\u2019embarque pas directement d\u2019applications de <a href=\"https:\/\/www.frandroid.com\/culture-tech\/691740_quelle-est-la-meilleure-plateforme-de-streaming-entre-netflix-disney-ocs-mycanal-apple-tv-comparatif\" target=\"_blank\" rel=\"noopener\">streaming comme Netflix ou Disney+<\/a>. Il faudra lui adjoindre un adaptateur Google TV comme ce clone du <a href=\"https:\/\/www.frandroid.com\/marques\/thomson\/2596303_ce-parfait-clone-du-chromecast-va-vous-faire-oublier-google-et-ses-mauvaises-idees\" data-type=\"link\" data-id=\"https:\/\/www.frandroid.com\/marques\/thomson\/2596303_ce-parfait-clone-du-chromecast-va-vous-faire-oublier-google-et-ses-mauvaises-idees\" target=\"_blank\" rel=\"noopener\">Chromecast par Thomson<\/a>, la solution d\u2019Amazon le <a href=\"https:\/\/shop.frandroid.com\/qqftv114\" target=\"_blank\" rel=\"noreferrer noopener affiliate nofollow\" data-gtm=\"{&quot;event&quot;:&quot;afficlic&quot;,&quot;nom_marchand&quot;:&quot;amazon_fr&quot;,&quot;nom_produit&quot;:&quot;inconnu&quot;,&quot;categorie_produit&quot;:&quot;inconnu&quot;,&quot;module_produit&quot;:&quot;editolink&quot;,&quot;position_marchand&quot;:0,&quot;texte&quot;:&quot;fire-tv-stick&quot;,&quot;offer_url&quot;:&quot;https:\/\/shop.frandroid.com\/qqftv114&quot;,&quot;zone&quot;:&quot;contenu-page&quot;}\">Fire TV Stick<\/a> ou un <a href=\"https:\/\/www.frandroid.com\/guide-dachat\/387028_quelle-box-sous-android-tv-choisir\" target=\"_blank\" rel=\"noopener\">bo\u00eetier mutlim\u00e9dia<\/a> \u00e9quivalent pour acc\u00e9der \u00e0 ses services pr\u00e9f\u00e9r\u00e9s. Une concession mineure qui ne g\u00e2che pas l\u2019essentiel : un projecteur portable capable de se transformer en v\u00e9ritable salle de projection, o\u00f9 que vous soyez.<\/p>\n<p>Afin de comparer le Yaber T2 avec d\u2019autres produits de la m\u00eame cat\u00e9gorie, nous vous invitons d\u00e8s maintenant \u00e0 consulter <a href=\"https:\/\/www.frandroid.com\/guide-dachat\/843269_meilleurs-videoprojecteurs-selection\" data-type=\"link\" data-id=\"https:\/\/www.frandroid.com\/guide-dachat\/843269_meilleurs-videoprojecteurs-selection\" target=\"_blank\" rel=\"noopener\">notre guide sur les meilleurs vid\u00e9oprojecteurs du moment<\/a>.<\/p>\n<p>French Days 2025 : ne ratez aucun bon plan avec Frandroid <\/p>\n<p>Les <a href=\"https:\/\/www.frandroid.com\/bons-plans\/2805055_les-french-days-2025-continuent-ce-vendredi-voici-le-top-des-offres-en-direct-sur-amazon-boulanger-fnac\" data-type=\"link\" data-id=\"https:\/\/www.frandroid.com\/bons-plans\/2805055_les-french-days-2025-continuent-ce-vendredi-voici-le-top-des-offres-en-direct-sur-amazon-boulanger-fnac\" target=\"_blank\" rel=\"noreferrer noopener\">French Days<\/a> reviennent en 2025 pour une deuxi\u00e8me \u00e9dition jusqu\u2019au 30 septembre prochain. Afin d\u2019y voir plus clair sur les diff\u00e9rentes offres Tech que nous recommandons chaudement lors de cette p\u00e9riode, voici quelques s\u00e9lections de produits :<\/p>\n<p>Et, pour ne rien louper des bons plans que nous partageons, voici quelques tips et liens utiles :<\/p>\n<ul class=\"wp-block-list\">\n<li>Suivez notre compte X\u00a0<a href=\"https:\/\/twitter.com\/FrandroidPromos\" target=\"_blank\" rel=\"noreferrer noopener\">@FrandroidPromos<\/a> uniquement d\u00e9di\u00e9 aux bons plans (pensez \u00e0 activer la cloche pour recevoir les notifications en temps r\u00e9el)<\/li>\n<li><a href=\"https:\/\/whatsapp.com\/channel\/0029VabYxm5LI8YhSlD8xc05\" target=\"_blank\" rel=\"noreferrer noopener\">Rejoignez notre canal WhatsApp<\/a> pour recevoir une fois par jour un condens\u00e9 des meilleures offres<\/li>\n<li>T\u00e9l\u00e9chargez notre <a href=\"https:\/\/www.frandroid.com\/telecharger\/apps\/frandroid\" target=\"_blank\" rel=\"noreferrer noopener\">application Frandroid<\/a> (disponible sur iOS et Android) pour activer les notifications de la cat\u00e9gorie \u00ab Bons Plans \u00bb et ainsi recevoir en temps r\u00e9el les nouveaux articles li\u00e9s aux French Days<\/li>\n<li>Abonnez-vous \u00e0 notre newsletter pour \u00eatre s\u00fbr de recevoir les offres en avant-premi\u00e8re (pas plus d\u2019un mail par jour, d\u00e9sinscription en 1 clic, aucune diffusion \u00e0 des tiers) :<\/li>\n<\/ul>\n<p class=\"newsletter-form__title is-size-6 is-size-7-mobile is-uppercase has-text-good-deals has-text-weight-semibold mb-4 px-5\">Frandroid Bons plans<\/p>\n<p class=\"has-text-centered-tablet newsletter-form__subtitle is-size-4 has-text-weight-bold has-text-primary column is-9-tablet is-10-mobile\">\n                C\u2019est enregistr\u00e9 ! Surveillez votre bo\u00eete aux lettres, vous allez entendre parler de nous\u00a0!\n            <\/p>\n<p class=\"newsletter-form__subtitle is-size-4 has-text-weight-bold has-text-gradient-pink\">Ne manquez aucun bon plan avec notre newsletter<\/p>\n<p class=\"is-size-7\">\n                Les donn\u00e9es transmises par le biais de ce formulaire sont destin\u00e9es \u00e0 Humanoid,<br \/>\n                soci\u00e9t\u00e9 \u00e9ditrice du site Frandroid en sa qualit\u00e9 de responsable de traitement.<br \/>\n                Elles ne seront en aucun cas c\u00e9d\u00e9es \u00e0 des tiers. Ces donn\u00e9es sont trait\u00e9es sous r\u00e9serve d\u2019obtention de<br \/>\n                votre consentement pour vous envoyer par e-mail des actualit\u00e9s et informations relatives aux contenus<br \/>\n                \u00e9ditoriaux publi\u00e9s sur Frandroid. Vous pouvez vous opposer \u00e0 tout moment \u00e0 ces e-mails<br \/>\n                en cliquant sur les liens de d\u00e9sinscriptions pr\u00e9sents dans chacun d\u2019eux. Pour plus d\u2019informations, vous<br \/>\n                pouvez consulter l\u2019int\u00e9gralit\u00e9 de notre <a href=\"https:\/\/www.frandroid.com\/politique-donnees-personnelles\" target=\"_blank\" rel=\"noopener\"><br \/>\n                politique de traitement de vos donn\u00e9es personnelles<\/a>.<br \/>\n                Vous disposez d\u2019un droit d\u2019acc\u00e8s, de rectification, d\u2019effacement, de limitation, de portabilit\u00e9 et<br \/>\n                d\u2019opposition pour motif l\u00e9gitime aux donn\u00e9es personnelles vous concernant. Pour exercer l\u2019un de ces droits,<br \/>\n                merci d\u2019effectuer votre demande via notre <a href=\"https:\/\/www.frandroid.com\/contact\/#RGPD\" target=\"_blank\" rel=\"noopener\">formulaire<br \/>\n                de demandes d\u2019exercices de droits d\u00e9di\u00e9<\/a>.\n            <\/p>\n<p>            <script async src=\"https:\/\/platform.twitter.com\/widgets.js\" charset=\"utf-8\"><\/script><\/p>\n","protected":false},"excerpt":{"rendered":"Le cin\u00e9ma ne se vit plus seulement dans le noir d\u2019un salon. Avec le Yaber T2, l\u2019\u00e9cran de&hellip;\n","protected":false},"author":2,"featured_media":425180,"comment_status":"","ping_status":"","sticky":false,"template":"","format":"standard","meta":{"footnotes":""},"categories":[7],"tags":[201,1011,27,43,40,41,39,42,44],"class_list":{"0":"post-425179","1":"post","2":"type-post","3":"status-publish","4":"format-standard","5":"has-post-thumbnail","7":"category-sciences-et-technologies","8":"tag-bons-plans-amazon","9":"tag-fr","10":"tag-france","11":"tag-science","12":"tag-science-and-technology","13":"tag-sciences","14":"tag-sciences-et-technologies","15":"tag-technologies","16":"tag-technology"},"share_on_mastodon":{"url":"https:\/\/pubeurope.com\/@fr\/115285520900534107","error":""},"_links":{"self":[{"href":"https:\/\/www.europesays.com\/fr\/wp-json\/wp\/v2\/posts\/425179","targetHints":{"allow":["GET"]}}],"collection":[{"href":"https:\/\/www.europesays.com\/fr\/wp-json\/wp\/v2\/posts"}],"about":[{"href":"https:\/\/www.europesays.com\/fr\/wp-json\/wp\/v2\/types\/post"}],"author":[{"embeddable":true,"href":"https:\/\/www.europesays.com\/fr\/wp-json\/wp\/v2\/users\/2"}],"replies":[{"embeddable":true,"href":"https:\/\/www.europesays.com\/fr\/wp-json\/wp\/v2\/comments?post=425179"}],"version-history":[{"count":0,"href":"https:\/\/www.europesays.com\/fr\/wp-json\/wp\/v2\/posts\/425179\/revisions"}],"wp:featuredmedia":[{"embeddable":true,"href":"https:\/\/www.europesays.com\/fr\/wp-json\/wp\/v2\/media\/425180"}],"wp:attachment":[{"href":"https:\/\/www.europesays.com\/fr\/wp-json\/wp\/v2\/media?parent=425179"}],"wp:term":[{"taxonomy":"category","embeddable":true,"href":"https:\/\/www.europesays.com\/fr\/wp-json\/wp\/v2\/categories?post=425179"},{"taxonomy":"post_tag","embeddable":true,"href":"https:\/\/www.europesays.com\/fr\/wp-json\/wp\/v2\/tags?post=425179"}],"curies":[{"name":"wp","href":"https:\/\/api.w.org\/{rel}","templated":true}]}}