{"id":425187,"date":"2025-09-29T03:46:14","date_gmt":"2025-09-29T03:46:14","guid":{"rendered":"https:\/\/www.europesays.com\/fr\/425187\/"},"modified":"2025-09-29T03:46:14","modified_gmt":"2025-09-29T03:46:14","slug":"en-fuite-lauteur-du-coup-de-couteau-mortel-sur-un-automobiliste-au-mans-a-ete-interpelle","status":"publish","type":"post","link":"https:\/\/www.europesays.com\/fr\/425187\/","title":{"rendered":"En fuite, l&rsquo;auteur du coup de couteau mortel sur un automobiliste au Mans a \u00e9t\u00e9 interpell\u00e9"},"content":{"rendered":"<p>            Par<br \/>\n        <strong><br \/>\n            <a href=\"https:\/\/actu.fr\/auteur\/valentin-mauduit\" title=\"Consulter tous les articles de Valentin Mauduit\" target=\"_blank\" rel=\"noopener\">Valentin Mauduit<\/a><br \/>\n        <\/strong><\/p>\n<p>        Publi\u00e9 le<\/p>\n<p>            28 sept. 2025 \u00e0 18h10        <\/p>\n<p>Une banale dispute entre <b>automobilistes<\/b> s\u2019est termin\u00e9e avec <a href=\"https:\/\/actu.fr\/pays-de-la-loire\/le-mans_72181\" target=\"_blank\" rel=\"noopener\">un mort<\/a>, samedi 27 septembre 2025. Deux hommes ont eu une altercation en fin d\u2019apr\u00e8s-midi sur le quai Louis Leblanc au <a href=\"https:\/\/actu.fr\/pays-de-la-loire\/le-mans_72181\" target=\"_blank\" rel=\"noopener\">Mans<\/a>, pr\u00e8s du centre-ville.\u00a0<\/p>\n<p>Interpellation d\u2019un homme dans l\u2019affaire du coup de couteau mortel \u00e0 un automobiliste\u00a0<\/p>\n<p class=\" wall-content\">Apr\u00e8s des \u00e9changes de <b>coups<\/b>, un conducteur a poignard\u00e9 l\u2019autre \u00e0 l\u2019aide d\u2019un couteau. L\u2019auteur, en fuite, apr\u00e8s les faits, a \u00e9t\u00e9 interpell\u00e9, ce dimanche 28 septembre 2025, rapporte <a href=\"https:\/\/www.franceinfo.fr\/faits-divers\/un-homme-tue-au-mans-lors-d-une-altercation-entre-automobilistes-le-suspect-interpelle_7519339.html\" target=\"_blank\" rel=\"noopener\">France Info<\/a>.\u00a0<\/p>\n<p class=\" wall-content\">Il aurait une vingtaine d\u2019ann\u00e9es.<\/p>\n<p class=\" wall-content\">Une information confirm\u00e9e par nos soins. Le <b>jeune homme<\/b> d\u2019une vingtaine d\u2019ann\u00e9es a \u00e9t\u00e9 plac\u00e9 en <b>garde \u00e0 vue<\/b>.\u00a0<\/p>\n<p class=\" wall-content\">L\u2019enqu\u00eate se poursuite pour d\u00e9terminer les circonstances de ce d\u00e9c\u00e8s.<\/p>\n<p>Une cagnotte ouverte pour la famille de la victime<\/p>\n<p class=\" wall-content\">La victime du coup de couteau s\u2019appelait Flavien Hurpy, il avait 23 ans et \u00e9tait originaire de <a href=\"https:\/\/actu.fr\/pays-de-la-loire\/la-fleche_72154\" target=\"_blank\" rel=\"noopener\">La Fl\u00e8che<\/a>. Une <a href=\"https:\/\/www.leetchi.com\/fr\/c\/hommage-a-flavien-1764150?utm_source=native&amp;utm_medium=social_sharing&amp;utm_campaign=pot&amp;fbclid=IwY2xjawNFw4xleHRuA2FlbQIxMQABHkSWb6Z6xC-hGmzSMQMBFTz8B7jumIsaDN703BakqR4Op1OBLhV9tlSwgQk3_aem_2RFkwzXn-K-DoKvHJ-xRHw\" target=\"_blank\" rel=\"noopener\">cagnotte en ligne<\/a> a \u00e9t\u00e9 ouverte par un de ses proches amis et en accord avec les parents de la victime.<\/p>\n<blockquote class=\"ac-article-quote wall-content\">\n<p>Pour soutenir sa famille dans ce moment douloureux et lors des obs\u00e8ques, une cagnotte a \u00e9t\u00e9 mise en place.\u00a0Gr\u00e2ce \u00e0 vos dons, la famille pourra offrir \u00e0 leur fils un dernier hommage digne de lui.<\/p>\n<p>Antonin, proche de Flavien, sur les r\u00e9seaux<\/p><\/blockquote>\n<p>Votre r\u00e9gion, votre actu !<\/p>\n<p>Recevez chaque jour les infos qui comptent pour vous.<\/p>\n<p>\t<a href=\"https:\/\/actu.fr\/newsletter\" class=\"ac-btn ac-btn--corner ac-btn--medium ac-btn--blue800\" target=\"_blank\" rel=\"noopener\">S&rsquo;incrire<\/a><\/p>\n<p class=\" wall-content\">Pour l\u2019heure, <b>2 500 \u20ac<\/b> ont d\u00e9j\u00e0 \u00e9t\u00e9 r\u00e9colt\u00e9s.\u00a0<\/p>\n<p class=\" wall-content\">Personnalisez votre actualit\u00e9 en ajoutant vos villes et m\u00e9dias en favori avec <a href=\"https:\/\/moncompte.actu.fr\" title=\"D\u00e9couvez Mon Actu\" rel=\"nofollow noopener\" data-trk=\"{&quot;cta&quot;:{&quot;action&quot;:&quot;https:\\\/\\\/moncompte.actu.fr&quot;,&quot;category&quot;:&quot;mon compte&quot;,&quot;from&quot;:&quot;article footer&quot;,&quot;name&quot;:&quot;Mon actu&quot;,&quot;type&quot;:&quot;cta&quot;}}\" target=\"_blank\">Mon Actu<\/a>.<\/p>\n","protected":false},"excerpt":{"rendered":"Par Valentin Mauduit Publi\u00e9 le 28 sept. 2025 \u00e0 18h10 Une banale dispute entre automobilistes s\u2019est termin\u00e9e avec&hellip;\n","protected":false},"author":2,"featured_media":425188,"comment_status":"","ping_status":"","sticky":false,"template":"","format":"standard","meta":{"footnotes":""},"categories":[2],"tags":[11,118,1011,27,777,12],"class_list":{"0":"post-425187","1":"post","2":"type-post","3":"status-publish","4":"format-standard","5":"has-post-thumbnail","7":"category-actualites","8":"tag-actualites","9":"tag-faits-divers","10":"tag-fr","11":"tag-france","12":"tag-meurtre","13":"tag-news"},"share_on_mastodon":{"url":"https:\/\/pubeurope.com\/@fr\/115285536447385139","error":""},"_links":{"self":[{"href":"https:\/\/www.europesays.com\/fr\/wp-json\/wp\/v2\/posts\/425187","targetHints":{"allow":["GET"]}}],"collection":[{"href":"https:\/\/www.europesays.com\/fr\/wp-json\/wp\/v2\/posts"}],"about":[{"href":"https:\/\/www.europesays.com\/fr\/wp-json\/wp\/v2\/types\/post"}],"author":[{"embeddable":true,"href":"https:\/\/www.europesays.com\/fr\/wp-json\/wp\/v2\/users\/2"}],"replies":[{"embeddable":true,"href":"https:\/\/www.europesays.com\/fr\/wp-json\/wp\/v2\/comments?post=425187"}],"version-history":[{"count":0,"href":"https:\/\/www.europesays.com\/fr\/wp-json\/wp\/v2\/posts\/425187\/revisions"}],"wp:featuredmedia":[{"embeddable":true,"href":"https:\/\/www.europesays.com\/fr\/wp-json\/wp\/v2\/media\/425188"}],"wp:attachment":[{"href":"https:\/\/www.europesays.com\/fr\/wp-json\/wp\/v2\/media?parent=425187"}],"wp:term":[{"taxonomy":"category","embeddable":true,"href":"https:\/\/www.europesays.com\/fr\/wp-json\/wp\/v2\/categories?post=425187"},{"taxonomy":"post_tag","embeddable":true,"href":"https:\/\/www.europesays.com\/fr\/wp-json\/wp\/v2\/tags?post=425187"}],"curies":[{"name":"wp","href":"https:\/\/api.w.org\/{rel}","templated":true}]}}