{"id":425206,"date":"2025-09-29T04:05:04","date_gmt":"2025-09-29T04:05:04","guid":{"rendered":"https:\/\/www.europesays.com\/fr\/425206\/"},"modified":"2025-09-29T04:05:04","modified_gmt":"2025-09-29T04:05:04","slug":"on-a-ete-la-chercher-au-mental-savoure-aubameyang","status":"publish","type":"post","link":"https:\/\/www.europesays.com\/fr\/425206\/","title":{"rendered":"\u00abOn a \u00e9t\u00e9 la chercher au mental\u00bb, savoure Aubameyang"},"content":{"rendered":"<p>Buteur en fin de match, ce vendredi, \u00e0 la Meinau, l\u2019attaquant marseillais fait le point apr\u00e8s la victoire \u00e0 Strasbourg (1-2).<\/p>\n<p class=\"fig-paragraph\"><strong>Pierre-Emerick Aubameyang (attaquant de l\u2019OM, apr\u00e8s\u00a0<\/strong><a href=\"http:\/\/www.lefigaro.fr\/sports\/football\/ligue-1\/ligue-1-apres-l-exploit-face-au-psg-l-om-renverse-strasbourg-et-prend-provisoirement-les-renes-20250926\" data-fig-type=\"NewsFlash\" data-gtm-custom-categorie=\"navigation\" data-gtm-custom-action=\"crossclick\" data-gtm-custom-label=\"Contextuel\" data-gtm-event=\"customEventSPE\" data-fig-domain=\"LEFIGARO\" target=\"_blank\" rel=\"noopener\"><strong>la victoire 2-1 contre Strasbourg<\/strong><\/a> <strong>)<\/strong>\u00a0: \u00abC\u2019\u00e9tait une bonne entr\u00e9e\u2026 de tous les entrants. On avait besoin de faire un r\u00e9sultat, d\u2019envoyer un message positif pour tout le club. C\u2019\u00e9tait un match difficile face \u00e0 une \u00e9quipe de Strasbourg qui joue bien. On a \u00e9t\u00e9 la chercher au mental et les entrants ont fait la diff\u00e9rence. Concurrence avec Amine Gouiri\u00a0? Comme dans les plus grands clubs, il y a de la concurrence, mais elle est saine, nous sommes des joueurs diff\u00e9rents et il a fait des efforts ce soir (mercredi), un beau travail dont j\u2019ai r\u00e9colt\u00e9 les fruits sur la fin de la rencontre. On a envie de bien faire pour le club avant tout.\u00a0<\/p>\n<p class=\"fig-paragraph\">Les cl\u00e9s de la long\u00e9vit\u00e9\u00a0? C\u2019est tout le groupe qui me porte depuis le d\u00e9but. Quand je vois que tout le monde fait les efforts\u2026 J\u2019ai un r\u00f4le important en \u00e9tant le plus ancien de l\u2019\u00e9quipe, donnant l\u2019exemple. Il faut toujours rester positif et amener ce qu\u2019on peut quand on entre. L\u2019Ajax mardi\u00a0? Notre chance, c\u2019est que le groupe est assez cons\u00e9quent pour encha\u00eener les matchs. Le coach fait du turnover et on compte sur le V\u00e9lodrome pour nous pousser\u00bb. (Ligue 1+)<\/p>\n","protected":false},"excerpt":{"rendered":"Buteur en fin de match, ce vendredi, \u00e0 la Meinau, l\u2019attaquant marseillais fait le point apr\u00e8s la victoire&hellip;\n","protected":false},"author":2,"featured_media":425207,"comment_status":"","ping_status":"","sticky":false,"template":"","format":"standard","meta":{"footnotes":""},"categories":[2820],"tags":[1111,11,1777,674,1011,27,775,12,149,38746,4448,25,640],"class_list":{"0":"post-425206","1":"post","2":"type-post","3":"status-publish","4":"format-standard","5":"has-post-thumbnail","7":"category-strasbourg","8":"tag-actu","9":"tag-actualites","10":"tag-eu","11":"tag-europe","12":"tag-fr","13":"tag-france","14":"tag-grand-est","15":"tag-news","16":"tag-om","17":"tag-pierre-emerick-aubameyang","18":"tag-rc-strasbourg","19":"tag-republique-francaise","20":"tag-strasbourg"},"share_on_mastodon":{"url":"https:\/\/pubeurope.com\/@fr\/115285611191616146","error":""},"_links":{"self":[{"href":"https:\/\/www.europesays.com\/fr\/wp-json\/wp\/v2\/posts\/425206","targetHints":{"allow":["GET"]}}],"collection":[{"href":"https:\/\/www.europesays.com\/fr\/wp-json\/wp\/v2\/posts"}],"about":[{"href":"https:\/\/www.europesays.com\/fr\/wp-json\/wp\/v2\/types\/post"}],"author":[{"embeddable":true,"href":"https:\/\/www.europesays.com\/fr\/wp-json\/wp\/v2\/users\/2"}],"replies":[{"embeddable":true,"href":"https:\/\/www.europesays.com\/fr\/wp-json\/wp\/v2\/comments?post=425206"}],"version-history":[{"count":0,"href":"https:\/\/www.europesays.com\/fr\/wp-json\/wp\/v2\/posts\/425206\/revisions"}],"wp:featuredmedia":[{"embeddable":true,"href":"https:\/\/www.europesays.com\/fr\/wp-json\/wp\/v2\/media\/425207"}],"wp:attachment":[{"href":"https:\/\/www.europesays.com\/fr\/wp-json\/wp\/v2\/media?parent=425206"}],"wp:term":[{"taxonomy":"category","embeddable":true,"href":"https:\/\/www.europesays.com\/fr\/wp-json\/wp\/v2\/categories?post=425206"},{"taxonomy":"post_tag","embeddable":true,"href":"https:\/\/www.europesays.com\/fr\/wp-json\/wp\/v2\/tags?post=425206"}],"curies":[{"name":"wp","href":"https:\/\/api.w.org\/{rel}","templated":true}]}}