{"id":425222,"date":"2025-09-29T04:21:19","date_gmt":"2025-09-29T04:21:19","guid":{"rendered":"https:\/\/www.europesays.com\/fr\/425222\/"},"modified":"2025-09-29T04:21:19","modified_gmt":"2025-09-29T04:21:19","slug":"il-y-a-une-autre-voie","status":"publish","type":"post","link":"https:\/\/www.europesays.com\/fr\/425222\/","title":{"rendered":"Il y a une autre voie"},"content":{"rendered":"<p>            Par<br \/>\n        <strong><br \/>\n            <a href=\"https:\/\/actu.fr\/auteur\/theo-zuili\" title=\"Consulter tous les articles de Th\u00e9o Zuili\" target=\"_blank\" rel=\"noopener\">Th\u00e9o Zuili<\/a><br \/>\n        <\/strong><\/p>\n<p>        Publi\u00e9 le<\/p>\n<p>            29 sept. 2025 \u00e0 6h06        <\/p>\n<p>Thimot\u00e9e Martin-Brossat, 19 ans, n\u2019est pas un candidat comme les autres. L\u2019\u00e9tudiant ambitionne de <strong>devenir le prochain maire du 3e arrondissement<\/strong> de <a href=\"https:\/\/actu.fr\/auvergne-rhone-alpes\/lyon_69123\" target=\"_blank\" rel=\"noopener\">Lyon<\/a> au terme des <a href=\"https:\/\/actu.fr\/tag\/municipales-2026\" target=\"_blank\" rel=\"noopener\">\u00e9lections municipales de 2026<\/a>.<br \/>Sans-\u00e9tiquette, il a ainsi cofond\u00e9 le mouvement \u00ab\u00a0En Action Lyon 3\u00a0\u00bb. Celui qui se pr\u00e9sente comme <strong>l\u2019anti-th\u00e8se des hommes politiques<\/strong> \u00ab\u00a0comme Laurent Wauquiez\u00a0\u00bb et des \u00e9cologistes \u00ab\u00a0qui font la sourde oreille\u00a0\u00bb pr\u00e9sente les grandes lignes de son programme, bien motiv\u00e9 \u00e0 mettre \u00ab\u00a0la coh\u00e9sion sociale\u00a0\u00bb et \u00ab\u00a0la sant\u00e9 mentale\u00a0\u00bb au c\u0153ur des pr\u00e9occupations publiques. Il r\u00e9pond aux questions d\u2019<a href=\"https:\/\/actu.fr\/lyon\/\" target=\"_blank\" rel=\"noopener\">actu Lyon<\/a>.<\/p>\n<p>Un \u00e9tudiant engag\u00e9<\/p>\n<p class=\"ac-article-content__question wall-content\"><strong class=\"color-primary\">Actu : <\/strong>Qui \u00eates-vous ? Pourquoi vous lancer, \u00e0 19 ans, dans une campagne municipale ?<\/p>\n<p class=\" wall-content\"><strong class=\"color-primary\">Thimot\u00e9e Martin-Brossat : <\/strong>J&rsquo;ai v\u00e9cu toute ma vie dans le 3e arrondissement, j&rsquo;ai \u00e9t\u00e9 scolaris\u00e9 ici, j&rsquo;ai fait les associations sportives&#8230; En sortant du lyc\u00e9e, on a voulu redonner la chance que le 3e arrondissement nous a donn\u00e9e. Ma famille ne vient pas du tout du monde politique, mais j&rsquo;ai eu la chance d&rsquo;avoir des professeurs et des proches qui m&rsquo;ont pouss\u00e9 \u00e0 avoir un esprit critique et regarder ce qui m&rsquo;entoure.<\/p>\n<p>Je suis rentr\u00e9 dans la politique avec les syndicats lyc\u00e9ens puis \u00e9tudiants. On n&rsquo;a pas r\u00e9ussi \u00e0 faire ce qu&rsquo;on voulait faire et j&rsquo;ai fini par ne plus voir le but. On a choisi la voie politique, avec l&rsquo;id\u00e9e que \u00e7a nous permettra d&rsquo;aider le plus grand nombre de personnes. Je ne suis pas le seul, c&rsquo;est surtout un mouvement collectif. Je porte la liste qu&rsquo;on va pr\u00e9senter, mais il y a une \u00e9quipe derri\u00e8re.<\/p>\n<p class=\"ac-article-content__question wall-content\">Vous avez \u00e9t\u00e9 membre de l\u2019Union \u00c9tudiante, vous avez manifest\u00e9 contre la venue de Ya\u00ebl Braun-Pivet \u00e0 Lyon-III et \u00eates d\u00e9j\u00e0 attaqu\u00e9 l\u00e0-dessus. \u00c0 l&rsquo;\u00e9poque, Bruno Retailleau avait condamn\u00e9 \u00ab\u00a0des manifestants d\u2019extr\u00eame gauche aux id\u00e9es antis\u00e9mites\u00a0\u00bb. \u00c7a dit quoi de votre engagement politique ?<\/p>\n<p class=\" wall-content\"><strong class=\"color-primary\">TMB : <\/strong>On a fait le choix, au sein du mouvement, de parler de l&rsquo;arrondissement et de Lyon. On vient chacun de milieux diff\u00e9rents et le but est de rassembler autour d&rsquo;un programme local. Mais oui, j&rsquo;ai \u00e9t\u00e9 attaqu\u00e9 l\u00e0-dessus par l&rsquo;extr\u00eame droite, car mon combat politique d&rsquo;hier et aujourd&rsquo;hui a toujours \u00e9t\u00e9 de combattre les id\u00e9es naus\u00e9abondes de l&rsquo;extr\u00eame droite. <\/p>\n<p>Pour revenir sur cette manifestation, non, je ne suis pas un tagueur qui suis all\u00e9 taguer \u00e0 5h du matin, juste un simple manifestant.<\/p>\n<p>Combattre un \u00ab\u00a0sentiment d\u2019abandon\u00a0\u00bb<\/p>\n<p class=\"ac-article-content__question wall-content\">Votre programme part d&rsquo;un constat : vous parlez d\u2019un arrondissement qui se fragmente, d\u2019un \u00ab\u00a0sentiment d\u2019abandon\u00a0\u00bb. Qu&rsquo;est-ce qui vous fait dire \u00e7a ?<\/p>\n<p class=\" wall-content\"><strong class=\"color-primary\">TMB : <\/strong>\u00c0 force de discuter. On a fait ce constat dans le 3\u1d49 arrondissement, mais c&rsquo;est le m\u00eame partout. Les crises successives et les r\u00e9seaux sociaux ont aliment\u00e9 l&rsquo;individualisme. Au-del\u00e0 de \u00e7a, il y a des choix politiques en d\u00e9faveur de la coh\u00e9sion sociale. La mairie doit donner des possibilit\u00e9s de recr\u00e9er du lien.<\/p>\n<p>On a fait le bon constat par rapport \u00e0 d&rsquo;autres qui font leur campagne sur la s\u00e9curit\u00e9 et le civisme, qui pour moi n&rsquo;est pas une vision.<\/p>\n<p class=\"ac-article-content__question wall-content\">Vous dites vouloir \u00ab\u00a0une mairie pr\u00e9sente, active, humaine\u00a0\u00bb : qu\u2019est-ce que \u00e7a signifie au-del\u00e0 du slogan ?<\/p>\n<p class=\" wall-content\"><strong class=\"color-primary\">TMB : <\/strong>Demain, si je suis \u00e9lu, on me voit partout. On arrive avec une fa\u00e7on de faire diff\u00e9rente. On propose une liste locale et citoyenne. De nombreux habitants nous ont rejoints. On n&rsquo;a pas d&rsquo;ordre qui vienne du national, on n&rsquo;a pas de division interne&#8230; \u00c7a change tout, on vient du terrain, c&rsquo;est une d\u00e9mocratie qui sort du sol. <\/p>\n<p>On a cr\u00e9\u00e9 un programme de plus de 25 pages sur le 3e arrondissement, on a cr\u00e9\u00e9 un mouvement, fait un grand meeting\u2026 On est partis de loin, mais on a cr\u00e9\u00e9 et on a rassembl\u00e9 du terrain.<\/p>\n<p class=\"ac-article-content__question wall-content\">Vous insistez aussi sur l&rsquo;importance de \u00ab\u00a0retrouver une coh\u00e9sion sociale\u00a0\u00bb, \u00ab\u00a0faire le lien entre collectifs et associations\u00a0\u00bb : vous pensez que \u00e7a n\u2019existe plus aujourd\u2019hui ? \u00c0 quoi est-ce li\u00e9 ?<\/p>\n<p class=\" wall-content\"><strong class=\"color-primary\">TMB : <\/strong>Ce n&rsquo;est pas une volont\u00e9 de diviser, mais c&rsquo;est une cons\u00e9quence du manque de localit\u00e9 des \u00e9lus \u00e9cologistes. On a eu un syst\u00e8me o\u00f9 on \u00e9lisait un maire sans avoir de lien avec les \u00e9lus d&rsquo;arrondissement. Si le maire du 8\u1d49 est connu localement, ce n&rsquo;est pas le cas de Marion Sessiecq (maire actuelle du 3\u1d49 arrondissement, NDLR) ni de sa pr\u00e9d\u00e9cesseuse.<\/p>\n<p>Il y a besoin de localit\u00e9, de conna\u00eetre son maire. Les commer\u00e7ants de la rue Paul-Bert ne les ont presque jamais vus. Le maire d&rsquo;arrondissement doit pousser la porte de tous les commerces, chaque cr\u00e8che et chaque \u00e9cole. Si on a un sentiment de ne pas \u00eatre \u00e9cout\u00e9s, c&rsquo;est que les \u00e9lus ne sont pas l\u00e0. Parce qu&rsquo;ils sont juste l\u00e0 pour les \u00e9lections. Nous, ce sera tr\u00e8s simple d&rsquo;aller rencontrer les gens, car on les conna\u00eet d\u00e9j\u00e0.<\/p>\n<p>Votre r\u00e9gion, votre actu !<\/p>\n<p>Recevez chaque jour les infos qui comptent pour vous.<\/p>\n<p>\t<a href=\"https:\/\/actu.fr\/newsletter\" class=\"ac-btn ac-btn--corner ac-btn--medium ac-btn--blue800\" target=\"_blank\" rel=\"noopener\">S&rsquo;incrire<\/a><br \/>\nLa \u00ab\u00a0politique autrement\u00a0\u00bb ?<\/p>\n<p class=\"ac-article-content__question wall-content\">Vous allez d\u00e9poser une liste uniquement dans le 3\u1d49 : pourquoi concentrer votre \u00e9nergie sur cet arrondissement pivot ?<\/p>\n<p class=\" wall-content\"><strong class=\"color-primary\">TMB : <\/strong>C&rsquo;est faire le pari de faire autrement, se concentrer sur un arrondissement pour conserver l&rsquo;aspect local. Je ne connais pas aussi bien le reste de Lyon. Un maire d&rsquo;une si grande ville perd cet aspect. \u00c7a restera du travail, car il y a tout de m\u00eame plus de 100 000 habitants !<\/p>\n<p>Avec la nouvelle loi PLM, il y a eu du changement. Avant, on se pr\u00e9sentait \u00e0 l&rsquo;arrondissement pour avoir un tremplin vers la mairie centrale. Je trouve \u00e7a anti-d\u00e9mocratique. Telle que la loi a chang\u00e9, on ne vote plus pour une mairie centrale : l&rsquo;arrondissement est pour l&rsquo;arrondissement ! Donc, votez pour ceux qui travaillent pour l&rsquo;arrondissement, pas pour ceux qui veulent gonfler leurs chiffres nationaux.<\/p>\n<p>Il faut continuer et se battre pour que les \u00e9lus de terrain, les vrais \u00e9lus, aient du pouvoir et pas simplement un r\u00f4le consultatif.<\/p>\n<p class=\"ac-article-content__question wall-content\">Vous vous revendiquez \u00ab\u00a0sans langue de bois\u00a0\u00bb, pour faire de la \u00ab\u00a0politique autrement\u00a0\u00bb : c\u2019est quoi concr\u00e8tement, au-del\u00e0 d\u2019un slogan ? Et par quels moyens comptez-vous parvenir \u00e0 vos fins ?<\/p>\n<p class=\" wall-content\"><strong class=\"color-primary\">TMB : <\/strong>La diff\u00e9rence, c&rsquo;est la redevabilit\u00e9. Vu qu&rsquo;on habite ici, si on fait une promesse pas tenue, on sera au contact de ceux qui nous diront qu&rsquo;on a menti.\u00a0<\/p>\n<p>Quand j&rsquo;\u00e9tais petit, j&rsquo;allais place Sainte-Anne voir les petites projections dans le quartier. Ce n&rsquo;\u00e9tait pas grand-chose, mais c&rsquo;\u00e9tait vivre la F\u00eate des Lumi\u00e8res comme des Lyonnais, loin des touristes sur la Presqu&rsquo;\u00eele. Il faut la ramener dans nos quartiers. <\/p>\n<p>Patrimoine, culture, sport, jeunesse, solidarit\u00e9, tranquillit\u00e9 et s\u00e9curit\u00e9, et j&rsquo;en oublie. Dans nos grosses annonces : il faut cr\u00e9er un grand festival de la culture dans le 3\u1d49 arrondissement. On va organiser un grand march\u00e9 \u00ab\u00a0Vivaldi\u00a0\u00bb sur chaque saison, o\u00f9 mettre en avant les associations culturelles, les artisans, producteurs et agriculteurs locaux de saison. On tombe actuellement dans une \u00e9cologie punitive, il faut plut\u00f4t encourager le changement positivement. Notre programme sera en ligne tr\u00e8s bient\u00f4t.<\/p>\n<p>J&rsquo;aimerais aussi parler de la sant\u00e9 mentale. L&rsquo;isolement des s\u00e9niors. Le burnout, la solitude, la d\u00e9pression&#8230; Personne n&rsquo;en parle, car c&rsquo;est tr\u00e8s tabou, mais nous, on propose de trouver des solutions.\u00a0<\/p>\n<p>Jean-Michel Aulas, Rudigoz, Oliver\u2026\u00a0<\/p>\n<p class=\"ac-article-content__question wall-content\">Comment avez-vous r\u00e9uni le budget n\u00e9cessaire \u00e0 cette campagne ?<\/p>\n<p class=\" wall-content\"><strong class=\"color-primary\">TMB : <\/strong>S&rsquo;il n&rsquo;y avait personne autour de moi, je n&rsquo;aurais jamais fait un emprunt de 5 000 euros. Je me suis endett\u00e9 pour financer la campagne, ce qui offre aussi une ind\u00e9pendance financi\u00e8re. On va aussi ouvrir aux dons pour continuer \u00e0 financer.<\/p>\n<p>Il faut \u00eatre fou pour se lancer comme \u00e7a, mais c&rsquo;est cette originalit\u00e9 qui fait qu&rsquo;on est entendus. <\/p>\n<p class=\"ac-article-content__question wall-content\">Une nouvelle liste port\u00e9e par un jeune\u2026 certains diront qu&rsquo;il s&rsquo;agit d&rsquo;une promesse id\u00e9aliste et na\u00efve port\u00e9e par l\u2019enthousiasme et la jeunesse plut\u00f4t qu&rsquo;une vraie envie de gouverner. Que r\u00e9pondez-vous ?<\/p>\n<p class=\" wall-content\"><strong class=\"color-primary\">TMB : <\/strong>Entre un mouvement local, citoyen, ind\u00e9pendant avec des jeunes et toute une mixit\u00e9 sociale et un Jean-Michel Aulas qui a 76 ans, qui sert des mains avec Laurent Wauquiez, d\u00e9test\u00e9 par les Lyonnais, et Pierre Oliver qui fait du pipeau, des vid\u00e9os tous les jours et des serrages de main \u00e0 tout le monde pour avoir un si\u00e8ge&#8230; Je pense \u00e0 la culture, au TNG, qui se sont vus supprimer leurs subventions. Ils sont la cause de la mort de la culture dans Lyon et la m\u00e9tropole.<\/p>\n<p>Ils ne connaissent pas la r\u00e9alit\u00e9 du terrain. Quand on veut faire de la politique, ce n&rsquo;est pas une envie juste parce qu&rsquo;on a de l&rsquo;argent, c&rsquo;est des citoyens qui s&rsquo;engagent et prennent des risques. Il ne suffit pas de payer des sondages et distribuer 100 000 lettres. En v\u00e9rit\u00e9, Aulas repr\u00e9sente quelque chose, il pourrait donner envie. Mais les gens autour de lui ne donnent pas envie. <\/p>\n<p>Thomas Rudigoz, \u00e7a fait des ann\u00e9es qu&rsquo;il est en politique et qu&rsquo;il ne fait que serrer des mains. Oliver, Wauquiez&#8230; C&rsquo;est \u00e0 cause d&rsquo;eux que les gens sont d\u00e9go\u00fbt\u00e9s. Ont-ils une v\u00e9ritable vision pour Lyon ? Ils pensent quoi des ATSEM ? Ils parlent ni de culture, ni de patrimoine, ni de sant\u00e9 mentale. Ils sont attach\u00e9s au pouvoir. Nous, on essaie, alors essayez-nous. On veut juste montrer qu&rsquo;il y a une autre voie, et qu&rsquo;elle est possible.<\/p>\n<p>\u00ab\u00a0\u00c0 vous de nous essayer\u00a0\u00bb<\/p>\n<p class=\"ac-article-content__question wall-content\">Si vous \u00e9chouez : quel regard porterez-vous dans X ann\u00e9es sur ces mois de campagne ?<\/p>\n<p class=\" wall-content\"><strong class=\"color-primary\">TMB : <\/strong>On n&rsquo;\u00e9chouera pas. Ce serait dommage de voir rater des gens qui ont \u00e9t\u00e9 d\u00e9go\u00fbt\u00e9s de la politique, mais qui maintenant se donnent pour une derni\u00e8re chance. Il faut croire en la jeunesse. \u00c7a m&#8217;emp\u00eacherait un peu de dormir, car il y a des gens qui se motivent et s&rsquo;il n&rsquo;y a pas le reflet de la motivation derri\u00e8re, ce sera en vain.<\/p>\n<p class=\"ac-article-content__question wall-content\">Vous \u00eates de gauche, mais vous n\u2019entrez ni chez les Insoumis, ni chez les \u00e9colos, ni ailleurs. Pourquoi rester en dehors des partis \u00e9tablis ?<\/p>\n<p class=\" wall-content\"><strong class=\"color-primary\">TMB : <\/strong>On a discut\u00e9 avec les \u00e9cologistes, Georges K\u00e9p\u00e9n\u00e9kian, Sandrine Runel, Place Publique&#8230; Pour ouvrir le d\u00e9bat, mais jamais se rattacher. Ce n&rsquo;est pas notre logique. On a construit un programme et cr\u00e9\u00e9 une \u00e9quipe. On est de gauche, c&rsquo;est s\u00fbr, mais on a envie de travailler ind\u00e9pendance et localit\u00e9.<\/p>\n<p class=\"ac-article-content__question wall-content\">Vous dites vouloir \u00ab\u00a0faire la politique avec les gens, et non \u00e0 leur place\u00a0\u00bb. Promesse s\u00e9duisante, mais comment \u00e9viter le populisme ou la d\u00e9magogie derri\u00e8re \u00e7a ?<\/p>\n<p class=\" wall-content\"><strong class=\"color-primary\">TMB : <\/strong>C&rsquo;est une question int\u00e9ressante, mais je ne m&rsquo;appelle pas Edouard Hoffmann ni Pierre Oliver. Quand on dit \u00e7a, on touche \u00e0 une partie de notre programme qui est la participation citoyenne. \u00c7a, les \u00e9cologistes n&rsquo;ont pas r\u00e9ussi. Ils font des consultations et restent sourdes oreilles. La mairie d&rsquo;arrondissement doit au contraire prendre note et faire remonter les avis. C&rsquo;est \u00e7a \u00ab\u00a0faire la politique avec les gens, et non \u00e0 leur place\u00a0\u00bb.\u00a0<\/p>\n<p class=\"ac-article-content__question wall-content\">Vous n\u2019avez pas peur, en vous pr\u00e9sentant seuls, de diviser la gauche et de favoriser la droite dans cet arrondissement ?<\/p>\n<p class=\" wall-content\"><strong class=\"color-primary\">TMB : <\/strong>D&rsquo;affaiblir la gauche&#8230; L&rsquo;immaturit\u00e9 ne vient pas de nous, elle vient d&rsquo;eux : les \u00e9colos vont se pr\u00e9senter, avec ou sans le PS, les Insoumis y vont de leur c\u00f4t\u00e9, et Nathalie Perrin-Gilbert, figure locale, qui je ne sais m\u00eame plus si elle est \u00e0 gauche. \u00c7a fait entre cinq et six courants qui se pr\u00e9sentent. Ils apportent tous la m\u00eame id\u00e9e, en fin de compte. On en a marre, tournez la page, nous, on apporte quelque chose de nouveau.<\/p>\n<p class=\" wall-content\">Personnalisez votre actualit\u00e9 en ajoutant vos villes et m\u00e9dias en favori avec <a href=\"https:\/\/moncompte.actu.fr\" title=\"D\u00e9couvez Mon Actu\" rel=\"nofollow noopener\" data-trk=\"{&quot;cta&quot;:{&quot;action&quot;:&quot;https:\\\/\\\/moncompte.actu.fr&quot;,&quot;category&quot;:&quot;mon compte&quot;,&quot;from&quot;:&quot;article footer&quot;,&quot;name&quot;:&quot;Mon actu&quot;,&quot;type&quot;:&quot;cta&quot;}}\" target=\"_blank\">Mon Actu<\/a>.<\/p>\n","protected":false},"excerpt":{"rendered":"Par Th\u00e9o Zuili Publi\u00e9 le 29 sept. 2025 \u00e0 6h06 Thimot\u00e9e Martin-Brossat, 19 ans, n\u2019est pas un candidat&hellip;\n","protected":false},"author":2,"featured_media":425223,"comment_status":"","ping_status":"","sticky":false,"template":"","format":"standard","meta":{"footnotes":""},"categories":[1889],"tags":[1111,11,2430,4188,1777,674,1011,27,5226,5227,2428,3434,12,316,25],"class_list":{"0":"post-425222","1":"post","2":"type-post","3":"status-publish","4":"format-standard","5":"has-post-thumbnail","7":"category-lyon","8":"tag-actu","9":"tag-actualites","10":"tag-auvergne-rhone-alpes","11":"tag-elections-municipales","12":"tag-eu","13":"tag-europe","14":"tag-fr","15":"tag-france","16":"tag-gregory-doucet","17":"tag-jean-michel-aulas","18":"tag-lyon","19":"tag-municipales-2026","20":"tag-news","21":"tag-politique","22":"tag-republique-francaise"},"share_on_mastodon":{"url":"https:\/\/pubeurope.com\/@fr\/115285674292065319","error":""},"_links":{"self":[{"href":"https:\/\/www.europesays.com\/fr\/wp-json\/wp\/v2\/posts\/425222","targetHints":{"allow":["GET"]}}],"collection":[{"href":"https:\/\/www.europesays.com\/fr\/wp-json\/wp\/v2\/posts"}],"about":[{"href":"https:\/\/www.europesays.com\/fr\/wp-json\/wp\/v2\/types\/post"}],"author":[{"embeddable":true,"href":"https:\/\/www.europesays.com\/fr\/wp-json\/wp\/v2\/users\/2"}],"replies":[{"embeddable":true,"href":"https:\/\/www.europesays.com\/fr\/wp-json\/wp\/v2\/comments?post=425222"}],"version-history":[{"count":0,"href":"https:\/\/www.europesays.com\/fr\/wp-json\/wp\/v2\/posts\/425222\/revisions"}],"wp:featuredmedia":[{"embeddable":true,"href":"https:\/\/www.europesays.com\/fr\/wp-json\/wp\/v2\/media\/425223"}],"wp:attachment":[{"href":"https:\/\/www.europesays.com\/fr\/wp-json\/wp\/v2\/media?parent=425222"}],"wp:term":[{"taxonomy":"category","embeddable":true,"href":"https:\/\/www.europesays.com\/fr\/wp-json\/wp\/v2\/categories?post=425222"},{"taxonomy":"post_tag","embeddable":true,"href":"https:\/\/www.europesays.com\/fr\/wp-json\/wp\/v2\/tags?post=425222"}],"curies":[{"name":"wp","href":"https:\/\/api.w.org\/{rel}","templated":true}]}}