{"id":425224,"date":"2025-09-29T04:22:12","date_gmt":"2025-09-29T04:22:12","guid":{"rendered":"https:\/\/www.europesays.com\/fr\/425224\/"},"modified":"2025-09-29T04:22:12","modified_gmt":"2025-09-29T04:22:12","slug":"emirates-recrute-son-futur-personnel-de-cabine-a-lyon","status":"publish","type":"post","link":"https:\/\/www.europesays.com\/fr\/425224\/","title":{"rendered":"Emirates recrute son futur personnel de cabine \u00e0 Lyon"},"content":{"rendered":"<p>Et si vous montiez \u00e0 bord\u00a0? La compagnie Emirates sera de passage \u00e0 Lyon le lundi 6\u00a0octobre prochain pour recruter son futur personnel de cabine, annonce l\u2019entreprise \u00e9miratie bas\u00e9e \u00e0 Duba\u00ef. D\u00e8s 9\u00a0h, au Crowne Plaza Lyon Cit\u00e9 Internationale, les candidats pourront d\u00e9couvrir en d\u00e9tail le programme qui les attend si leur profil est retenu\u00a0: 13 jours d\u2019enseignement pour assurer la s\u00e9curit\u00e9 et savoir faire face aux urgences, 13 jours d\u2019apprentissage par le service ou encore 5 jours de formation m\u00e9dicale.<\/p>\n<p>Au total, ce sont sept semaines et demie de formation intense qui seront effectu\u00e9es au sein des installations modernes de la compagnie \u00e0 Duba\u00ef.<\/p>\n<p>Ce contenu est bloqu\u00e9 car vous n&rsquo;avez pas accept\u00e9 les cookies et autres traceurs.<\/p>\n<p>En cliquant sur \u00ab J\u2019accepte \u00bb, les cookies et autres traceurs seront d\u00e9pos\u00e9s et vous pourrez visualiser les contenus  (<a href=\"\" class=\"consentModule_policy\" target=\"_blank\" title=\"Consulter la politique de protection des donn\u00e9es du fournisseur\">plus d&rsquo;informations<\/a>).<\/p>\n<p>En cliquant sur \u00ab J\u2019accepte tous les cookies \u00bb, vous autorisez des d\u00e9p\u00f4ts de cookies et autres traceurs pour le stockage de vos donn\u00e9es sur nos sites et applications \u00e0 des fins de personnalisation et de ciblage publicitaire.<\/p>\n<p class=\"consentModule_secondaryText\">Vous gardez la possibilit\u00e9 de retirer votre consentement \u00e0 tout moment en consultant notre <a href=\"https:\/\/www.leprogres.fr\/protection-des-donnees\" target=\"_blank\" title=\"Consulter notre politique de protection des donn\u00e9es\" rel=\"noopener\">politique de protection des donn\u00e9es<\/a>. <br \/>&#13;<br \/>\n            <a href=\"https:\/\/www.leprogres.fr\/social\/2025\/09\/29\/javascript:Didomi.notice.show()\" class=\"consentModule_cmp\" target=\"_blank\" rel=\"noopener\">G\u00e9rer mes choix<\/a>&#13;\n        <\/p>\n<p>&#13;<br \/>\n                        J&rsquo;accepte&#13;<br \/>\n            J&rsquo;accepte tous les cookies&#13;\n        <\/p>\n<p>  Logement, assurance, voyages, \u2026 Les atouts charmes d\u2019Emirates<\/p>\n<p>\u00c0 travers cette journ\u00e9e d\u00e9couverte, <a href=\"https:\/\/www.leprogres.fr\/transport\/2025\/06\/20\/l-aeroport-lyon-saint-exupery-va-t-il-voir-son-trafic-s-envoler-cet-ete\" target=\"_blank\" rel=\"noopener\">Emirates esp\u00e8re s\u00e9duire<\/a> les meilleurs \u00e9l\u00e9ments gr\u00e2ce aux avantages sociaux qu\u2019offre la compagnie, \u00e0 commencer par un logement de fonction tous frais pay\u00e9s (meubl\u00e9, eau et \u00e9lectricit\u00e9 incluses). Le transport entre le domicile et le lieu de travail, ainsi que la couverture m\u00e9dicale sont \u00e9galement pris en charge. Le personnel b\u00e9n\u00e9ficie aussi de r\u00e9ductions de voyage sur d\u2019autres compagnies a\u00e9riennes. C\u00f4t\u00e9 r\u00e9mun\u00e9ration, le salaire mensuel de d\u00e9part, sur des vols en classe \u00e9conomique, s\u2019\u00e9l\u00e8ve \u00e0 2\u00a0600\u00a0euros environ. Les possibilit\u00e9s d\u2019\u00e9volution sont ensuite nombreuses.<\/p>\n<p>  Quels sont les crit\u00e8res pour postuler\u00a0?<\/p>\n<p>Pour avoir l\u2019opportunit\u00e9 de rejoindre le personnel de cabine, il est demand\u00e9 de ma\u00eetriser l\u2019anglais \u00e0 l\u2019\u00e9crit et \u00e0 l\u2019oral, d\u2019avoir fait des \u00e9tudes sup\u00e9rieures et d\u2019avoir au moins un an d\u2019exp\u00e9rience\u00a0dans <a href=\"https:\/\/www.leprogres.fr\/education\/2025\/09\/26\/forum-des-metiers-de-bouche-un-concours-pour-servir-les-mots-sur-un-plateau\" target=\"_blank\" rel=\"noopener\">l\u2019h\u00f4tellerie ou le service \u00e0 la client\u00e8le<\/a>.\u00a0Les candidats doivent \u00eatre \u00e2g\u00e9s de 21 ans minimum, mesurer au moins 1m60 et \u00eatre capable d\u2019atteindre 2m12 de haut. Emirates recherche \u00ab\u00a0des personnalit\u00e9s lumineuses\u00a0\u00bb. Aucun tatouage ne doit \u00eatre visible en uniforme. En outre, il faut pouvoir r\u00e9pondre aux exigences des \u00c9mirats arabes unis en mati\u00e8re de visa de travail.<\/p>\n<p>Les int\u00e9ress\u00e9s peuvent d\u00e8s aujourd\u2019hui d\u00e9poser leur candidature en ligne, accompagn\u00e9e d\u2019un CV en anglais et d\u2019une photographie r\u00e9cente. Cette pr\u00e9inscription est conseill\u00e9e. Le jour m\u00eame, les candidats devront respecter un dress code, disponible sur le site internet.<\/p>\n<p class=\"note\">Recrutement Emirates.\u00a0Lundi 6\u00a0octobre, \u00e0 9\u00a0h, au Crowne Plaza Lyon Cit\u00e9 Internationale, situ\u00e9 22 Quai <a href=\"https:\/\/www.leprogres.fr\/p\/charles-de-gaulle\" target=\"_blank\" rel=\"noopener\">Charles de Gaulle<\/a> (6e). Site internet\u00a0: <a href=\"https:\/\/www.emiratesgroupcareers.com\/cabin-crew\/\" target=\"_blank\" rel=\"noopener\">www.emiratesgroupcareers.com\/cabin-crew<\/a><\/p>\n","protected":false},"excerpt":{"rendered":"Et si vous montiez \u00e0 bord\u00a0? La compagnie Emirates sera de passage \u00e0 Lyon le lundi 6\u00a0octobre prochain&hellip;\n","protected":false},"author":2,"featured_media":425225,"comment_status":"","ping_status":"","sticky":false,"template":"","format":"standard","meta":{"footnotes":""},"categories":[1889],"tags":[1111,11,2430,2757,341,1777,674,107,1011,27,2428,2756,12,25,2429,801],"class_list":{"0":"post-425224","1":"post","2":"type-post","3":"status-publish","4":"format-standard","5":"has-post-thumbnail","7":"category-lyon","8":"tag-actu","9":"tag-actualites","10":"tag-auvergne-rhone-alpes","11":"tag-edition-lyon-villeurbanne","12":"tag-emploi","13":"tag-eu","14":"tag-europe","15":"tag-fil-info","16":"tag-fr","17":"tag-france","18":"tag-lyon","19":"tag-lyon-bassin","20":"tag-news","21":"tag-republique-francaise","22":"tag-rhone","23":"tag-social"},"share_on_mastodon":{"url":"https:\/\/pubeurope.com\/@fr\/115285677998113328","error":""},"_links":{"self":[{"href":"https:\/\/www.europesays.com\/fr\/wp-json\/wp\/v2\/posts\/425224","targetHints":{"allow":["GET"]}}],"collection":[{"href":"https:\/\/www.europesays.com\/fr\/wp-json\/wp\/v2\/posts"}],"about":[{"href":"https:\/\/www.europesays.com\/fr\/wp-json\/wp\/v2\/types\/post"}],"author":[{"embeddable":true,"href":"https:\/\/www.europesays.com\/fr\/wp-json\/wp\/v2\/users\/2"}],"replies":[{"embeddable":true,"href":"https:\/\/www.europesays.com\/fr\/wp-json\/wp\/v2\/comments?post=425224"}],"version-history":[{"count":0,"href":"https:\/\/www.europesays.com\/fr\/wp-json\/wp\/v2\/posts\/425224\/revisions"}],"wp:featuredmedia":[{"embeddable":true,"href":"https:\/\/www.europesays.com\/fr\/wp-json\/wp\/v2\/media\/425225"}],"wp:attachment":[{"href":"https:\/\/www.europesays.com\/fr\/wp-json\/wp\/v2\/media?parent=425224"}],"wp:term":[{"taxonomy":"category","embeddable":true,"href":"https:\/\/www.europesays.com\/fr\/wp-json\/wp\/v2\/categories?post=425224"},{"taxonomy":"post_tag","embeddable":true,"href":"https:\/\/www.europesays.com\/fr\/wp-json\/wp\/v2\/tags?post=425224"}],"curies":[{"name":"wp","href":"https:\/\/api.w.org\/{rel}","templated":true}]}}