{"id":425228,"date":"2025-09-29T04:25:10","date_gmt":"2025-09-29T04:25:10","guid":{"rendered":"https:\/\/www.europesays.com\/fr\/425228\/"},"modified":"2025-09-29T04:25:10","modified_gmt":"2025-09-29T04:25:10","slug":"plus-de-2-500-postes-a-pourvoir-dans-le-pret-a-porter-a-la-ratp-ou-encore-a-la-ville-de-paris","status":"publish","type":"post","link":"https:\/\/www.europesays.com\/fr\/425228\/","title":{"rendered":"plus de 2 500 postes \u00e0 pourvoir dans le pr\u00eat \u00e0 porter, \u00e0 la RATP ou encore \u00e0 la Ville de Paris"},"content":{"rendered":"<p>            Par<br \/>\n        <strong><br \/>\n            <a href=\"https:\/\/actu.fr\/auteur\/redaction-paris\" title=\"Consulter tous les articles de R\u00e9daction Paris\" target=\"_blank\" rel=\"noopener\">R\u00e9daction Paris<\/a><br \/>\n        <\/strong><\/p>\n<p>        Publi\u00e9 le<\/p>\n<p>            29 sept. 2025 \u00e0 6h14        <\/p>\n<p>Les Halles vont se transformer en gigantesque centre de recrutement. Mercredi 8\u00a0octobre 2025, les badauds du Ch\u00e2telet ne viendront plus seulement faire du shopping ou changer de ligne de m\u00e9tro. Certains vont pouvoir candidater afin de <strong>d\u00e9crocher un emploi<\/strong> gr\u00e2ce \u00e0 un job dating organis\u00e9 en plein milieu du <a href=\"https:\/\/actu.fr\/ile-de-france\/paris_75056\/panne-d-electricite-au-forum-des-halles-a-paris-ce-que-l-on-sait-de-cette-geante-coupure-de-courant_63121892.html\" target=\"_blank\" rel=\"noopener\">centre commercial Westfield<\/a>. Plus de 2\u2009500 postes sont \u00e0 pourvoir.<\/p>\n<p>Munissez-vous de votre CV !<\/p>\n<p class=\" wall-content\">H&amp;M, Lego, Intersport, Celio\u2026 Une trentaine d\u2019enseignes ainsi que des acteurs externes tels que la RATP, la Ville de Paris ou encore l\u2019Arm\u00e9e de l\u2019Air feront passer des entretiens d\u2019embauche. L\u2019\u00e9v\u00e9nement se d\u00e9roule en partenariat avec France Travail Paris, la Mission locale de Paris et la Chambre du Commerce et d\u2019Industrie (CCI). Alternance pour les jeunes, emploi pour les personnes \u00e9loign\u00e9es, les seniors\u2026 \u00ab\u2009L\u2019objectif est d\u2019accompagner et de <strong>faciliter l\u2019acc\u00e8s \u00e0 l\u2019emploi<\/strong> de tous\u2009\u00bb, souligne le communiqu\u00e9 de Westfield.<\/p>\n<p class=\" wall-content\">Cette ann\u00e9e, en parall\u00e8le du partenariat historique avec l\u2019\u00c9cole de la deuxi\u00e8me chance, le centre commercial s\u2019est associ\u00e9 avec la Ligue des Jeunes Talents, le Centre d\u2019Information et de Documentation Jeunesse, le Quartier Jeunes et le collectif Les entreprises s\u2019engagent. <strong>Des formations<\/strong> seront ensuite propos\u00e9es les 6 et 7\u00a0octobre aux demandeurs d\u2019emploi, afin de les pr\u00e9parer aux attentes des employeurs.<\/p>\n<p class=\" wall-content\">Pour rappel, un job dating avait d\u00e9j\u00e0 \u00e9t\u00e9 organis\u00e9 l\u2019an pass\u00e9 au cours duquel 4\u2009500 entretiens avaient \u00e9t\u00e9 effectu\u00e9s par 2\u2009500\u00a0participants.<\/p>\n<p><strong>Infos pratiques<\/strong><br \/>Mercredi 8\u00a0octobre 2025, de 10\u2009h \u00e0 17\u2009h.<br \/>Westfield Forum Les Halles \u2013 terrasse 1 sous la Canop\u00e9e.<br \/>Les candidats doivent se munir d\u2019un CV et pourront rencontrer directement les recruteurs pr\u00e9sents.<\/p>\n<p class=\" wall-content\">Personnalisez votre actualit\u00e9 en ajoutant vos villes et m\u00e9dias en favori avec <a href=\"https:\/\/moncompte.actu.fr\" title=\"D\u00e9couvez Mon Actu\" rel=\"nofollow noopener\" data-trk=\"{&quot;cta&quot;:{&quot;action&quot;:&quot;https:\\\/\\\/moncompte.actu.fr&quot;,&quot;category&quot;:&quot;mon compte&quot;,&quot;from&quot;:&quot;article footer&quot;,&quot;name&quot;:&quot;Mon actu&quot;,&quot;type&quot;:&quot;cta&quot;}}\" target=\"_blank\">Mon Actu<\/a>.<\/p>\n","protected":false},"excerpt":{"rendered":"Par R\u00e9daction Paris Publi\u00e9 le 29 sept. 2025 \u00e0 6h14 Les Halles vont se transformer en gigantesque centre&hellip;\n","protected":false},"author":2,"featured_media":425229,"comment_status":"","ping_status":"","sticky":false,"template":"","format":"standard","meta":{"footnotes":""},"categories":[1888],"tags":[1111,1928,11,1927,16079,341,1777,674,1011,27,530,12,1926,626,1925,25,104],"class_list":{"0":"post-425228","1":"post","2":"type-post","3":"status-publish","4":"format-standard","5":"has-post-thumbnail","7":"category-paris","8":"tag-actu","9":"tag-actu-paris","10":"tag-actualites","11":"tag-actualites-paris","12":"tag-chatelet","13":"tag-emploi","14":"tag-eu","15":"tag-europe","16":"tag-fr","17":"tag-france","18":"tag-france-travail","19":"tag-news","20":"tag-news-paris","21":"tag-paris","22":"tag-paris-news","23":"tag-republique-francaise","24":"tag-societe"},"share_on_mastodon":{"url":"https:\/\/pubeurope.com\/@fr\/115285689831812980","error":""},"_links":{"self":[{"href":"https:\/\/www.europesays.com\/fr\/wp-json\/wp\/v2\/posts\/425228","targetHints":{"allow":["GET"]}}],"collection":[{"href":"https:\/\/www.europesays.com\/fr\/wp-json\/wp\/v2\/posts"}],"about":[{"href":"https:\/\/www.europesays.com\/fr\/wp-json\/wp\/v2\/types\/post"}],"author":[{"embeddable":true,"href":"https:\/\/www.europesays.com\/fr\/wp-json\/wp\/v2\/users\/2"}],"replies":[{"embeddable":true,"href":"https:\/\/www.europesays.com\/fr\/wp-json\/wp\/v2\/comments?post=425228"}],"version-history":[{"count":0,"href":"https:\/\/www.europesays.com\/fr\/wp-json\/wp\/v2\/posts\/425228\/revisions"}],"wp:featuredmedia":[{"embeddable":true,"href":"https:\/\/www.europesays.com\/fr\/wp-json\/wp\/v2\/media\/425229"}],"wp:attachment":[{"href":"https:\/\/www.europesays.com\/fr\/wp-json\/wp\/v2\/media?parent=425228"}],"wp:term":[{"taxonomy":"category","embeddable":true,"href":"https:\/\/www.europesays.com\/fr\/wp-json\/wp\/v2\/categories?post=425228"},{"taxonomy":"post_tag","embeddable":true,"href":"https:\/\/www.europesays.com\/fr\/wp-json\/wp\/v2\/tags?post=425228"}],"curies":[{"name":"wp","href":"https:\/\/api.w.org\/{rel}","templated":true}]}}