{"id":425230,"date":"2025-09-29T04:27:28","date_gmt":"2025-09-29T04:27:28","guid":{"rendered":"https:\/\/www.europesays.com\/fr\/425230\/"},"modified":"2025-09-29T04:27:28","modified_gmt":"2025-09-29T04:27:28","slug":"les-petits-champions-de-la-lecture-rassemblent-toujours-des-jeunes-dans-les-yvelines","status":"publish","type":"post","link":"https:\/\/www.europesays.com\/fr\/425230\/","title":{"rendered":"Les Petits champions de la lecture rassemblent toujours des jeunes dans les Yvelines"},"content":{"rendered":"<p><img decoding=\"async\" class=\"\" style=\"width:100%\" src=\"https:\/\/www.europesays.com\/fr\/wp-content\/uploads\/2025\/09\/petits_champions_de_la_lecture1730721191241.png\" alt=\"Les petits champions de la lecture\"\/><\/p>\n<p>Les petits champions de la lecture<\/p>\n<p>Cr\u00e9dit : Droits r\u00e9serv\u00e9s<\/p>\n<p lang=\"fr-FR\" style=\"margin-bottom: 0cm;\">La 14\u00e8me \u00e9dition de ce grand jeu de lecture \u00e0 voix haute (pour les CM1\/CM2), d\u00e9bute d\u00e9j\u00e0 \u00ab\u00a0sur les chapeaux de roue\u00a0\u00bb selon les organisateurs. Dans le d\u00e9tail, il y a actuellement 3.159 classes inscrites\u00a0: c&rsquo;est 600 de plus que l&rsquo;an dernier \u00e0 la m\u00eame date. Dans les Yvelines aussi, des jeunes vont lire durant 2 \u00e0 3 minutes un extrait d&rsquo;un livre de fiction qu&rsquo;ils aiment. Dans le d\u00e9partement, 151 classes sont inscrites. Dans la r\u00e9gion, les organisateurs recherchent 7 lieux pour accueillir les finales d\u00e9partementales.<\/p>\n<p lang=\"fr-FR\" style=\"margin-bottom: 0cm;\">\u00a0<\/p>\n<p lang=\"fr-FR\" style=\"margin-bottom: 0cm;\">Nicolas Chacun<\/p>\n<p>!function(f,b,e,v,n,t,s){if(f.fbq)return;n=f.fbq=function(){n.callMethod?<br \/>\nn.callMethod.apply(n,arguments):n.queue.push(arguments)};if(!f._fbq)f._fbq=n;<br \/>\nn.push=n;n.loaded=!0;n.version=&rsquo;2.0&prime;;n.queue=[];t=b.createElement(e);t.async=!0;<br \/>\nt.src=v;s=b.getElementsByTagName(e)[0];s.parentNode.insertBefore(t,s)}(window,<br \/>\ndocument,&rsquo;script&rsquo;,&rsquo;https:\/\/connect.facebook.net\/en_US\/fbevents.js&rsquo;);<br \/>\nfbq(&lsquo;init&rsquo;, &lsquo;278974969201861&rsquo;); \/\/ Insert your pixel ID here.<br \/>\nfbq(&lsquo;track&rsquo;, &lsquo;PageView&rsquo;);<\/p>\n","protected":false},"excerpt":{"rendered":"Les petits champions de la lecture Cr\u00e9dit : Droits r\u00e9serv\u00e9s La 14\u00e8me \u00e9dition de ce grand jeu de&hellip;\n","protected":false},"author":2,"featured_media":425231,"comment_status":"","ping_status":"","sticky":false,"template":"","format":"standard","meta":{"footnotes":""},"categories":[1888],"tags":[11,1933,1936,1777,1939,674,1011,27,1934,12,1940,626,1935,25,1937,1941,1938],"class_list":{"0":"post-425230","1":"post","2":"type-post","3":"status-publish","4":"format-standard","5":"has-post-thumbnail","7":"category-paris","8":"tag-actualites","9":"tag-actualites-locales","10":"tag-essonne","11":"tag-eu","12":"tag-eure-et-loir","13":"tag-europe","14":"tag-fr","15":"tag-france","16":"tag-infos-locales","17":"tag-news","18":"tag-oise","19":"tag-paris","20":"tag-pres-de-chez-vous","21":"tag-republique-francaise","22":"tag-seine-et-marne","23":"tag-somme","24":"tag-yvelines"},"share_on_mastodon":{"url":"https:\/\/pubeurope.com\/@fr\/115285698140820128","error":""},"_links":{"self":[{"href":"https:\/\/www.europesays.com\/fr\/wp-json\/wp\/v2\/posts\/425230","targetHints":{"allow":["GET"]}}],"collection":[{"href":"https:\/\/www.europesays.com\/fr\/wp-json\/wp\/v2\/posts"}],"about":[{"href":"https:\/\/www.europesays.com\/fr\/wp-json\/wp\/v2\/types\/post"}],"author":[{"embeddable":true,"href":"https:\/\/www.europesays.com\/fr\/wp-json\/wp\/v2\/users\/2"}],"replies":[{"embeddable":true,"href":"https:\/\/www.europesays.com\/fr\/wp-json\/wp\/v2\/comments?post=425230"}],"version-history":[{"count":0,"href":"https:\/\/www.europesays.com\/fr\/wp-json\/wp\/v2\/posts\/425230\/revisions"}],"wp:featuredmedia":[{"embeddable":true,"href":"https:\/\/www.europesays.com\/fr\/wp-json\/wp\/v2\/media\/425231"}],"wp:attachment":[{"href":"https:\/\/www.europesays.com\/fr\/wp-json\/wp\/v2\/media?parent=425230"}],"wp:term":[{"taxonomy":"category","embeddable":true,"href":"https:\/\/www.europesays.com\/fr\/wp-json\/wp\/v2\/categories?post=425230"},{"taxonomy":"post_tag","embeddable":true,"href":"https:\/\/www.europesays.com\/fr\/wp-json\/wp\/v2\/tags?post=425230"}],"curies":[{"name":"wp","href":"https:\/\/api.w.org\/{rel}","templated":true}]}}