{"id":425238,"date":"2025-09-29T04:31:12","date_gmt":"2025-09-29T04:31:12","guid":{"rendered":"https:\/\/www.europesays.com\/fr\/425238\/"},"modified":"2025-09-29T04:31:12","modified_gmt":"2025-09-29T04:31:12","slug":"derniere-chance-pour-eviter-un-shutdown-aux-etats-unis","status":"publish","type":"post","link":"https:\/\/www.europesays.com\/fr\/425238\/","title":{"rendered":"Derni\u00e8re chance pour \u00e9viter un \u00abshutdown\u00bb aux \u00c9tats-Unis"},"content":{"rendered":"<p>Le budget des minist\u00e8res et des agences f\u00e9d\u00e9rales n\u2019a pas encore \u00e9t\u00e9 adopt\u00e9. Donald Trump menace d\u2019en profiter pour tailler dans l\u2019administration.<\/p>\n<p class=\"fig-paragraph\">L\u2019Am\u00e9rique est partie pour conna\u00eetre un nouveau \u00ab\u00a0shutdown\u00a0\u00bb \u00e0 compter de mercredi matin \u00e0 la premi\u00e8re heure. \u00c0 moins qu\u2019une r\u00e9union de derni\u00e8re minute, initialement non programm\u00e9e, entre le pr\u00e9sident Trump et les leaders du Congr\u00e8s, d\u00e9bouche lundi sur un sursis.<\/p>\n<p class=\"fig-paragraph\">Le\u00a0<a href=\"http:\/\/www.lefigaro.fr\/conjoncture\/dans-un-climat-de-tension-inedit-attise-par-trump-la-fed-s-apprete-a-baisser-ses-taux-20250916\" data-fig-type=\"Article\" data-gtm-custom-categorie=\"navigation\" data-gtm-custom-action=\"crossclick\" data-gtm-custom-label=\"Contextuel\" data-gtm-event=\"customEventSPE\" data-fig-domain=\"LEFIGARO\" target=\"_blank\" rel=\"noopener\">climat politique ex\u00e9crable qui r\u00e8gne \u00e0 Washington<\/a>, illustr\u00e9 par les \u00e9changes quotidiens d\u2019insultes entre r\u00e9publicains et d\u00e9mocrates, et la posture de plus en plus provocante adopt\u00e9e par Donald Trump dans de nombreux domaines domestiques et internationaux, n\u2019est pas propice au compromis.<\/p>\n<p class=\"fig-body-link\">\n            \u00c0 lire aussi<br \/>\n        <a class=\"fig-body-link__link fig-premium-mark\" href=\"http:\/\/www.lefigaro.fr\/conjoncture\/etats-unis-un-juge-federal-interdit-a-elon-musk-d-acceder-aux-fonds-federaux-du-tresor-20250206\" data-fig-type=\"NewsFlash\" data-gtm-custom-categorie=\"navigation\" data-gtm-custom-action=\"crossclick\" data-gtm-custom-label=\"Contextuel\" data-gtm-event=\"customEventSPE\" data-fig-domain=\"LEFIGARO\" target=\"_blank\" rel=\"noopener\">\u00c9tats-Unis: la purge bureaucratique d\u2019Elon Musk frein\u00e9e par la justice<br \/>\n    <\/a>\n<\/p>\n<p class=\"fig-paragraph\">Voil\u00e0 plus d\u2019une semaine que la suspension du fonctionnement normal du gouvernement f\u00e9d\u00e9ral est donn\u00e9e comme quasi certaine d\u00e8s le 1er\u00a0octobre, date du d\u00e9but de l\u2019exercice fiscal 2026 de l\u2019\u00c9tat. En effet, aucune des 12\u00a0lois qui constituent le budget des minist\u00e8res et agences f\u00e9d\u00e9rales n\u2019a \u00e9t\u00e9 adopt\u00e9e par le Congr\u00e8s. Jusqu\u2019\u00e0 pr\u00e9sent, les leaders de la minorit\u00e9 d\u00e9mocrate des deux Chambres ont refus\u00e9 de reconduire, ne serait-ce que pour sept\u2026<\/p>\n<p class=\"fig-premium-paywall__infos\">\n        Cet article est r\u00e9serv\u00e9 aux abonn\u00e9s.        Il vous reste 83% \u00e0 d\u00e9couvrir.\n    <\/p>\n<p>                <img  data- alt=\"Le Figaro\" class=\"fig-img--complete fig-img\"\/><\/p>\n<p class=\"fig-premium-paywall__title\">Vous avez envie de lire la suite ?<\/p>\n<p class=\"fig-premium-paywall__subtitle\">D\u00e9bloquez tous les articles imm\u00e9diatement.<\/p>\n<p class=\"fig-premium-paywall__connect\">\n                D\u00e9j\u00e0 abonn\u00e9\u00a0?                <a class=\"fig-premium-paywall__connect-link\" href=\"https:\/\/connect.lefigaro.fr\/login?client=horizon_web&amp;type=main&amp;redirect_uri=https%3A%2F%2Fwww.lefigaro.fr%2Fconjoncture%2Fderniere-chance-pour-eviter-un-shutdown-aux-etats-unis-20250929\" data-js-gtm=\"{&quot;customCategorie&quot;: &quot;conversion&quot;, &quot;customAction&quot;: &quot;before_Landing_Connexion_paywall_auto&quot;, &quot;customLabel&quot;: &quot;bGVmaWdhcm8uZnJfXzFmMDljNDMzLWMzNWMtNmQ4MC05NzZlLWE1YmQ1Y2ViMjVjMl9fQXJ0aWNsZQ==_Derni\u00e8re chance pour \u00e9viter un \u00abshutdown\u00bb aux \u00c9tats-Unis_442&quot;, &quot;customIDSPE&quot;: &quot;bGVmaWdhcm8uZnJfXzFmMDljNDMzLWMzNWMtNmQ4MC05NzZlLWE1YmQ1Y2ViMjVjMl9fQXJ0aWNsZQ==&quot;, &quot;event&quot;: &quot;customEventSPE&quot;}\" target=\"_blank\" rel=\"noopener\"><br \/>\n                    Connectez-vous<br \/>\n                <\/a>\n            <\/p>\n","protected":false},"excerpt":{"rendered":"Le budget des minist\u00e8res et des agences f\u00e9d\u00e9rales n\u2019a pas encore \u00e9t\u00e9 adopt\u00e9. Donald Trump menace d\u2019en profiter&hellip;\n","protected":false},"author":2,"featured_media":425239,"comment_status":"","ping_status":"","sticky":false,"template":"","format":"standard","meta":{"footnotes":""},"categories":[1589],"tags":[55322,11,73,1866,12,1864,1865,1863,308],"class_list":{"0":"post-425238","1":"post","2":"type-post","3":"status-publish","4":"format-standard","5":"has-post-thumbnail","7":"category-etats-unis","8":"tag-shutdown","9":"tag-actualites","10":"tag-etats-unis","11":"tag-etats-unis-damerique","12":"tag-news","13":"tag-united-states","14":"tag-united-states-of-america","15":"tag-us","16":"tag-usa"},"share_on_mastodon":{"url":"https:\/\/pubeurope.com\/@fr\/115285713608778099","error":""},"_links":{"self":[{"href":"https:\/\/www.europesays.com\/fr\/wp-json\/wp\/v2\/posts\/425238","targetHints":{"allow":["GET"]}}],"collection":[{"href":"https:\/\/www.europesays.com\/fr\/wp-json\/wp\/v2\/posts"}],"about":[{"href":"https:\/\/www.europesays.com\/fr\/wp-json\/wp\/v2\/types\/post"}],"author":[{"embeddable":true,"href":"https:\/\/www.europesays.com\/fr\/wp-json\/wp\/v2\/users\/2"}],"replies":[{"embeddable":true,"href":"https:\/\/www.europesays.com\/fr\/wp-json\/wp\/v2\/comments?post=425238"}],"version-history":[{"count":0,"href":"https:\/\/www.europesays.com\/fr\/wp-json\/wp\/v2\/posts\/425238\/revisions"}],"wp:featuredmedia":[{"embeddable":true,"href":"https:\/\/www.europesays.com\/fr\/wp-json\/wp\/v2\/media\/425239"}],"wp:attachment":[{"href":"https:\/\/www.europesays.com\/fr\/wp-json\/wp\/v2\/media?parent=425238"}],"wp:term":[{"taxonomy":"category","embeddable":true,"href":"https:\/\/www.europesays.com\/fr\/wp-json\/wp\/v2\/categories?post=425238"},{"taxonomy":"post_tag","embeddable":true,"href":"https:\/\/www.europesays.com\/fr\/wp-json\/wp\/v2\/tags?post=425238"}],"curies":[{"name":"wp","href":"https:\/\/api.w.org\/{rel}","templated":true}]}}