{"id":425244,"date":"2025-09-29T04:34:12","date_gmt":"2025-09-29T04:34:12","guid":{"rendered":"https:\/\/www.europesays.com\/fr\/425244\/"},"modified":"2025-09-29T04:34:12","modified_gmt":"2025-09-29T04:34:12","slug":"lespace-aerien-des-pays-europeens-un-peu-trop-cible","status":"publish","type":"post","link":"https:\/\/www.europesays.com\/fr\/425244\/","title":{"rendered":"L\u2019espace a\u00e9rien des pays europ\u00e9ens un peu trop cibl\u00e9"},"content":{"rendered":"<p>Par Delphine Noyon<\/p>\n<p>On apprenait dimanche que le Danemark va interdire les vols de drones civils \u00e0 compter de ce lundi sur son territoire, pour assurer la s\u00e9curit\u00e9 du sommet europ\u00e9en qui doit se r\u00e9unir cette semaine \u00e0 Copenhague. La veille, c\u2019\u00e9tait l\u2019Allemagne qui annon\u00e7ait autoriser ses forces arm\u00e9es \u00e0 abattre des drones en cas d\u2019intrusion dans son espace a\u00e9rien, apr\u00e8s qu\u2019un \u00ab\u00a0essaim\u00a0\u00bb d\u2019appareils a \u00e9t\u00e9 observ\u00e9 dans le nord du pays.<\/p>\n<p>Ces d\u00e9clarations s\u2019inscrivent dans une p\u00e9riode pour le moins troubl\u00e9e pour la d\u00e9fense des pays de l\u2019Union europ\u00e9enne et de l\u2019Otan. Elles sont prononc\u00e9es dans la foul\u00e9e d\u2019une s\u00e9rie d\u2019intrusions per\u00e7ues comme mena\u00e7antes que ce soit en Pologne ou dans d\u2019autres pays de l\u2019est et du nord de l\u2019Europe. Et sur fond de guerre en Ukraine o\u00f9 l\u2019on voit aussi la tension monter.<\/p>\n<p>Faut-il y voir la main du Kremlin qui chercherait \u00e0 tester nos d\u00e9mocraties et les r\u00e9ponses que nous sommes capables (ou non) de donner \u00e0 ces nouvelles formes d\u2019agressions\u00a0? Est-ce une fa\u00e7on d\u2019\u00e9prouver la d\u00e9fense de l\u2019alliance transatlantique et le niveau de solidarit\u00e9 entre les nations qui la composent\u00a0?<\/p>\n<p>Il y a sans doute un peu de tout cela. Des analystes estiment que des r\u00e9actions europ\u00e9ennes plus rapides auraient aid\u00e9 \u00e0 calmer les ardeurs russes. D\u2019autres \u00e9voquent une forme de guerre non conventionnelle pour illustrer la difficult\u00e9 de nos d\u00e9mocraties \u00e0 se positionner face \u00e0 un agresseur pas toujours d\u00e9clar\u00e9. Dans tous les cas, une r\u00e9ponse ferme doit s\u2019imposer. Et elle ne peut venir que de l\u2019Union europ\u00e9enne et de l\u2019Otan.<\/p>\n","protected":false},"excerpt":{"rendered":"Par Delphine Noyon On apprenait dimanche que le Danemark va interdire les vols de drones civils \u00e0 compter&hellip;\n","protected":false},"author":2,"featured_media":106089,"comment_status":"","ping_status":"","sticky":false,"template":"","format":"standard","meta":{"footnotes":""},"categories":[1586],"tags":[328,11,2518,1777,674,1011,27,329,74,12,316,25,132,364],"class_list":{"0":"post-425244","1":"post","2":"type-post","3":"status-publish","4":"format-standard","5":"has-post-thumbnail","7":"category-europe","8":"tag-a-la-une","9":"tag-actualites","10":"tag-edito","11":"tag-eu","12":"tag-europe","13":"tag-fr","14":"tag-france","15":"tag-france-monde","16":"tag-monde","17":"tag-news","18":"tag-politique","19":"tag-republique-francaise","20":"tag-russie","21":"tag-union-europeenne"},"share_on_mastodon":{"url":"https:\/\/pubeurope.com\/@fr\/115285725403891517","error":""},"_links":{"self":[{"href":"https:\/\/www.europesays.com\/fr\/wp-json\/wp\/v2\/posts\/425244","targetHints":{"allow":["GET"]}}],"collection":[{"href":"https:\/\/www.europesays.com\/fr\/wp-json\/wp\/v2\/posts"}],"about":[{"href":"https:\/\/www.europesays.com\/fr\/wp-json\/wp\/v2\/types\/post"}],"author":[{"embeddable":true,"href":"https:\/\/www.europesays.com\/fr\/wp-json\/wp\/v2\/users\/2"}],"replies":[{"embeddable":true,"href":"https:\/\/www.europesays.com\/fr\/wp-json\/wp\/v2\/comments?post=425244"}],"version-history":[{"count":0,"href":"https:\/\/www.europesays.com\/fr\/wp-json\/wp\/v2\/posts\/425244\/revisions"}],"wp:featuredmedia":[{"embeddable":true,"href":"https:\/\/www.europesays.com\/fr\/wp-json\/wp\/v2\/media\/106089"}],"wp:attachment":[{"href":"https:\/\/www.europesays.com\/fr\/wp-json\/wp\/v2\/media?parent=425244"}],"wp:term":[{"taxonomy":"category","embeddable":true,"href":"https:\/\/www.europesays.com\/fr\/wp-json\/wp\/v2\/categories?post=425244"},{"taxonomy":"post_tag","embeddable":true,"href":"https:\/\/www.europesays.com\/fr\/wp-json\/wp\/v2\/tags?post=425244"}],"curies":[{"name":"wp","href":"https:\/\/api.w.org\/{rel}","templated":true}]}}