{"id":425260,"date":"2025-09-29T04:46:10","date_gmt":"2025-09-29T04:46:10","guid":{"rendered":"https:\/\/www.europesays.com\/fr\/425260\/"},"modified":"2025-09-29T04:46:10","modified_gmt":"2025-09-29T04:46:10","slug":"f1-drift-moto-et-cascades-le-showrun-red-bull-enflamme-les-rues-de-budapest-images","status":"publish","type":"post","link":"https:\/\/www.europesays.com\/fr\/425260\/","title":{"rendered":"F1, Drift, Moto et cascades, le showrun Red Bull enflamme les rues de Budapest (images) !"},"content":{"rendered":"<p>Il y a quelques jours, le Red Bull Showrun \u00e9tait de passage en Hongrie, dans la ville de Budapest. Avec, en guise de pilotes de F1, David Coulthard et Patrick Friesacher, rest\u00e9s au sein de la maison apr\u00e8s leurs retraites respectives. Ainsi, les deux hommes ont r\u00e9alis\u00e9 une s\u00e9rie de donuts, en compagnie de pilotes de drift, de moto et d\u2019autres athl\u00e8tes.<\/p>\n<p>F1 : un ancien vainqueur de Grand-Prix met le feu !<\/p>\n<p>L\u2019ancien pilote de F1 et ambassadeur de Red Bull, David Coulthard, a d\u00e9clar\u00e9 : \u00ab Le Red Bull Showrun est toujours une excellente occasion de rapprocher l\u2019atmosph\u00e8re de la F1 des fans. Il ne s\u2019agit pas seulement d\u2019un \u00e9v\u00e9nement sportif technique, mais d\u2019une v\u00e9ritable atmosph\u00e8re de festival o\u00f9 nous pouvons montrer \u00e0 quel point ce monde est unique. La piste de Budapest \u00e9tait incroyable, le paddock a \u00e9t\u00e9 construit dans un endroit magnifique. Il a toujours \u00e9t\u00e9 \u00e9vident \u00e0 quel point le public hongrois aime la F1, donc nous avons pass\u00e9 une journ\u00e9e incroyable, j\u2019ai vraiment appr\u00e9ci\u00e9.<\/p>\n<p>Mad Mike (image en une de cet article), champion de drift de renomm\u00e9e mondiale, a d\u00e9clar\u00e9 : \u00ab C\u2019\u00e9tait une exp\u00e9rience incroyable de conduire dans la ville et de divertir le public avec cette voiture qui a plus de mille chevaux. C\u2019est incroyable de voir \u00e0 quel point les Hongrois aiment cette s\u00e9rie, je reviendrai certainement \u00e0 Budapest.<\/p>\n<p>Place aux images partag\u00e9es \u00e0 l\u2019issue de l\u2019\u00e9v\u00e9nement.<\/p>\n<p>Prochaine \u00e9tape pour l\u2019\u00e9curie Red Bull Racing F1, le week-end prochain, avec le Grand-Prix de <a href=\"https:\/\/lemagsportauto.ouest-france.fr\/tag\/singapour\" target=\"_blank\" rel=\"noopener\">Singapour<\/a>.<\/p>\n<blockquote class=\"twitter-tweet\">\n<p dir=\"ltr\" lang=\"en\">Ready to meet Godzilla III \ud83e\udd8e<a href=\"https:\/\/twitter.com\/hashtag\/F1?src=hash&amp;ref_src=twsrc%5Etfw\" target=\"_blank\" rel=\"noopener\">#F1<\/a> || <a href=\"https:\/\/twitter.com\/hashtag\/SingaporeGP?src=hash&amp;ref_src=twsrc%5Etfw\" target=\"_blank\" rel=\"noopener\">#SingaporeGP<\/a> \ud83c\uddf8\ud83c\uddec<a href=\"https:\/\/t.co\/aYyZEmUvYT\">pic.twitter.com\/aYyZEmUvYT<\/a><\/p>\n<p>\u2014 Oracle Red Bull Racing (@redbullracing) <a href=\"https:\/\/twitter.com\/redbullracing\/status\/1971998276036829196?ref_src=twsrc%5Etfw\" target=\"_blank\" rel=\"noopener\">September 27, 2025<\/a><\/p>\n<\/blockquote>\n<p>Article publi\u00e9 le 29\/09\/2025 \u00e0 6h41<\/p>\n<p>                                                            <script async src=\"https:\/\/platform.twitter.com\/widgets.js\" charset=\"utf-8\"><\/script><\/p>\n","protected":false},"excerpt":{"rendered":"Il y a quelques jours, le Red Bull Showrun \u00e9tait de passage en Hongrie, dans la ville de&hellip;\n","protected":false},"author":2,"featured_media":425261,"comment_status":"","ping_status":"","sticky":false,"template":"","format":"standard","meta":{"footnotes":""},"categories":[1412],"tags":[55434,1451,1452,1453,1454,1455,1011,27,2255,60],"class_list":{"0":"post-425260","1":"post","2":"type-post","3":"status-publish","4":"format-standard","5":"has-post-thumbnail","7":"category-f1","8":"tag-drift","9":"tag-f1","10":"tag-formula-1","11":"tag-formula1","12":"tag-formule-1","13":"tag-formule1","14":"tag-fr","15":"tag-france","16":"tag-red-bull","17":"tag-sports"},"share_on_mastodon":{"url":"https:\/\/pubeurope.com\/@fr\/115285772461691604","error":""},"_links":{"self":[{"href":"https:\/\/www.europesays.com\/fr\/wp-json\/wp\/v2\/posts\/425260","targetHints":{"allow":["GET"]}}],"collection":[{"href":"https:\/\/www.europesays.com\/fr\/wp-json\/wp\/v2\/posts"}],"about":[{"href":"https:\/\/www.europesays.com\/fr\/wp-json\/wp\/v2\/types\/post"}],"author":[{"embeddable":true,"href":"https:\/\/www.europesays.com\/fr\/wp-json\/wp\/v2\/users\/2"}],"replies":[{"embeddable":true,"href":"https:\/\/www.europesays.com\/fr\/wp-json\/wp\/v2\/comments?post=425260"}],"version-history":[{"count":0,"href":"https:\/\/www.europesays.com\/fr\/wp-json\/wp\/v2\/posts\/425260\/revisions"}],"wp:featuredmedia":[{"embeddable":true,"href":"https:\/\/www.europesays.com\/fr\/wp-json\/wp\/v2\/media\/425261"}],"wp:attachment":[{"href":"https:\/\/www.europesays.com\/fr\/wp-json\/wp\/v2\/media?parent=425260"}],"wp:term":[{"taxonomy":"category","embeddable":true,"href":"https:\/\/www.europesays.com\/fr\/wp-json\/wp\/v2\/categories?post=425260"},{"taxonomy":"post_tag","embeddable":true,"href":"https:\/\/www.europesays.com\/fr\/wp-json\/wp\/v2\/tags?post=425260"}],"curies":[{"name":"wp","href":"https:\/\/api.w.org\/{rel}","templated":true}]}}