{"id":425268,"date":"2025-09-29T04:50:14","date_gmt":"2025-09-29T04:50:14","guid":{"rendered":"https:\/\/www.europesays.com\/fr\/425268\/"},"modified":"2025-09-29T04:50:14","modified_gmt":"2025-09-29T04:50:14","slug":"aurore-caillaud-dans-la-cour-des-photographes-europeens","status":"publish","type":"post","link":"https:\/\/www.europesays.com\/fr\/425268\/","title":{"rendered":"Aurore Caillaud dans la cour des photographes europ\u00e9ens"},"content":{"rendered":"<p>La photographe <a title=\"Aller sur le site d&#039;Aurore Caillaud\" target=\"_blank\" href=\"https:\/\/www.aurorephotography.com\/\" rel=\"nofollow noopener\">Aurore Caillaud<\/a> traverse l\u2019ann\u00e9e 2025 avec le sourire. Celui que l\u2019on peut avoir sur des photos, mais surtout celui de la satisfaction de la reconnaissance de son travail. Elle a obtenu le titre d\u2019european photographer, d\u00e9cern\u00e9 par la F\u00e9d\u00e9ration europ\u00e9enne des photographes (Fep). Dans le r\u00e9pertoire des photographes s\u00e9lectionn\u00e9s par\u00a0cette f\u00e9d\u00e9ration, la Montmorillonnaise est la seule\u00a0titulaire de ce titre dans le d\u00e9partement.<\/p>\n<p>Sp\u00e9cialis\u00e9e dans les portraits individuels et les photos de famille, elle a d\u00e9pos\u00e9\u00a0un dossier de douze photos aupr\u00e8s de la Fep pour jauger son niveau. La r\u00e9ponse a \u00e9t\u00e9 positive, le jury europ\u00e9en a valid\u00e9 son travail. \u00ab\u00a0Je suis <a title=\"Lire l&#039;article de la NR\" target=\"_self\" href=\"https:\/\/www.lanouvellerepublique.fr\/montmorillon\/aurore-caillaud-photographe-de-la-maternite\" rel=\"nofollow noopener\">photographe professionnelle<\/a> depuis douze ans, indique-t-elle. Je me suis form\u00e9e aupr\u00e8s des meilleurs ouvriers de France, tel que <a title=\"Aller sur le site de Claude Fougeirol\" target=\"_blank\" href=\"https:\/\/www.fougeirol.com\/\" rel=\"nofollow noopener\">Claude Fougeirol<\/a>.\u00a0Je suis reconnue comme photographe europ\u00e9enne, cela veut dire que c\u2019est un gage de qualit\u00e9 aupr\u00e8s de mes clients.\u00a0\u00bb<\/p>\n<p>\u00ab\u00a0Je veux monter en qualit\u00e9\u00a0\u00bb<\/p>\n<p>C\u2019est une premi\u00e8re victoire et elle compte peut-\u00eatre en remporter d\u2019autres. \u00ab\u00a0Je continue de me former \u00e0 mon m\u00e9tier une \u00e0 deux fois par an. Je veux monter en qualit\u00e9.\u00a0\u00bb La F\u00e9d\u00e9ration des photographes europ\u00e9ens d\u00e9cerne deux autres titres, plus exigeants\u00a0: le Quep, pour Qualified european photographer (photographe europ\u00e9en\u00a0qualifi\u00e9), et le niveau sup\u00e9rieur, Master Quep.<\/p>\n<p>\u00ab\u00a0Capter chaque personnalit\u00e9\u00a0\u00bb<\/p>\n<p>Aurore Caillaud a ouvert son atelier de photographie boulevard de Strasbourg, \u00e0 Montmorillon, il y a dix-huit mois, <a title=\"Lire l&#039;article de la NR\" target=\"_self\" href=\"https:\/\/www.lanouvellerepublique.fr\/vienne\/commune\/lussac-les-chateaux\/une-photographe-ouvre-un-studio\" rel=\"nofollow noopener\">apr\u00e8s avoir \u00e9t\u00e9 install\u00e9e pendant huit\u00a0ans \u00e0 Lussac-les-Ch\u00e2teaux<\/a>. Les locaux sont vastes, avec un studio pour la prise de photo et une salle de cin\u00e9ma pour la projection des images devant les familles. \u00ab\u00a0C\u2019est une exp\u00e9rience \u00e0 vivre en famille, assure-t-elle. En studio, je personnalise la prise de photo, j\u2019essaie de capter chaque personnalit\u00e9.\u00a0\u00bb<\/p>\n<p>Elle travaille essentiellement en studio, o\u00f9 elle accueille b\u00e9b\u00e9s, femmes enceintes, familles\u2026 Et assure des prestations pour des entreprises ou r\u00e9alise des photos d\u2019identit\u00e9. Elle s\u2019est \u00e9quip\u00e9e d\u2019une machine \u00e0 selfie, qu\u2019elle loue pour divers \u00e9v\u00e9nements. Sa client\u00e8le vient de la Vienne, mais aussi du Limousin et de l\u2019Indre.<\/p>\n<p>Elle appr\u00e9cie le retour de l\u2019int\u00e9r\u00eat des photos de famille \u00ab\u00a0papier\u00a0\u00bb, apr\u00e8s une vague du tout num\u00e9rique o\u00f9 chacun s\u2019est estim\u00e9 capable de faire des photos avec un t\u00e9l\u00e9phone. \u00ab\u00a0Il faut \u00eatre fier d\u2019avoir sa photo de famille au mur, Et puis, est-ce que l\u2019on pourra lire les fichiers num\u00e9riques dans la dur\u00e9e\u00a0? Moi, je suis de la vieille \u00e9cole papier\u00a0\u00bb, d\u00e9clare avec le sourire la trentenaire.<\/p>\n<p>Une reconnaissance en appelant une autre, elle vient d\u2019\u00eatre reconnue Artisan d\u2019art, titre d\u00e9livr\u00e9 par la\u00a0chambre de m\u00e9tiers et de l\u2019artisanat.<\/p>\n<p>Studio Aurore Caillaud photography\u00a0: 68, boulevard de Strasbourg, \u00e0 Montmorillon. T\u00e9l.\u00a005.49.48.62.70<\/p>\n","protected":false},"excerpt":{"rendered":"La photographe Aurore Caillaud traverse l\u2019ann\u00e9e 2025 avec le sourire. Celui que l\u2019on peut avoir sur des photos,&hellip;\n","protected":false},"author":2,"featured_media":425269,"comment_status":"","ping_status":"","sticky":false,"template":"","format":"standard","meta":{"footnotes":""},"categories":[1358],"tags":[1392,1477,1348,1384,1385,9332,215,1674,1386,58,33,59,1011,27,27663,1584],"class_list":{"0":"post-425268","1":"post","2":"type-post","3":"status-publish","4":"format-standard","5":"has-post-thumbnail","7":"category-arts-et-design","8":"tag-a-la-une-local","9":"tag-artisanat","10":"tag-arts","11":"tag-arts-and-design","12":"tag-arts-et-design","13":"tag-centrepresse","14":"tag-commerce","15":"tag-communes","16":"tag-design","17":"tag-divertissement","18":"tag-economie","19":"tag-entertainment","20":"tag-fr","21":"tag-france","22":"tag-montmorillon","23":"tag-vienne"},"share_on_mastodon":{"url":"https:\/\/pubeurope.com\/@fr\/115285788140376575","error":""},"_links":{"self":[{"href":"https:\/\/www.europesays.com\/fr\/wp-json\/wp\/v2\/posts\/425268","targetHints":{"allow":["GET"]}}],"collection":[{"href":"https:\/\/www.europesays.com\/fr\/wp-json\/wp\/v2\/posts"}],"about":[{"href":"https:\/\/www.europesays.com\/fr\/wp-json\/wp\/v2\/types\/post"}],"author":[{"embeddable":true,"href":"https:\/\/www.europesays.com\/fr\/wp-json\/wp\/v2\/users\/2"}],"replies":[{"embeddable":true,"href":"https:\/\/www.europesays.com\/fr\/wp-json\/wp\/v2\/comments?post=425268"}],"version-history":[{"count":0,"href":"https:\/\/www.europesays.com\/fr\/wp-json\/wp\/v2\/posts\/425268\/revisions"}],"wp:featuredmedia":[{"embeddable":true,"href":"https:\/\/www.europesays.com\/fr\/wp-json\/wp\/v2\/media\/425269"}],"wp:attachment":[{"href":"https:\/\/www.europesays.com\/fr\/wp-json\/wp\/v2\/media?parent=425268"}],"wp:term":[{"taxonomy":"category","embeddable":true,"href":"https:\/\/www.europesays.com\/fr\/wp-json\/wp\/v2\/categories?post=425268"},{"taxonomy":"post_tag","embeddable":true,"href":"https:\/\/www.europesays.com\/fr\/wp-json\/wp\/v2\/tags?post=425268"}],"curies":[{"name":"wp","href":"https:\/\/api.w.org\/{rel}","templated":true}]}}