{"id":425280,"date":"2025-09-29T04:56:10","date_gmt":"2025-09-29T04:56:10","guid":{"rendered":"https:\/\/www.europesays.com\/fr\/425280\/"},"modified":"2025-09-29T04:56:10","modified_gmt":"2025-09-29T04:56:10","slug":"avant-le-choc-face-au-psg-en-ligue-des-champions-lamine-yamal-revient-en-force-au-barca","status":"publish","type":"post","link":"https:\/\/www.europesays.com\/fr\/425280\/","title":{"rendered":"Avant le choc face au PSG en Ligue des champions, Lamine Yamal revient en force au Bar\u00e7a"},"content":{"rendered":"<p>Le message envoy\u00e9 au <a href=\"https:\/\/www.20minutes.fr\/sport\/psg\/\" target=\"_blank\" class=\"c-link c-link--is-underlined\" rel=\"noopener\">PSG<\/a> est clair\u00a0: <a href=\"https:\/\/www.20minutes.fr\/sport\/football\/lamine-yamal\/\" target=\"_blank\" class=\"c-link c-link--is-underlined\" rel=\"noopener\">Lamine Yamal<\/a> va bien. Alors que les Parisiens vont se d\u00e9placer mercredi pour affronter le FC Barcelone en <a href=\"https:\/\/www.20minutes.fr\/sport\/ligue_des_champions\/\" target=\"_blank\" class=\"c-link c-link--is-underlined\" rel=\"noopener\">Ligue des champions<\/a>, le club de Catalogne s\u2019est donn\u00e9 une grosse dose de confiance dimanche avec le retour sur le terrain de son joueur prodige, avec \u00e0 la clef la reprise de la t\u00eate de la Liga.<\/p>\n<p>Le <a href=\"https:\/\/www.20minutes.fr\/sport\/fc_barcelone\/\" target=\"_blank\" class=\"c-link c-link--is-underlined\" rel=\"noopener\">Bar\u00e7a<\/a> a en effet renvers\u00e9 la Real Sociedad (2-1) lors de la 7e journ\u00e9e du championnat de football espagnol. De retour \u00e0 la comp\u00e9tition apr\u00e8s quatre rencontres manqu\u00e9es pour des douleurs au pubis, Lamine Yamal n\u2019a eu besoin que de deux ballons pour faire la diff\u00e9rence. A peine entr\u00e9 en jeu, il a ainsi d\u00e9pos\u00e9 un centre parfait sur la t\u00eate de Robert Lewandowski (59e, 2-1).<\/p>\n<p>Une pr\u00e9sence synonyme de \u00ab\u00a0menace\u00a0\u00bb<\/p>\n<p>\u00ab\u00a0Sa simple pr\u00e9sence sur le terrain est une menace, \u00e7a se voit directement lorsqu\u2019il prend le ballon, m\u00eame lorsqu\u2019on met des joueurs frais pour d\u00e9fendre contre lui. Je pense qu\u2019il d\u00e9montre jour apr\u00e8s jour qu\u2019il est le meilleur joueur du monde. C\u2019est un bonheur de le voir jouer\u00a0\u00bb, l\u2019a encens\u00e9 l\u2019entra\u00eeneur adverse Sergio Francisco Ramos. \u00ab\u00a0Je suis tr\u00e8s heureux qu\u2019il soit de retour sur le terrain parce que nous allons avoir besoin de lui\u00a0\u00bb, a salu\u00e9 pour sa part son co\u00e9quipier Jules Kound\u00e9 au micro de Movistar.<\/p>\n<\/p>\n<p>Deuxi\u00e8me du classement du Ballon d\u2019Or lundi derri\u00e8re <a href=\"https:\/\/www.20minutes.fr\/sport\/ousmane-dembele\/\" target=\"_blank\" class=\"c-link c-link--is-underlined\" rel=\"noopener\">Ousmane Demb\u00e9l\u00e9<\/a>, l\u2019ailier de 18 ans, qui est venu pr\u00e9senter son deuxi\u00e8me troph\u00e9e Kopa d\u2019affil\u00e9e \u00e0 son public, a cru creuser l\u2019\u00e9cart quelques minutes apr\u00e8s sa passe d\u00e9cisive, mais il \u00e9tait l\u00e9g\u00e8rement hors-jeu (74e).<\/p>\n<p>Un point de plus que le Real<\/p>\n<p>Le Bar\u00e7a, surpris en premi\u00e8re p\u00e9riode sur la seule occasion basque conclue par l\u2019ex-madril\u00e8ne Alvaro Odriozola (31e, 1-0), s&rsquo;\u00e9tait relanc\u00e9 juste avant la pause gr\u00e2ce \u00e0 un coup de t\u00eate de l\u2019inusable Kound\u00e9 sur corner (44e, 1-1). Pr\u00e9serv\u00e9e par son gardien espagnol Alex Remiro, auteur de plusieurs parades d\u00e9cisives (10e, 39e, 42e, 70e, 71e), la Real Sociedad a cependant bien failli profiter d\u2019une perte de balle du lat\u00e9ral fran\u00e7ais pour d\u00e9crocher le point du nul en fin de match, mais le Japonais Takefusa Kubo a trouv\u00e9 la barre (84e). Sur l\u2019action suivante, Lewandowski a lui aussi fait trembler la transversale (85e), sans que le ballon rentre enti\u00e8rement.<\/p>\n<p><a href=\"https:\/\/www.20minutes.fr\/sport\/football\/\" target=\"_blank\" class=\"c-link c-btn c-btn--primary\" rel=\"noopener\">Notre dossier Football<\/a><\/p>\n<p>Pas \u00e9pargn\u00e9s par les blessures, les hommes d\u2019Hansi Flick, encore une fois renversants comme \u00e0 Oviedo jeudi (3-1) ou \u00e0 Levante fin ao\u00fbt (3-2), ont donc avec 19 points une petite longueur d\u2019avance sur le Real (2e, 18 points). La formation basque reste, elle, enlis\u00e9e en bas de classement (17e, 5 points), loin de ses ambitions europ\u00e9ennes, avec une seule victoire en sept matchs.<\/p>\n","protected":false},"excerpt":{"rendered":"Le message envoy\u00e9 au PSG est clair\u00a0: Lamine Yamal va bien. Alors que les Parisiens vont se d\u00e9placer&hellip;\n","protected":false},"author":2,"featured_media":425281,"comment_status":"","ping_status":"","sticky":false,"template":"","format":"standard","meta":{"footnotes":""},"categories":[9],"tags":[123,5695,63,1011,27,16410,16748,453,447,2332,4790,42891,18014,517,60,133],"class_list":{"0":"post-425280","1":"post","2":"type-post","3":"status-publish","4":"format-standard","5":"has-post-thumbnail","7":"category-sports","8":"tag-espagne","9":"tag-fc-barcelone","10":"tag-football","11":"tag-fr","12":"tag-france","13":"tag-jules-kounde","14":"tag-lamine-yamal","15":"tag-liga","16":"tag-ligue-des-champions","17":"tag-paris-saint-germain-psg","18":"tag-real-madrid","19":"tag-real-sociedad","20":"tag-robert-lewandowski","21":"tag-sport","22":"tag-sports","23":"tag-video"},"share_on_mastodon":{"url":"https:\/\/pubeurope.com\/@fr\/115285811831162460","error":""},"_links":{"self":[{"href":"https:\/\/www.europesays.com\/fr\/wp-json\/wp\/v2\/posts\/425280","targetHints":{"allow":["GET"]}}],"collection":[{"href":"https:\/\/www.europesays.com\/fr\/wp-json\/wp\/v2\/posts"}],"about":[{"href":"https:\/\/www.europesays.com\/fr\/wp-json\/wp\/v2\/types\/post"}],"author":[{"embeddable":true,"href":"https:\/\/www.europesays.com\/fr\/wp-json\/wp\/v2\/users\/2"}],"replies":[{"embeddable":true,"href":"https:\/\/www.europesays.com\/fr\/wp-json\/wp\/v2\/comments?post=425280"}],"version-history":[{"count":0,"href":"https:\/\/www.europesays.com\/fr\/wp-json\/wp\/v2\/posts\/425280\/revisions"}],"wp:featuredmedia":[{"embeddable":true,"href":"https:\/\/www.europesays.com\/fr\/wp-json\/wp\/v2\/media\/425281"}],"wp:attachment":[{"href":"https:\/\/www.europesays.com\/fr\/wp-json\/wp\/v2\/media?parent=425280"}],"wp:term":[{"taxonomy":"category","embeddable":true,"href":"https:\/\/www.europesays.com\/fr\/wp-json\/wp\/v2\/categories?post=425280"},{"taxonomy":"post_tag","embeddable":true,"href":"https:\/\/www.europesays.com\/fr\/wp-json\/wp\/v2\/tags?post=425280"}],"curies":[{"name":"wp","href":"https:\/\/api.w.org\/{rel}","templated":true}]}}