{"id":425309,"date":"2025-09-29T05:16:13","date_gmt":"2025-09-29T05:16:13","guid":{"rendered":"https:\/\/www.europesays.com\/fr\/425309\/"},"modified":"2025-09-29T05:16:13","modified_gmt":"2025-09-29T05:16:13","slug":"film-village-des-possibles-stand-up-les-rendez-vous-a-ne-pas-manquer","status":"publish","type":"post","link":"https:\/\/www.europesays.com\/fr\/425309\/","title":{"rendered":"film, village des possibles, stand-up\u2026 Les rendez-vous \u00e0 ne pas manquer"},"content":{"rendered":"<p>            Par<br \/>\n        <strong><br \/>\n            <a href=\"https:\/\/actu.fr\/auteur\/laurene-fertin\" title=\"Consulter tous les articles de Laur\u00e8ne Fertin\" rel=\"nofollow noopener\" target=\"_blank\">Laur\u00e8ne Fertin<\/a><br \/>\n        <\/strong><\/p>\n<p>        Publi\u00e9 le<\/p>\n<p>            29 sept. 2025 \u00e0 6h32        <\/p>\n<p>Depuis <strong>samedi 27\u00a0septembre, et jusqu\u2019au jeudi 9\u00a0octobre 2025<\/strong>, la Ville de Rennes organise <strong>la Semaine locale du handicap<\/strong> dans la capitale bretonne. Le but\u2009? \u00ab\u2009Mettre en avant les initiatives port\u00e9es par les acteurs locaux\u2009\u00bb et apporter \u00ab\u2009une plus grande sensibilisation des citoyens vis-\u00e0-vis du handicap\u2009\u00bb, indique la municipalit\u00e9, dans un communiqu\u00e9.<\/p>\n<p>Les rendez-vous \u00e0 ne pas manquer<\/p>\n<p class=\" wall-content\">Lors de cet \u00e9v\u00e9nement, <strong>plusieurs temps forts<\/strong> sont propos\u00e9s aux Rennaises et Rennais\u2009:<\/p>\n<ul class=\" wall-content\">\n<li>mardi 30\u00a0septembre\u2009: <strong><strong>la projection du film Mon ins\u00e9parable, <\/strong><\/strong>en pr\u00e9sence de l\u2019acteur principal Charles Peccia-Galletto, nomm\u00e9 aux C\u00e9sars pour ce film.<\/li>\n<\/ul>\n<blockquote class=\"ac-article-quote wall-content\">\n<p>Mona vit avec son fils trentenaire, Jo\u00ebl, qui est \u00ab en retard \u00bb. Il travaille dans un \u00e9tablissement sp\u00e9cialis\u00e9, un ESAT (\u00c9tablissement ou Service d\u2019Accompagnement par le Travail), et aime passionn\u00e9ment sa coll\u00e8gue Oc\u00e9ane, elle aussi en situation de handicap. Alors que Mona ignore tout de cette relation, elle apprend qu\u2019Oc\u00e9ane est enceinte. La relation fusionnelle entre m\u00e8re et fils vacille.<\/p>\n<p>    <strong\/>\n            <\/p><\/blockquote>\n<p class=\" wall-content\">\n<p class=\" wall-content\"><strong>Un \u00e9change<\/strong> est par ailleurs organis\u00e9, \u00e0 la fin du film, autour du th\u00e8me \u00ab\u2009Moi, mon handicap, devenir parent\u2009\u00bb, \u00e0 la suite de la projection.<\/p>\n<p>Rendez-vous<strong> au cin\u00e9ma Path\u00e9<\/strong> de Rennes, sur l\u2019esplanade Charles de Gaulle,<strong> d\u00e8s 19h.<\/strong><\/p>\n<p>Votre r\u00e9gion, votre actu !<\/p>\n<p>Recevez chaque jour les infos qui comptent pour vous.<\/p>\n<p>\t<a href=\"https:\/\/actu.fr\/newsletter\" class=\"ac-btn ac-btn--corner ac-btn--medium ac-btn--blue800\" rel=\"nofollow noopener\" target=\"_blank\">S&rsquo;incrire<\/a><\/p>\n<ul class=\" wall-content\">\n<li>Mercredi 1\u1d49\u02b3 octobre\u2009: <strong>le village des possibles<\/strong><\/li>\n<\/ul>\n<p class=\" wall-content\">\u00ab\u2009Le village des possibles propose un espace de d\u00e9couvertes et d\u2019exp\u00e9rimentations autour du handicap et du lien interg\u00e9n\u00e9rationnel\u2009\u00bb, indique la Ville de Rennes.<\/p>\n<p class=\" wall-content\">Seront propos\u00e9s\u2009: <strong>un parcours fauteuil<\/strong>, <strong>un parcours visuel<\/strong>, <strong>de la Boccia<\/strong> (sport de boules ressemblant \u00e0 la p\u00e9tanque), des jeux adapt\u00e9s. <strong>Des Olympiades<\/strong> seront organis\u00e9es sur inscription et \u00e0 destination de tout public.<\/p>\n<p>De 10h \u00e0 12h30 sur la place Kennedy \u00e0 Villejean et de 14h30 \u00e0 17h sur la place Lucie et Raymond Aubrac.<\/p>\n<ul class=\" wall-content\">\n<li>Toujours mercredi 1\u1d49\u02b3 octobre\u2009:<strong> stand-up Sans tribu par Pierre-Nicolas<\/strong><\/li>\n<\/ul>\n<p class=\" wall-content\">Nous vous en parlions dans <a href=\"https:\/\/actu.fr\/bretagne\/rennes_35238\/on-voulait-m-envoyer-en-segpa-a-28-ans-pierre-nicolas-dyslexique-ecrit-un-spectacle-d-humour-a-rennes_61944809.html\" rel=\"nofollow noopener\" target=\"_blank\">cet article<\/a>\u2009: Pierre-Nicolas, atteint de dyslexie, de dyscalculie et de dysorthographie depuis tout petit a r\u00e9cemment d\u00e9cid\u00e9 de tout plaquer pour devenir humoriste\u2026 Et cela lui r\u00e9ussit plut\u00f4t bien. Son spectacle Sans tribu est \u00e0 d\u00e9couvrir \u00e0 L\u2019\u00c9tage, d\u00e8s 20h.<\/p>\n<p>    <img   decoding=\"async\" loading=\"lazy\" src=\"https:\/\/www.europesays.com\/fr\/wp-content\/uploads\/2025\/09\/pierre-nicolas-esnault-rennes-comique-stand-up-dyslexique-sans-tribu-960x640.jpg\" alt=\"xxx\" width=\"960\" height=\"640\"\/><br \/>\n    \u00ab\u2009On me prenait pour un d\u00e9bile\u2009\u00bb, confiait alors Pierre-Nicolas, \u00e0 la r\u00e9daction d\u2019actu Rennes, lorsqu\u2019il \u00e9voquait son enfance. (Archives \u00a9Laur\u00e8ne Fertin \u2013 actu Rennes)<\/p>\n<p>Salle de spectacles L\u2019\u00c9tage \u2013 1, Esplanade G\u00e9n\u00e9ral de Gaulle \u2013 d\u00e8s 20h. Tarif plein\u2009: 11\u00a0euros \/ tarif Sortir\u2009: 6\u00a0euros.<\/p>\n<ul class=\" wall-content\">\n<li>Mercredi 8\u00a0octobre\u2009: <strong>Boom inclusive au Triangle<\/strong><\/li>\n<\/ul>\n<p class=\" wall-content\">Enfin, mercredi 8 octobre, une soir\u00e9e est organis\u00e9e \u00e0 l\u2019espace de danses Le Triangle, de 15h \u00e0 17h. \u00ab\u2009Au programme\u2009: un DJ, des danseuses et danseurs, une boule \u00e0 facettes et des ballons\u2009\u00bb, \u00e9num\u00e8re la Ville. Cette boom est ouverte aussi bien aux enfants, qu\u2019\u00e0 leurs parents ou encore \u00e0 leurs accompagnants.<\/p>\n<p>15h \u00e0 17h au Triangle, Boulevard de Yougoslavie. Gratuit.<\/p>\n<p class=\" wall-content\">Personnalisez votre actualit\u00e9 en ajoutant vos villes et m\u00e9dias en favori avec <a href=\"https:\/\/moncompte.actu.fr\" title=\"D\u00e9couvez Mon Actu\" rel=\"nofollow noopener\" data-trk=\"{&quot;cta&quot;:{&quot;action&quot;:&quot;https:\\\/\\\/moncompte.actu.fr&quot;,&quot;category&quot;:&quot;mon compte&quot;,&quot;from&quot;:&quot;article footer&quot;,&quot;name&quot;:&quot;Mon actu&quot;,&quot;type&quot;:&quot;cta&quot;}}\" target=\"_blank\">Mon Actu<\/a>.<\/p>\n","protected":false},"excerpt":{"rendered":"Par Laur\u00e8ne Fertin Publi\u00e9 le 29 sept. 2025 \u00e0 6h32 Depuis samedi 27\u00a0septembre, et jusqu\u2019au jeudi 9\u00a0octobre 2025,&hellip;\n","protected":false},"author":2,"featured_media":425310,"comment_status":"","ping_status":"","sticky":false,"template":"","format":"standard","meta":{"footnotes":""},"categories":[2821],"tags":[1111,11,829,1777,674,849,1011,27,1652,12,584,25],"class_list":{"0":"post-425309","1":"post","2":"type-post","3":"status-publish","4":"format-standard","5":"has-post-thumbnail","7":"category-rennes","8":"tag-actu","9":"tag-actualites","10":"tag-bretagne","11":"tag-eu","12":"tag-europe","13":"tag-festival","14":"tag-fr","15":"tag-france","16":"tag-loisirs-culture","17":"tag-news","18":"tag-rennes","19":"tag-republique-francaise"},"share_on_mastodon":{"url":"https:\/\/pubeurope.com\/@fr\/115285890714682078","error":""},"_links":{"self":[{"href":"https:\/\/www.europesays.com\/fr\/wp-json\/wp\/v2\/posts\/425309","targetHints":{"allow":["GET"]}}],"collection":[{"href":"https:\/\/www.europesays.com\/fr\/wp-json\/wp\/v2\/posts"}],"about":[{"href":"https:\/\/www.europesays.com\/fr\/wp-json\/wp\/v2\/types\/post"}],"author":[{"embeddable":true,"href":"https:\/\/www.europesays.com\/fr\/wp-json\/wp\/v2\/users\/2"}],"replies":[{"embeddable":true,"href":"https:\/\/www.europesays.com\/fr\/wp-json\/wp\/v2\/comments?post=425309"}],"version-history":[{"count":0,"href":"https:\/\/www.europesays.com\/fr\/wp-json\/wp\/v2\/posts\/425309\/revisions"}],"wp:featuredmedia":[{"embeddable":true,"href":"https:\/\/www.europesays.com\/fr\/wp-json\/wp\/v2\/media\/425310"}],"wp:attachment":[{"href":"https:\/\/www.europesays.com\/fr\/wp-json\/wp\/v2\/media?parent=425309"}],"wp:term":[{"taxonomy":"category","embeddable":true,"href":"https:\/\/www.europesays.com\/fr\/wp-json\/wp\/v2\/categories?post=425309"},{"taxonomy":"post_tag","embeddable":true,"href":"https:\/\/www.europesays.com\/fr\/wp-json\/wp\/v2\/tags?post=425309"}],"curies":[{"name":"wp","href":"https:\/\/api.w.org\/{rel}","templated":true}]}}