{"id":425315,"date":"2025-09-29T05:20:21","date_gmt":"2025-09-29T05:20:21","guid":{"rendered":"https:\/\/www.europesays.com\/fr\/425315\/"},"modified":"2025-09-29T05:20:21","modified_gmt":"2025-09-29T05:20:21","slug":"alsace-la-nuit-du-droit-a-colmar-mulhouse-saverne-strasbourg","status":"publish","type":"post","link":"https:\/\/www.europesays.com\/fr\/425315\/","title":{"rendered":"Alsace. La Nuit du Droit \u00e0 Colmar, Mulhouse, Saverne, Strasbourg"},"content":{"rendered":"<p>La Nuit du Droit, qui vise \u00e0 sensibiliser le public \u00e0 l\u2019importance du droit dans notre soci\u00e9t\u00e9, offre l\u2019occasion de dialoguer avec des magistrats, avocats, universitaires\u2026 En Alsace, quatre tribunaux judiciaires participent \u00e0 l\u2019op\u00e9ration.<\/p>\n<p><strong>\u00c0 Colmar<\/strong> , place du March\u00e9 aux fruits, le tribunal, le Conseil d\u00e9partemental de l\u2019acc\u00e8s au droit et le barreau de Colmar organisent, jeudi 2\u00a0octobre de 17\u00a0h\u00a030 \u00e0 19\u00a0h\u00a030, une reconstitution d\u2019un proc\u00e8s inspir\u00e9 de faits r\u00e9els \u00ab\u00a0Sorci\u00e8res en Alsace\u00a0\u00bb. Entr\u00e9e gratuite, inscription conseill\u00e9e par mail \u00e0\u00a0: sec.p.tj-colmar@justice.fr<\/p>\n<p><strong>\u00c0 Mulhouse<\/strong> , \u00e0 l\u2019universit\u00e9 de Haute Alsace, 16 rue de la Fonderie, le tribunal et l\u2019UHA proposent, jeudi 2\u00a0octobre de 15\u00a0h \u00e0 21\u00a0h, un Forum des m\u00e9tiers du droit et un cin\u00e9-d\u00e9bat. Entr\u00e9e gratuite, inscription obligatoire par mail \u00e0\u00a0: lanuitdudroit.tj-mulhouse@justice.fr<\/p>\n<p><strong>\u00c0 Saverne<\/strong> , au Cin\u00e9 Cubic 133 Grande rue, le tribunal organise, jeudi 2\u00a0octobre de 18\u00a0h \u00e0 20\u00a0h, un cin\u00e9-d\u00e9bat sur le th\u00e8me \u00ab\u00a0Sexualit\u00e9 et consentement\u00a0: la parole aux ados\u00a0\u00bb. Ouvert \u00e0 tous selon les places disponibles, tarif 5,50\u00a0euros r\u00e9servation possible sur le site\u00a0: <a href=\"https:\/\/www.cinecubic-saverne.fr\/#\/\" target=\"_blank\" rel=\"nofollow noopener\">cinecubicsaverne.fr<\/a><\/p>\n<p><strong>\u00c0 Strasbourg<\/strong> , \u00e0 l\u2019Unistra, 1 place d\u2019Ath\u00e8nes, (amphith\u00e9\u00e2tre Eisenmann), la facult\u00e9 de droit, de sciences politique et de gestion organise, jeudi 2\u00a0octobre de 17\u00a0h \u00e0 20\u00a0h, un cin\u00e9-d\u00e9bat autour du film \u00ab\u00a0Accus\u00e9 levez-vous\u00a0\u00bb. Entr\u00e9e gratuite dans la limite des places disponibles.<\/p>\n<p><strong>\u00c0 Strasbourg<\/strong> , le tribunal, l\u2019OFB, la Dreal, la gendarmerie et le barreau de Strasbourg organisent, jeudi 2\u00a0octobre de 18\u00a0h \u00e0 20\u00a0h, une conf\u00e9rence sur le th\u00e8me \u00ab\u00a0Droit de l\u2019environnement\u00a0: comment se d\u00e9roule une proc\u00e9dure\u00a0?\u00a0\u00bb. Entr\u00e9e gratuite, nombre de places limit\u00e9 \u00e0 100 personnes, inscription obligatoire avant le 1er\u00a0octobre par mail \u00e0\u00a0: chcab.p.tj-strasbourg@justice.fr<\/p>\n","protected":false},"excerpt":{"rendered":"La Nuit du Droit, qui vise \u00e0 sensibiliser le public \u00e0 l\u2019importance du droit dans notre soci\u00e9t\u00e9, offre&hellip;\n","protected":false},"author":2,"featured_media":425316,"comment_status":"","ping_status":"","sticky":false,"template":"","format":"standard","meta":{"footnotes":""},"categories":[2820],"tags":[1111,11,2389,1777,674,274,107,1011,27,775,12,25,640],"class_list":{"0":"post-425315","1":"post","2":"type-post","3":"status-publish","4":"format-standard","5":"has-post-thumbnail","7":"category-strasbourg","8":"tag-actu","9":"tag-actualites","10":"tag-alsace","11":"tag-eu","12":"tag-europe","13":"tag-faits-divers-justice","14":"tag-fil-info","15":"tag-fr","16":"tag-france","17":"tag-grand-est","18":"tag-news","19":"tag-republique-francaise","20":"tag-strasbourg"},"share_on_mastodon":{"url":"https:\/\/pubeurope.com\/@fr\/115285906132717206","error":""},"_links":{"self":[{"href":"https:\/\/www.europesays.com\/fr\/wp-json\/wp\/v2\/posts\/425315","targetHints":{"allow":["GET"]}}],"collection":[{"href":"https:\/\/www.europesays.com\/fr\/wp-json\/wp\/v2\/posts"}],"about":[{"href":"https:\/\/www.europesays.com\/fr\/wp-json\/wp\/v2\/types\/post"}],"author":[{"embeddable":true,"href":"https:\/\/www.europesays.com\/fr\/wp-json\/wp\/v2\/users\/2"}],"replies":[{"embeddable":true,"href":"https:\/\/www.europesays.com\/fr\/wp-json\/wp\/v2\/comments?post=425315"}],"version-history":[{"count":0,"href":"https:\/\/www.europesays.com\/fr\/wp-json\/wp\/v2\/posts\/425315\/revisions"}],"wp:featuredmedia":[{"embeddable":true,"href":"https:\/\/www.europesays.com\/fr\/wp-json\/wp\/v2\/media\/425316"}],"wp:attachment":[{"href":"https:\/\/www.europesays.com\/fr\/wp-json\/wp\/v2\/media?parent=425315"}],"wp:term":[{"taxonomy":"category","embeddable":true,"href":"https:\/\/www.europesays.com\/fr\/wp-json\/wp\/v2\/categories?post=425315"},{"taxonomy":"post_tag","embeddable":true,"href":"https:\/\/www.europesays.com\/fr\/wp-json\/wp\/v2\/tags?post=425315"}],"curies":[{"name":"wp","href":"https:\/\/api.w.org\/{rel}","templated":true}]}}