{"id":425319,"date":"2025-09-29T05:22:13","date_gmt":"2025-09-29T05:22:13","guid":{"rendered":"https:\/\/www.europesays.com\/fr\/425319\/"},"modified":"2025-09-29T05:22:13","modified_gmt":"2025-09-29T05:22:13","slug":"les-rapaces-defaits-a-domicile-contre-nice","status":"publish","type":"post","link":"https:\/\/www.europesays.com\/fr\/425319\/","title":{"rendered":"Les Rapaces d\u00e9faits \u00e0 domicile contre Nice"},"content":{"rendered":"<p>\u00a0<\/p>\n<p><strong>&#8211; Hautes-Alpes &#8211;<\/strong><\/p>\n<p style=\"text-align: justify;\">Retour sur terre pour les Rapaces de Gap face aux Aigles de Nice. Apr\u00e8s leur victoire aux tirs au but contre les Diables Rouges de Brian\u00e7on vendredi soir, les bleus et noirs se sont inclin\u00e9s ce dimanche soir \u00e0 domicile. D\u00e9faite 2 \u00e0 0 contre les Aigles de Nice.\u00a0<\/p>\n<p style=\"text-align: justify;\">Le prochain match des Rapaces c\u2019est ce mardi soir \u00e0 20h contre les Br\u00fbleurs de Loup de Grenoble. Les Diables Rouges de Brian\u00e7on seront en d\u00e9placement \u00e0 Marseille \u00e0 20h15 ce mercredi soir.\u00a0<\/p>\n<p style=\"text-align: right;\"><strong>L.R.<\/strong><\/p>\n","protected":false},"excerpt":{"rendered":"\u00a0 &#8211; Hautes-Alpes &#8211; Retour sur terre pour les Rapaces de Gap face aux Aigles de Nice. Apr\u00e8s&hellip;\n","protected":false},"author":2,"featured_media":425320,"comment_status":"","ping_status":"","sticky":false,"template":"","format":"standard","meta":{"footnotes":""},"categories":[2819],"tags":[1111,11,7733,8279,7736,650,7734,2889,2263,1777,674,1011,27,1085,8280,6417,1114,4662,12,2401,3725,882,1825,25,7053,7737],"class_list":{"0":"post-425319","1":"post","2":"type-post","3":"status-publish","4":"format-standard","5":"has-post-thumbnail","7":"category-nice","8":"tag-actu","9":"tag-actualites","10":"tag-alpes","11":"tag-alpes1","12":"tag-cds","13":"tag-cinema","14":"tag-ecoute","15":"tag-emission","16":"tag-equipe","17":"tag-eu","18":"tag-europe","19":"tag-fr","20":"tag-france","21":"tag-gap","22":"tag-haute","23":"tag-information","24":"tag-infos","25":"tag-journal","26":"tag-news","27":"tag-nice","28":"tag-podcast","29":"tag-provence-alpes-cote-dazur","30":"tag-radio","31":"tag-republique-francaise","32":"tag-sud","33":"tag-winamp"},"share_on_mastodon":{"url":"https:\/\/pubeurope.com\/@fr\/115285914048692936","error":""},"_links":{"self":[{"href":"https:\/\/www.europesays.com\/fr\/wp-json\/wp\/v2\/posts\/425319","targetHints":{"allow":["GET"]}}],"collection":[{"href":"https:\/\/www.europesays.com\/fr\/wp-json\/wp\/v2\/posts"}],"about":[{"href":"https:\/\/www.europesays.com\/fr\/wp-json\/wp\/v2\/types\/post"}],"author":[{"embeddable":true,"href":"https:\/\/www.europesays.com\/fr\/wp-json\/wp\/v2\/users\/2"}],"replies":[{"embeddable":true,"href":"https:\/\/www.europesays.com\/fr\/wp-json\/wp\/v2\/comments?post=425319"}],"version-history":[{"count":0,"href":"https:\/\/www.europesays.com\/fr\/wp-json\/wp\/v2\/posts\/425319\/revisions"}],"wp:featuredmedia":[{"embeddable":true,"href":"https:\/\/www.europesays.com\/fr\/wp-json\/wp\/v2\/media\/425320"}],"wp:attachment":[{"href":"https:\/\/www.europesays.com\/fr\/wp-json\/wp\/v2\/media?parent=425319"}],"wp:term":[{"taxonomy":"category","embeddable":true,"href":"https:\/\/www.europesays.com\/fr\/wp-json\/wp\/v2\/categories?post=425319"},{"taxonomy":"post_tag","embeddable":true,"href":"https:\/\/www.europesays.com\/fr\/wp-json\/wp\/v2\/tags?post=425319"}],"curies":[{"name":"wp","href":"https:\/\/api.w.org\/{rel}","templated":true}]}}