{"id":425321,"date":"2025-09-29T05:23:10","date_gmt":"2025-09-29T05:23:10","guid":{"rendered":"https:\/\/www.europesays.com\/fr\/425321\/"},"modified":"2025-09-29T05:23:10","modified_gmt":"2025-09-29T05:23:10","slug":"des-travaux-prevus-entre-nantes-et-ancenis-voici-les-consequences-sur-la-circulation","status":"publish","type":"post","link":"https:\/\/www.europesays.com\/fr\/425321\/","title":{"rendered":"des travaux pr\u00e9vus entre Nantes et Ancenis, voici les cons\u00e9quences sur la circulation"},"content":{"rendered":"<p>            Par<br \/>\n        <strong><br \/>\n            <a href=\"https:\/\/actu.fr\/auteur\/redaction-nantes\" title=\"Consulter tous les articles de R\u00e9daction Nantes\" target=\"_blank\" rel=\"noopener\">R\u00e9daction Nantes<\/a><br \/>\n        <\/strong><\/p>\n<p>        Publi\u00e9 le<\/p>\n<p>            29 sept. 2025 \u00e0 7h16        <\/p>\n<p>Rebelote. De nouveaux travaux de r\u00e9novation de la chauss\u00e9e sont pr\u00e9vus sur l\u2019A11, entre Nantes et Ancenis. La soci\u00e9t\u00e9 Cofiroute interviendra de nuit, <strong>du lundi 29\u00a0septembre au vendredi 3\u00a0octobre 2025<\/strong>, occasionnant des perturbations sur la circulation. Voici ce qu\u2019il faut retenir.<\/p>\n<p>Fermeture d\u2019une partie du p\u00e9riph\u00e9rique<\/p>\n<p class=\" wall-content\"><strong>Les diverses fermetures seront effectives de 20h30 \u00e0 5h45<\/strong>. Les cons\u00e9quences sur la circulation du lundi 29\u00a0septembre au vendredi 3\u00a0octobre 2025, sont les suivantes\u2009:<\/p>\n<ul class=\" wall-content\">\n<li>Fermeture de l\u2019autoroute A11 dans les deux sens entre l\u2019\u00e9changeur n\u00b022 Vieilleville et n\u00b037 Porte de Rennes\u2009;<\/li>\n<li>fermeture des bretelles d\u2019\u00e9changeur n\u00b022 Vieilleville, n\u00b023 Boisbonne, n\u00b024 Cachet, n\u00b025 B\u00e9rangerais\u2009;<\/li>\n<li>fermeture du p\u00e9riph\u00e9rique Est N844 dans les deux sens entre la porte de la Chapelle n\u00b039 et la porte de Gesvres n\u00b038.<\/li>\n<\/ul>\n<p class=\" wall-content\"><strong>Des d\u00e9viations sont mises en place<\/strong> pour les automobilistes\u2009:<\/p>\n<ul class=\" wall-content\">\n<li>Depuis l\u2019A11 en provenance de Paris, les usagers sont d\u00e9vi\u00e9s \u00e0 partir de l\u2019\u00e9changeur n\u00b022 Vieilleville, empruntent l\u2019A811f vers la porte d\u2019Anjou, puis la N844 vers la porte de la Chapelle n\u00b039, puis le r\u00e9seau m\u00e9tropolitain et retrouvent leur destination d\u2019origine via la porte de Rennes n\u00b037 en direction de Rennes\/Vannes\u2009;<\/li>\n<li>depuis l\u2019A11 en provenance de Rennes\/Vannes, les usagers sont d\u00e9vi\u00e9s \u00e0 partir de l\u2019\u00e9changeur n\u00b037 porte de Rennes, empruntent le r\u00e9seau m\u00e9tropolitain vers la porte de la Chapelle n\u00b039, puis la N844 vers la porte d\u2019Anjou, puis l\u2019A811 vers l\u2019A11 et retrouvent leur destination d\u2019origine via l\u2019\u00e9changeur n\u00b022 Vieilleville en direction de Paris.<\/li>\n<\/ul>\n<p class=\" wall-content\">\u00ab\u2009Les usagers sont invit\u00e9s \u00e0 la plus grande prudence \u00e0 l\u2019approche de ces travaux\u2009\u00bb, rappelle Bison Fut\u00e9.<\/p>\n<p class=\" wall-content\">Personnalisez votre actualit\u00e9 en ajoutant vos villes et m\u00e9dias en favori avec <a href=\"https:\/\/moncompte.actu.fr\" title=\"D\u00e9couvez Mon Actu\" rel=\"nofollow noopener\" data-trk=\"{&quot;cta&quot;:{&quot;action&quot;:&quot;https:\\\/\\\/moncompte.actu.fr&quot;,&quot;category&quot;:&quot;mon compte&quot;,&quot;from&quot;:&quot;article footer&quot;,&quot;name&quot;:&quot;Mon actu&quot;,&quot;type&quot;:&quot;cta&quot;}}\" target=\"_blank\">Mon Actu<\/a>.<\/p>\n","protected":false},"excerpt":{"rendered":"Par R\u00e9daction Nantes Publi\u00e9 le 29 sept. 2025 \u00e0 7h16 Rebelote. De nouveaux travaux de r\u00e9novation de la&hellip;\n","protected":false},"author":2,"featured_media":389580,"comment_status":"","ping_status":"","sticky":false,"template":"","format":"standard","meta":{"footnotes":""},"categories":[2818],"tags":[1111,11,3542,1777,674,1011,27,766,12,2636,4013,25,104,2086],"class_list":{"0":"post-425321","1":"post","2":"type-post","3":"status-publish","4":"format-standard","5":"has-post-thumbnail","7":"category-nantes","8":"tag-actu","9":"tag-actualites","10":"tag-circulation","11":"tag-eu","12":"tag-europe","13":"tag-fr","14":"tag-france","15":"tag-nantes","16":"tag-news","17":"tag-pays-de-la-loire","18":"tag-peripherique","19":"tag-republique-francaise","20":"tag-societe","21":"tag-travaux"},"share_on_mastodon":{"url":"https:\/\/pubeurope.com\/@fr\/115285917958579215","error":""},"_links":{"self":[{"href":"https:\/\/www.europesays.com\/fr\/wp-json\/wp\/v2\/posts\/425321","targetHints":{"allow":["GET"]}}],"collection":[{"href":"https:\/\/www.europesays.com\/fr\/wp-json\/wp\/v2\/posts"}],"about":[{"href":"https:\/\/www.europesays.com\/fr\/wp-json\/wp\/v2\/types\/post"}],"author":[{"embeddable":true,"href":"https:\/\/www.europesays.com\/fr\/wp-json\/wp\/v2\/users\/2"}],"replies":[{"embeddable":true,"href":"https:\/\/www.europesays.com\/fr\/wp-json\/wp\/v2\/comments?post=425321"}],"version-history":[{"count":0,"href":"https:\/\/www.europesays.com\/fr\/wp-json\/wp\/v2\/posts\/425321\/revisions"}],"wp:featuredmedia":[{"embeddable":true,"href":"https:\/\/www.europesays.com\/fr\/wp-json\/wp\/v2\/media\/389580"}],"wp:attachment":[{"href":"https:\/\/www.europesays.com\/fr\/wp-json\/wp\/v2\/media?parent=425321"}],"wp:term":[{"taxonomy":"category","embeddable":true,"href":"https:\/\/www.europesays.com\/fr\/wp-json\/wp\/v2\/categories?post=425321"},{"taxonomy":"post_tag","embeddable":true,"href":"https:\/\/www.europesays.com\/fr\/wp-json\/wp\/v2\/tags?post=425321"}],"curies":[{"name":"wp","href":"https:\/\/api.w.org\/{rel}","templated":true}]}}