{"id":425324,"date":"2025-09-29T05:25:14","date_gmt":"2025-09-29T05:25:14","guid":{"rendered":"https:\/\/www.europesays.com\/fr\/425324\/"},"modified":"2025-09-29T05:25:14","modified_gmt":"2025-09-29T05:25:14","slug":"a-bordeaux-metropole-la-droite-tente-de-mettre-des-batons-dans-les-roues-de-velo-cite","status":"publish","type":"post","link":"https:\/\/www.europesays.com\/fr\/425324\/","title":{"rendered":"A Bordeaux M\u00e9tropole, la droite tente de mettre des b\u00e2tons dans les roues de V\u00e9lo-Cit\u00e9"},"content":{"rendered":"<p class=\"wp-block-post-excerpt__excerpt\">Le groupe M\u00e9tropole Commune(s) a vot\u00e9 ce vendredi contre les subventions de l\u2019intercommunalit\u00e9 \u00e0 l\u2019association d\u2019usagers du v\u00e9lo. Fustigeant le barom\u00e8tre qui critiquait la politique v\u00e9lo de certains maires, ceux-ci ont attaqu\u00e9 avec virulence une \u00ab\u00a0officine\u00a0\u00bb de militants. Des propos \u00ab\u00a0scandaleux\u00a0\u00bb pour les \u00e9lus de la majorit\u00e9, qui d\u00e9fendent le r\u00f4le d\u2019expertise de V\u00e9lo-Cit\u00e9. <\/p>\n<p><a href=\"https:\/\/rue89bordeaux.com\/category\/kiosque-abonne\/\" rel=\"tag nofollow noopener\" target=\"_blank\">\u00c9dition abonn\u00e9s<\/a>, <a href=\"https:\/\/rue89bordeaux.com\/category\/polemique\/\" rel=\"tag nofollow noopener\" target=\"_blank\">Pol\u00e9mique<\/a><\/p>\n<p>Simon Barth\u00e9l\u00e9my<\/p>\n<p>Publi\u00e9 le 29 septembre 2025\u00a0\u00a0\u00b7\u00a0\u00a0<\/p>\n<p>Imprim\u00e9 le 29 septembre 2025 \u00e0 07h25\u00a0\u00a0\u00b7\u00a0\u00a0<\/p>\n<p>\t\t\t\t\t5\u00a0minutes\n<\/p>\n<p>\u00ab\u00a0De v\u00e9ritable censeurs de l\u2019action publique.\u00a0\u00bb Des \u00ab\u00a0militants d\u2019une cause dont ils s\u2019estiment seuls r\u00e9cipiendaires\u00a0\u00bb. \u00ab\u00a0Une officine de certains partis politiques.\u00a0\u00bb Diantre, mais de qui Emmanuel Sallaberry parlait-il vendredi dernier en conseil de Bordeaux M\u00e9tropole ? CNews ? La Coordination rurale ? Les Soul\u00e8vements de la Terre ? Perdu : V\u00e9lo-Cit\u00e9.<\/p>\n<p>Alors qu\u2019un cycliste de 55 ans qui se rendait \u00e0 son travail a \u00e9t\u00e9 <a href=\"https:\/\/www.sudouest.fr\/gironde\/le-haillan\/cycliste-tue-pres-de-bordeaux-le-conducteur-d-un-camion-interpelle-et-defere-26110282.php\" target=\"_blank\" rel=\"noreferrer noopener nofollow\">tu\u00e9 par un chauffard<\/a> la semaine derni\u00e8re sur un rond-point au Haillan, le maire de Talence et ses comp\u00e8res du groupe M\u00e9tropole Commune(s) ont en effet tir\u00e9 \u00e0 boulet rouge sur cette association, qui se bat depuis 45 ans pour que chacune et chacun puisse rouler \u00e0 v\u00e9lo en toute s\u00e9curit\u00e9 \u00e0 Bordeaux et en Gironde.  <\/p>\n<p>\t\tUn \u00ab\u00a0coup de semonce\u00a0\u00bb contre l\u2019association<\/p>\n<blockquote class=\"wp-block-quote is-layout-flow wp-block-quote-is-layout-flow\">\n<p>\u00ab\u00a0On demande \u00e0 V\u00e9lo-Cit\u00e9 d\u2019\u00eatre des partenaires et entre partenaires on ne se met pas au tribunal, \u00e7a n\u2019existe pas, estime Christophe Duprat. Nous sommes tous maires ou conseillers municipaux, je vous laisse imaginer que si une association vous mettait au tribunal, sa subvention serait r\u00e9duite \u00e0 sa plus faible expression.\u00a0\u00bb<\/p>\n<\/blockquote>\n<p>Le maire de Saint-Aubin justifiait ainsi l\u2019opposition de son groupe \u00e0 deux d\u00e9lib\u00e9rations concernant cette association. L\u2019une d\u2019elles vise en effet \u00e0 cl\u00f4turer une proc\u00e9dure judiciaire, la M\u00e9tropole accordant pour cela 500 euros \u00e0 V\u00e9lo-Cit\u00e9, qui l\u2019avait attaqu\u00e9e pour des am\u00e9nagements de voiries \u00e0 Floirac ne respectant pas les obligations l\u00e9gales sur les espaces cyclables.<\/p>\n<p>Selon Emmanuel Sallaberry, \u00ab\u00a0pour la premi\u00e8re fois une association tr\u00e8s largement subventionn\u00e9e par l\u2019argent public vient attaquer en justice une d\u00e9cision prise\u00a0\u00bb par Bordeaux M\u00e9tropole, qui soutient V\u00e9lo Cit\u00e9 \u00e0 hauteur de 27000\u20ac en fonctionnement (d\u00e9grad\u00e9 de 5% en 2025 comme toutes les associations), p<a href=\"https:\/\/velo-cite.org\/la-maison-itinerante-du-velo\/\" rel=\"nofollow noopener\" target=\"_blank\">lus 56000\u20ac au titre de la MAMMA <\/a>(maison des mobilit\u00e9s alternatives) anim\u00e9e sur la rive droite.<\/p>\n<p>Lisez la suite pour 1\u20ac<\/p>\n<p>En profitant de notre offre d\u2019essai, r\u00e9siliable en ligne \u00e0 tout moment.<\/p>\n<p><strong>Pour acc\u00e9der \u00e0 cet article, il faut \u00eatre abonn\u00e9. Pourquoi\u00a0?<\/strong><\/p>\n<p>Les informations exclusives, les enqu\u00eates et certains reportages constituent l\u2019\u00e9dition abonn\u00e9s de Rue89 Bordeaux. En tant que m\u00e9dia ind\u00e9pendant, nos ressources proviennent de nos lectrices et lecteurs abonn\u00e9s, aucun milliardaire ni groupe bancaire ne nous finance.<\/p>\n<p>Nous demandons \u00e0 nos lecteurs une faible contribution pour disposer \u00e0 Bordeaux d\u2019un m\u00e9dia critique des pouvoirs, capable d\u2019enqu\u00eater et de traiter les enjeux locaux en profondeur et dans la dur\u00e9e.<\/p>\n<p>Chaque abonnement compte. Toutes nos recettes sont investies dans un journalisme local ind\u00e9pendant, dont la force et la r\u00e9activit\u00e9 d\u00e9pend directement du nombre d\u2019abonn\u00e9s actifs.<\/p>\n<p class=\"has-text-align-right\"><strong><a href=\"https:\/\/rue89bordeaux.com\/?p=128375\" data-type=\"page\" data-id=\"0\" rel=\"nofollow noopener\" target=\"_blank\">Je m\u2019abonne\u00a0 <\/a><\/strong><\/p>\n<p>\t\t\t<a href=\"https:\/\/rue89bordeaux.com\/\" class=\"custom-logo-link\" rel=\"home nofollow noopener\" target=\"_blank\"><img loading=\"lazy\" decoding=\"async\" width=\"290\" height=\"49\" src=\"https:\/\/www.europesays.com\/fr\/wp-content\/uploads\/2025\/04\/logo.png\" class=\"custom-logo\" alt=\"Rue89Bordeaux Enqu\u00eates et informations de proximit\u00e9\"  \/><\/a><\/p>\n<p>\n\t\t\t\tAbonnez-vous maintenant pour suivre l\u2019actualit\u00e9 locale.\t\t\t<\/p>\n<p class=\"font-bold font-serif-heading mb-2 text-4xl\">\n\t\t\t\t\t\tL\u2019investigation locale \u00e0 port\u00e9e de main.\n\t\t\t\t\t<\/p>\n<p>\n\t\t\t\t\t\tAbonnez-vous et profitez d\u2019un acc\u00e8s illimit\u00e9 \u00e0 Rue89Bordeaux. Annulez quand vous voulez.\n\t\t\t\t\t<\/p>\n<p class=\"xl:text-sm\">\n\t\t\t\t\tD\u00e9j\u00e0 abonn\u00e9\u00a0?<br \/>\n\t\t\t\t\t<a class=\"border border-transparent text-center transition-colors duration-instant focus:border-info focus:rounded focus:shadow-focus cursor-pointer text-black hover:text-gray-700 active:bg-black-700 font-semibold inline-block\" href=\"https:\/\/rue89bordeaux.com\/user\/login\/?redirect=\/2025\/09\/a-bordeaux-metropole-la-droite-tente-de-mettre-des-batons-dans-les-roues-de-velo-cite\/\" rel=\"nofollow noopener\" target=\"_blank\">Connectez-vous<\/a>\t\t\t\t<\/p>\n<p>\n\t\t\t\tChoisissez votre formule\u00a0:\n\t\t\t<\/p>\n<p>\t\t\t\tFermer<\/p>\n","protected":false},"excerpt":{"rendered":"Le groupe M\u00e9tropole Commune(s) a vot\u00e9 ce vendredi contre les subventions de l\u2019intercommunalit\u00e9 \u00e0 l\u2019association d\u2019usagers du v\u00e9lo.&hellip;\n","protected":false},"author":2,"featured_media":425325,"comment_status":"","ping_status":"","sticky":false,"template":"","format":"standard","meta":{"footnotes":""},"categories":[2817],"tags":[1111,11,1997,2904,55442,1777,674,1011,27,12,2219,25,28976],"class_list":{"0":"post-425324","1":"post","2":"type-post","3":"status-publish","4":"format-standard","5":"has-post-thumbnail","7":"category-bordeaux","8":"tag-actu","9":"tag-actualites","10":"tag-bordeaux","11":"tag-bordeaux-metropole","12":"tag-emmanuel-sallaberry","13":"tag-eu","14":"tag-europe","15":"tag-fr","16":"tag-france","17":"tag-news","18":"tag-nouvelle-aquitaine","19":"tag-republique-francaise","20":"tag-velo-cite"},"share_on_mastodon":{"url":"https:\/\/pubeurope.com\/@fr\/115285926143140938","error":""},"_links":{"self":[{"href":"https:\/\/www.europesays.com\/fr\/wp-json\/wp\/v2\/posts\/425324","targetHints":{"allow":["GET"]}}],"collection":[{"href":"https:\/\/www.europesays.com\/fr\/wp-json\/wp\/v2\/posts"}],"about":[{"href":"https:\/\/www.europesays.com\/fr\/wp-json\/wp\/v2\/types\/post"}],"author":[{"embeddable":true,"href":"https:\/\/www.europesays.com\/fr\/wp-json\/wp\/v2\/users\/2"}],"replies":[{"embeddable":true,"href":"https:\/\/www.europesays.com\/fr\/wp-json\/wp\/v2\/comments?post=425324"}],"version-history":[{"count":0,"href":"https:\/\/www.europesays.com\/fr\/wp-json\/wp\/v2\/posts\/425324\/revisions"}],"wp:featuredmedia":[{"embeddable":true,"href":"https:\/\/www.europesays.com\/fr\/wp-json\/wp\/v2\/media\/425325"}],"wp:attachment":[{"href":"https:\/\/www.europesays.com\/fr\/wp-json\/wp\/v2\/media?parent=425324"}],"wp:term":[{"taxonomy":"category","embeddable":true,"href":"https:\/\/www.europesays.com\/fr\/wp-json\/wp\/v2\/categories?post=425324"},{"taxonomy":"post_tag","embeddable":true,"href":"https:\/\/www.europesays.com\/fr\/wp-json\/wp\/v2\/tags?post=425324"}],"curies":[{"name":"wp","href":"https:\/\/api.w.org\/{rel}","templated":true}]}}