{"id":425326,"date":"2025-09-29T05:26:12","date_gmt":"2025-09-29T05:26:12","guid":{"rendered":"https:\/\/www.europesays.com\/fr\/425326\/"},"modified":"2025-09-29T05:26:12","modified_gmt":"2025-09-29T05:26:12","slug":"girondins-etienne-beugre-de-retour-a-bordeaux-apres-un-long-feuilleton","status":"publish","type":"post","link":"https:\/\/www.europesays.com\/fr\/425326\/","title":{"rendered":"Girondins : \u00c9tienne Beugre de retour \u00e0 Bordeaux apr\u00e8s un long feuilleton"},"content":{"rendered":"<p><img decoding=\"async\" src=\"https:\/\/www.europesays.com\/fr\/wp-content\/uploads\/2025\/08\/671_aa6f5733d1b2730ed0f12f52af4daa87.jpg\" alt=\"Girondins : \u00c9tienne Beugre de retour \u00e0 Bordeaux apr\u00e8s un long feuilleton\" class=\"img-responsive mt-3\"\/><\/p>\n<p class=\"text-center mb-3\" style=\"font-size: 14px\">\u00a9 Iconsport<\/p>\n<p>      <strong>\u00c9tienne Beugre retrouve enfin les Girondins de Bordeaux, il est attendu \u00e0 l&rsquo;entra\u00eenement<\/strong><\/p>\n<p style=\"text-align: justify;\">L&rsquo;attaquant <a href=\"https:\/\/www.webgirondins.com\/actualite-girondins-girondins-revirement-de-situation-pour-etienne-beugre-130186\" target=\"_blank\" rel=\"noopener\">Etienne Beugre<\/a> a obtenu son visa de travail et va retrouver l\u2019effectif de N2 la semaine prochaine, indique Sud Ouest. Son arriv\u00e9e marque la fin d&rsquo;une pol\u00e9mique, car le joueur reprochait au directeur sportif bordelais John Williams de bloquer son retour en France. De son c\u00f4t\u00e9, le club renvoyait la responsabilit\u00e9 du probl\u00e8me administratif au joueur.<\/p>\n<p style=\"text-align: justify;\">Une solution a donc \u00e9t\u00e9 trouv\u00e9e. Le joueur a manqu\u00e9 la pr\u00e9paration et 6 matchs de championnat de National 2. De plus, Bruno Irl\u00e8s avait publiquement d\u00e9clar\u00e9 qu&rsquo;il ne comptait pas sur lui cette saison. L&rsquo;entra\u00eeneur va donc devoir g\u00e9rer sa reprise et son int\u00e9gration dans le groupe.<\/p>\n<p style=\"text-align: justify;\">Sous contrat avec Bordeaux jusqu&rsquo;en juin 2026, \u00c9tienne Beugre avait d\u00e9clar\u00e9 son envie d&rsquo;honorer son contrat jusqu&rsquo;\u00e0 son terme. Son salaire est de 10 000\u20ac brut par mois.<\/p>\n<p style=\"text-align: justify;\">\u00c0 lire aussi &gt;&gt;<strong><a href=\"https:\/\/www.webgirondins.com\/actualite-girondins-girondins-que-faut-il-retenir-de-la-qualification-face-a-bergerac-1-2-130605\" target=\"_blank\" rel=\"noopener\"> Girondins : que faut-il retenir de la qualification face \u00e0 Bergerac (1-2) ?<\/a><\/strong><\/p>\n<p>Notre podcast court :<\/p>\n","protected":false},"excerpt":{"rendered":"\u00a9 Iconsport \u00c9tienne Beugre retrouve enfin les Girondins de Bordeaux, il est attendu \u00e0 l&rsquo;entra\u00eenement L&rsquo;attaquant Etienne Beugre&hellip;\n","protected":false},"author":2,"featured_media":326461,"comment_status":"","ping_status":"","sticky":false,"template":"","format":"standard","meta":{"footnotes":""},"categories":[2817],"tags":[1111,11,150,10653,7051,11754,1997,3477,6769,11753,1777,674,16019,1011,27,1987,10496,12,2219,2513,1062,25,8133,5572,20432,4392],"class_list":{"0":"post-425326","1":"post","2":"type-post","3":"status-publish","4":"format-standard","5":"has-post-thumbnail","7":"category-bordeaux","8":"tag-actu","9":"tag-actualites","10":"tag-apres","11":"tag-attendu","12":"tag-autour","13":"tag-beugre","14":"tag-bordeaux","15":"tag-cette","16":"tag-entrainement","17":"tag-etienne","18":"tag-eu","19":"tag-europe","20":"tag-feuilleton","21":"tag-fr","22":"tag-france","23":"tag-girondins","24":"tag-long","25":"tag-news","26":"tag-nouvelle-aquitaine","27":"tag-plusieurs","28":"tag-polemique","29":"tag-republique-francaise","30":"tag-retour","31":"tag-semaine","32":"tag-semaines","33":"tag-visa"},"share_on_mastodon":{"url":"https:\/\/pubeurope.com\/@fr\/115285929778631218","error":""},"_links":{"self":[{"href":"https:\/\/www.europesays.com\/fr\/wp-json\/wp\/v2\/posts\/425326","targetHints":{"allow":["GET"]}}],"collection":[{"href":"https:\/\/www.europesays.com\/fr\/wp-json\/wp\/v2\/posts"}],"about":[{"href":"https:\/\/www.europesays.com\/fr\/wp-json\/wp\/v2\/types\/post"}],"author":[{"embeddable":true,"href":"https:\/\/www.europesays.com\/fr\/wp-json\/wp\/v2\/users\/2"}],"replies":[{"embeddable":true,"href":"https:\/\/www.europesays.com\/fr\/wp-json\/wp\/v2\/comments?post=425326"}],"version-history":[{"count":0,"href":"https:\/\/www.europesays.com\/fr\/wp-json\/wp\/v2\/posts\/425326\/revisions"}],"wp:featuredmedia":[{"embeddable":true,"href":"https:\/\/www.europesays.com\/fr\/wp-json\/wp\/v2\/media\/326461"}],"wp:attachment":[{"href":"https:\/\/www.europesays.com\/fr\/wp-json\/wp\/v2\/media?parent=425326"}],"wp:term":[{"taxonomy":"category","embeddable":true,"href":"https:\/\/www.europesays.com\/fr\/wp-json\/wp\/v2\/categories?post=425326"},{"taxonomy":"post_tag","embeddable":true,"href":"https:\/\/www.europesays.com\/fr\/wp-json\/wp\/v2\/tags?post=425326"}],"curies":[{"name":"wp","href":"https:\/\/api.w.org\/{rel}","templated":true}]}}