{"id":425333,"date":"2025-09-29T05:31:15","date_gmt":"2025-09-29T05:31:15","guid":{"rendered":"https:\/\/www.europesays.com\/fr\/425333\/"},"modified":"2025-09-29T05:31:15","modified_gmt":"2025-09-29T05:31:15","slug":"notre-dame-du-mont-par-celles-et-ceux-qui-y-vivent-et-y-travaillent","status":"publish","type":"post","link":"https:\/\/www.europesays.com\/fr\/425333\/","title":{"rendered":"Notre-Dame-du-Mont, par celles et ceux qui y vivent et y travaillent"},"content":{"rendered":"<p>Pierre-Antoine Denis, patron de la Cantinetta sur le cours Julien&#13;\n<\/p>\n<p><img alt=\"Pierre-Antoine Denis (\u00e0 gauche), le patron de la Cantinetta, et le nouveau directeur de l'\u00e9tablissement.\" loading=\"lazy\" decoding=\"async\" data-nimg=\"fill\" class=\" TwicCore_img__i9TC1 undefined  undefined\" style=\"position:absolute;height:100%;width:100%;left:0;top:0;right:0;bottom:0;color:transparent;background-size:cover;background-position:50% 50%;background-repeat:no-repeat;background-image:url(&quot;data:image\/svg+xml;charset=utf-8,%3Csvg xmlns='http:\/\/www.w3.org\/2000\/svg' %3E%3Cfilter id='b' color-interpolation-filters='sRGB'%3E%3CfeGaussianBlur stdDeviation='20'\/%3E%3CfeColorMatrix values='1 0 0 0 0 0 1 0 0 0 0 0 1 0 0 0 0 0 100 -1' result='s'\/%3E%3CfeFlood x='0' y='0' width='100%25' height='100%25'\/%3E%3CfeComposite operator='out' in='s'\/%3E%3CfeComposite in2='SourceGraphic'\/%3E%3CfeGaussianBlur stdDeviation='20'\/%3E%3C\/filter%3E%3Cimage width='100%25' height='100%25' x='0' y='0' preserveAspectRatio='none' style='filter: url(%23b);' href='https:\/\/pictures.laprovence.com\/cdn-cgi\/image\/blur=250\/media\/melody\/2025\/09\/29\/pierre-antoine-denis-a-gauche-le-patron-de-la-cantinetta-et-le-nouveau-directeur-de-l-etablissement-1759123120_29297fb645d862d297fb645d821397v_.jpg'\/%3E%3C\/svg%3E&quot;)\"   src=\"https:\/\/www.europesays.com\/fr\/wp-content\/uploads\/2025\/09\/pierre-antoine-denis-a-gauche-le-patron-de-la-cantinetta-et-le-nouveau-directeur-de-l-etablissement-.jpeg\"\/>Pierre-Antoine Denis (\u00e0 gauche), le patron de la Cantinetta, et le nouveau directeur de l&rsquo;\u00e9tablissement. \/ PHOTO M.LL.\u00a0\u00bbUne salet\u00e9 et une ins\u00e9curit\u00e9 croissantes\u00a0\u00bb<\/p>\n<p>Arriv\u00e9 en 2006, il est l&rsquo;un des plus anciens restaurateurs du cours Julien. Une p\u00e9rennit\u00e9 \u00e0 souligner car, selon lui, \u00ab\u00a0on voit beaucoup de commerces d\u00e9filer dans le quartier sans s&rsquo;y installer durablement\u00a0\u00bb. Pierre-Antoine Denis, le chef et propri\u00e9taire de <a href=\"https:\/\/www.laprovence.com\/article\/papier\/6756857\/ces-terrasses-qui-se-cachent.html\" target=\"_blank\" rel=\"noopener\">la Cantinetta<\/a>, adresse reconnue pour ses plats italiens, ne se l&rsquo;explique pas\u00a0: \u00ab\u00a0malgr\u00e9 une salet\u00e9 et une ins\u00e9curit\u00e9 croissantes, nous continuons de faire vivre notre \u00e9tablissement\u00a0\u00bb, assure-t-il, soulignant toutefois \u00ab\u00a0les efforts visibles de la municipalit\u00e9 et des \u00e9quipes en place\u00a0\u00bb. Cette tranquillit\u00e9 mise \u00e0 mal, mat\u00e9rialis\u00e9e par une recrudescence d&rsquo;altercations se terminant parfois \u00ab\u00a0\u00e0 coups de couteau\u00a0\u00bb, pourrait \u00eatre due \u00e0 la drogue, qui se banalise sur cette art\u00e8re du 6e arrondissement.<\/p>\n<p>\u00ab\u00a0Dans le hall de l&rsquo;immeuble voisin, on retrouve souvent des seringues, dit-il, \u00e7a s&rsquo;\u00e9tait calm\u00e9, mais c&rsquo;est revenu. Et puis, comme c&rsquo;est festif et qu&rsquo;il y a de l&rsquo;alcool, il y a toujours des mecs qui tra\u00eenent pour d\u00e9pouiller ceux qui ont trop bu. \u00c7a ressemble parfois \u00e0 l&rsquo;ambiance de l&rsquo;Op\u00e9ra d&rsquo;avant.\u00a0\u00bb\u00a0Alors qu&rsquo;il r\u00e9alise les trois quarts de son chiffre d&rsquo;affaires le soir, il regrette que les clients \u00ab\u00a0aient du mal \u00e0 venir\u00a0\u00bb : \u00ab\u00a0Depuis la suppression des places de parking, on ne peut plus se garer et le m\u00e9tro ferme \u00e0 21h30.\u00a0\u00bb Pour autant, celui qui d\u00e9tient un deuxi\u00e8me \u00e9tablissement dans le 8e arrondissement (<a href=\"https:\/\/www.laprovence.com\/article\/edition-marseille\/4269437\/trois-nouvelles-tables-recoivent-un-bib-gourmand.html\" target=\"_blank\" rel=\"noopener\">Otto<\/a>) promet que \u00ab\u00a0malgr\u00e9 ces contraintes\u00a0\u00bb, il continue \u00ab\u00a0d&rsquo;apporter du positif au quartier\u00a0\u00bb.<\/p>\n<p>\u00c9ric Pelloni, 59 ans, patron de Cinesud sur le cours Julien \u00ab\u00a0Ce quartier alternatif a gard\u00e9 cette identit\u00e9 militante\u00a0\u00bb&#13;\n<\/p>\n<p><img alt=\"Eric Pelloni tient la boutique d'affiches de cin\u00e9ma sur le cours Julien, Cinesud.\" loading=\"lazy\" decoding=\"async\" data-nimg=\"fill\" class=\" TwicCore_img__i9TC1 undefined  undefined\" style=\"position:absolute;height:100%;width:100%;left:0;top:0;right:0;bottom:0;color:transparent;background-size:cover;background-position:50% 50%;background-repeat:no-repeat;background-image:url(&quot;data:image\/svg+xml;charset=utf-8,%3Csvg xmlns='http:\/\/www.w3.org\/2000\/svg' %3E%3Cfilter id='b' color-interpolation-filters='sRGB'%3E%3CfeGaussianBlur stdDeviation='20'\/%3E%3CfeColorMatrix values='1 0 0 0 0 0 1 0 0 0 0 0 1 0 0 0 0 0 100 -1' result='s'\/%3E%3CfeFlood x='0' y='0' width='100%25' height='100%25'\/%3E%3CfeComposite operator='out' in='s'\/%3E%3CfeComposite in2='SourceGraphic'\/%3E%3CfeGaussianBlur stdDeviation='20'\/%3E%3C\/filter%3E%3Cimage width='100%25' height='100%25' x='0' y='0' preserveAspectRatio='none' style='filter: url(%23b);' href='https:\/\/pictures.laprovence.com\/cdn-cgi\/image\/blur=250\/media\/melody\/2025\/09\/29\/eric-pelloni-tient-la-boutique-d-affiches-de-cinema-sur-le-cours-julien-cinesud-1759123120_659e2c46a5d86889e2c46a5d85c9e2v_.jpg'\/%3E%3C\/svg%3E&quot;)\"   src=\"https:\/\/www.europesays.com\/fr\/wp-content\/uploads\/2025\/09\/eric-pelloni-tient-la-boutique-d-affiches-de-cinema-sur-le-cours-julien-cinesud-1759123120_659e2c46a.jpeg\"\/>Eric Pelloni tient la boutique d&rsquo;affiches de cin\u00e9ma sur le cours Julien, Cinesud. \/ PHOTO M.LL.<\/p>\n<p>Avec le <a href=\"https:\/\/www.laprovence.com\/article\/culture-loisirs\/7854463193676114\/la-premiere-fois-une-semaine-de-projections-et-rencontres-consacree-au-premier-geste-de-cinema-a-marseille\" target=\"_blank\" rel=\"noopener\">Vid\u00e9odrome 2<\/a> et la Baleine, les deux cin\u00e9mas engag\u00e9s de Notre-Dame-du-Mont, Cinesud contribue \u00e0 la promotion du 7e art dans un quartier riche culturellement. Dans sa boutique, \u00c9ric Pelloni vend des milliers d&rsquo;affiches de films, surtout anciens. Un commerce \u00ab\u00a0de niche\u00a0\u00bb, comme il le qualifie lui-m\u00eame, qu&rsquo;il fait perdurer depuis\u00a01997. \u00ab\u00a0Je suis au bon endroit, est-il convaincu. Ce quartier a toujours \u00e9t\u00e9 un endroit \u00e0 part, alternatif, avec des lieux singuliers, et il a gard\u00e9 cette identit\u00e9 militante. Dans chaque grande ville, il y a un quartier comme \u00e7a, un peu punk et rebelle. J&rsquo;ai tout entendu sur ce quartier\u00a0: la drogue, la s\u00e9curit\u00e9&#8230; J&rsquo;ai des amis dans le 7e, le 8e, le 9e arrondissement, qui ne veulent pas venir, ils ont peur. Moi, je n&rsquo;ai quasiment jamais rien eu ici. Globalement, les gens sont cool, d\u00e9contract\u00e9s, pas artificiels ou guind\u00e9s comme \u00e7a peut \u00eatre le cas ailleurs.\u00a0\u00bb Et il s&rsquo;est fondu dans ce d\u00e9cor, faisant par exemple peindre son rideau m\u00e9tallique par un graffeur. \u00ab\u00a0Des touristes, il\u00a0y en a plus qu&rsquo;avant, sourit \u00c9ric Pelloni. Peut-\u00eatre aussi que ces classements \u00e9trangers qui parlent du quartier comme le plus cool du monde y contribuent.\u00a0\u00bb Le cin\u00e9phile d\u00e9c\u00e8le ainsi une \u00ab\u00a0\u00e9volution soci\u00e9tale\u00a0\u00bb qui a entra\u00een\u00e9, notamment, une hausse des prix de l&rsquo;immobilier. \u00ab\u00a0Si \u00e7a continue de monter, l&rsquo;identit\u00e9 du quartier peut \u00eatre en danger, mais pour l&rsquo;instant dans les bars et les restos, c&rsquo;est moins cher qu&rsquo;au Vieux Port.\u00a0\u00bb<\/p>\n<p>Eliane Galeazzi, 68\u00a0ans, pharmacienne sur  la place Notre-Dame-du-Mont \u00ab\u00a0Aujourd&rsquo;hui, c&rsquo;est tout le quartier qui est festif\u00a0\u00bb&#13;\n<\/p>\n<p><img alt=\"Eliane Galeazzi, pharmacienne sur la place Notre-Dame-du-Mont \u00e0 Marseille.\" loading=\"lazy\" decoding=\"async\" data-nimg=\"fill\" class=\" TwicCore_img__i9TC1 undefined  undefined\" style=\"position:absolute;height:100%;width:100%;left:0;top:0;right:0;bottom:0;color:transparent;background-size:cover;background-position:50% 50%;background-repeat:no-repeat;background-image:url(&quot;data:image\/svg+xml;charset=utf-8,%3Csvg xmlns='http:\/\/www.w3.org\/2000\/svg' %3E%3Cfilter id='b' color-interpolation-filters='sRGB'%3E%3CfeGaussianBlur stdDeviation='20'\/%3E%3CfeColorMatrix values='1 0 0 0 0 0 1 0 0 0 0 0 1 0 0 0 0 0 100 -1' result='s'\/%3E%3CfeFlood x='0' y='0' width='100%25' height='100%25'\/%3E%3CfeComposite operator='out' in='s'\/%3E%3CfeComposite in2='SourceGraphic'\/%3E%3CfeGaussianBlur stdDeviation='20'\/%3E%3C\/filter%3E%3Cimage width='100%25' height='100%25' x='0' y='0' preserveAspectRatio='none' style='filter: url(%23b);' href='https:\/\/pictures.laprovence.com\/cdn-cgi\/image\/blur=250\/media\/melody\/2025\/09\/29\/eliane-galeazzi-pharmacienne-sur-la-place-notre-dame-du-mont-a-marseille-1759123120_3f0e6f3335d86721e6f3335d8461e6v_.jpg'\/%3E%3C\/svg%3E&quot;)\"   src=\"https:\/\/www.europesays.com\/fr\/wp-content\/uploads\/2025\/09\/eliane-galeazzi-pharmacienne-sur-la-place-notre-dame-du-mont-a-marseille-1759123120_3f0e6f3335d86721.jpeg\"\/>Eliane Galeazzi, pharmacienne sur la place Notre-Dame-du-Mont \u00e0 Marseille. \/ PHOTO M.LL.<\/p>\n<p>Cela fait presque 30\u00a0ans qu&rsquo;elle a ouvert sa pharmacie sur la place Notre-Dame-du-Mont. Trois d\u00e9cennies qui ont conduit le quartier \u00e0 \u00ab\u00a0un changement radical\u00a0\u00bb. Selon la commer\u00e7ante corse, qui habite \u00e0 quelques dizaines de m\u00e8tres de son enseigne, le plus frappant, c&rsquo;est l&rsquo;implantation sans limite des bars et restaurants. \u00ab\u00a0Avant, il n&rsquo;y en avait pas ou tr\u00e8s peu, assure-t-elle. Il y avait un traiteur, Bataille, l\u00e0 o\u00f9 il y a Tripletta aujourd&rsquo;hui. Nous avions des commerces de bouche sur la place, un poissonnier, un boucher, et beaucoup de magasins de chaque c\u00f4t\u00e9 de la rue Fontange.\u00a0\u00bb Le cours Julien semble avoir progressivement gagn\u00e9 du terrain. \u00ab\u00a0Il s&rsquo;est prolong\u00e9 et aujourd&rsquo;hui, c&rsquo;est tout le quartier qui est festif, ajoute <a href=\"https:\/\/www.laprovence.com\/article\/region\/18126328324919\/la-societe-est-de-plus-en-plus-violente-a-marseille-les-pharmaciens-tirent-la-sonnette-d-alarme\" target=\"_blank\" rel=\"noopener\">la pharmacienne<\/a>. Certaines personnes \u00e2g\u00e9es ne s&rsquo;en plaignent pas, elles appr\u00e9cient ce c\u00f4t\u00e9 tr\u00e8s vivant, mais pour d&rsquo;autres, c&rsquo;est devenu difficile \u00e0 vivre parce qu&rsquo;elles ne peuvent pas dormir. Il y a aussi beaucoup de SDF, il y en a toujours eu, ils font aussi du bruit quand il fait nuit.\u00a0\u00bb Si elle d\u00e9plore un \u00ab\u00a0quartier sale\u00a0\u00bb, Eliane Galeazzi aimerait voir davantage de v\u00e9g\u00e9tation dans la rue de Lodi et les art\u00e8res adjacentes \u00e0 la place Notre-Dame-du-Mont, elle a d&rsquo;ailleurs \u00ab\u00a0adopt\u00e9\u00a0\u00bb deux jardini\u00e8res qu&rsquo;elle entretient elle-m\u00eame. \u00ab\u00a0Ma m\u00e8re vivait ici, mon fils adore le cours Ju, je connais le quartier par c\u0153ur et je l&rsquo;aime toujours autant.\u00a0\u00bb<\/p>\n<p>Alexis Privat, vendeur chez Pain Pan, boulangerie rue des 3 Fr\u00e8res Barth\u00e9l\u00e9my \u00ab\u00a0Une ambiance qui pousse \u00e0 la rencontre\u00a0\u00bb&#13;\n<\/p>\n<p><img alt=\"Alexis Privat est vendeur chez Pain Pan, boulangerie de la rue des 3 Fr\u00e8res Barth\u00e9l\u00e9my.\" loading=\"lazy\" decoding=\"async\" data-nimg=\"fill\" class=\" TwicCore_img__i9TC1 undefined  undefined\" style=\"position:absolute;height:100%;width:100%;left:0;top:0;right:0;bottom:0;color:transparent;background-size:cover;background-position:50% 50%;background-repeat:no-repeat;background-image:url(&quot;data:image\/svg+xml;charset=utf-8,%3Csvg xmlns='http:\/\/www.w3.org\/2000\/svg' %3E%3Cfilter id='b' color-interpolation-filters='sRGB'%3E%3CfeGaussianBlur stdDeviation='20'\/%3E%3CfeColorMatrix values='1 0 0 0 0 0 1 0 0 0 0 0 1 0 0 0 0 0 100 -1' result='s'\/%3E%3CfeFlood x='0' y='0' width='100%25' height='100%25'\/%3E%3CfeComposite operator='out' in='s'\/%3E%3CfeComposite in2='SourceGraphic'\/%3E%3CfeGaussianBlur stdDeviation='20'\/%3E%3C\/filter%3E%3Cimage width='100%25' height='100%25' x='0' y='0' preserveAspectRatio='none' style='filter: url(%23b);' href='https:\/\/pictures.laprovence.com\/cdn-cgi\/image\/blur=250\/media\/melody\/2025\/09\/29\/alexis-privat-est-vendeur-chez-pain-pan-boulangerie-de-la-rue-des-3-freres-barthelemy-1759123121_f68134cea5d86ea8134cea5d8fe813v_.jpg'\/%3E%3C\/svg%3E&quot;)\"   src=\"https:\/\/www.europesays.com\/fr\/wp-content\/uploads\/2025\/09\/alexis-privat-est-vendeur-chez-pain-pan-boulangerie-de-la-rue-des-3-freres-barthelemy-1759123121_f68.jpeg\"\/>Alexis Privat est vendeur chez Pain Pan, boulangerie de la rue des 3 Fr\u00e8res Barth\u00e9l\u00e9my. \/ PHOTO M.LL.<\/p>\n<p>Alexis Privat est un de ces <a href=\"https:\/\/www.laprovence.com\/article\/societe\/1989654400792615\/la-lune-de-miel-a-dure-5-mois-decus-ces-neo-marseillais-ont-prefere-quitter-la-ville\" target=\"_blank\" rel=\"noopener\">n\u00e9o-Marseillais<\/a>, d\u00e9barqu\u00e9 apr\u00e8s le Covid. Et c&rsquo;est \u00e0 Notre-Dame-du-Mont que le Bourguignon a pos\u00e9 ses valises en\u00a02021. \u00ab\u00a0J&rsquo;y ai v\u00e9cu trois ans, confie-t-il, derri\u00e8re le comptoir de Pain Pan. Le quartier des artistes, j&rsquo;ai trouv\u00e9 \u00e7a cool. Et avec tous les restos et les bars, c&rsquo;est tr\u00e8s facile de sortir. Et puis, il y a plein de commerces de bouches. Quand on vit ici, on consomme ici.\u00a0\u00bb Cet esprit de village l&rsquo;a conquis comme la \u00ab\u00a0proximit\u00e9\u00a0\u00bb entre les gens et entre les commer\u00e7ants. \u00ab\u00a0C&rsquo;est un peu du commerce \u00e0 l&rsquo;ancienne, tous les artisans se connaissent et se rendent des services. Regardez, on avait un souci avec notre balance alors le primeur d&rsquo;\u00e0 c\u00f4t\u00e9 nous a pr\u00eat\u00e9 la sienne.\u00a0\u00bb Cette boulangerie, ouverte en\u00a02019 rue des 3 Fr\u00e8res Barth\u00e9l\u00e9my, qui produit en bio et avec du levain naturel, dispose d\u00e9sormais d&rsquo;une \u00ab\u00a0client\u00e8le r\u00e9guli\u00e8re pr\u00eate \u00e0 payer un peu plus cher pour la qualit\u00e9\u00a0\u00bb, croit-il savoir. Une population plut\u00f4t bobo qui souligne un certain contraste dans ce quartier\u00a0: \u00ab\u00a0C&rsquo;est triste de voir tous ces gens pr\u00e9caires. La nuit ou au petit matin, entre les rats, les cafards et les seringues, mieux vaut ne pas sortir en tongs. C&rsquo;est plus marqu\u00e9 ici qu&rsquo;ailleurs.\u00a0\u00bb Mais il r\u00e9fute tout sentiment d&rsquo;ins\u00e9curit\u00e9 avec, l\u00e0 encore, une particularit\u00e9 du quartier\u00a0: \u00ab\u00a0Les gens ne s&rsquo;ignorent pas, on r\u00e9pond aux mendiants ou aux gens un peu paum\u00e9s. Cela cr\u00e9e une ambiance qui pousse \u00e0 la rencontre et, quand on d\u00e9couvre Marseille, c&rsquo;est quelque chose qui pla\u00eet.\u00a0\u00bb<\/p>\n","protected":false},"excerpt":{"rendered":"Pierre-Antoine Denis, patron de la Cantinetta sur le cours Julien&#13; Pierre-Antoine Denis (\u00e0 gauche), le patron de la&hellip;\n","protected":false},"author":2,"featured_media":425334,"comment_status":"","ping_status":"","sticky":false,"template":"","format":"standard","meta":{"footnotes":""},"categories":[2814],"tags":[17,1111,11,54042,9069,1777,674,1011,27,884,12,55443,5912,882,3583,16,25,38760,9070],"class_list":{"0":"post-425333","1":"post","2":"type-post","3":"status-publish","4":"format-standard","5":"has-post-thumbnail","7":"category-marseille","8":"tag-17","9":"tag-actu","10":"tag-actualites","11":"tag-celles","12":"tag-ceux","13":"tag-eu","14":"tag-europe","15":"tag-fr","16":"tag-france","17":"tag-marseille","18":"tag-news","19":"tag-notre-dame-du-mont","20":"tag-par","21":"tag-provence-alpes-cote-dazur","22":"tag-qui","23":"tag-region","24":"tag-republique-francaise","25":"tag-travaillent","26":"tag-vivent"},"share_on_mastodon":{"url":"https:\/\/pubeurope.com\/@fr\/115285949572086709","error":""},"_links":{"self":[{"href":"https:\/\/www.europesays.com\/fr\/wp-json\/wp\/v2\/posts\/425333","targetHints":{"allow":["GET"]}}],"collection":[{"href":"https:\/\/www.europesays.com\/fr\/wp-json\/wp\/v2\/posts"}],"about":[{"href":"https:\/\/www.europesays.com\/fr\/wp-json\/wp\/v2\/types\/post"}],"author":[{"embeddable":true,"href":"https:\/\/www.europesays.com\/fr\/wp-json\/wp\/v2\/users\/2"}],"replies":[{"embeddable":true,"href":"https:\/\/www.europesays.com\/fr\/wp-json\/wp\/v2\/comments?post=425333"}],"version-history":[{"count":0,"href":"https:\/\/www.europesays.com\/fr\/wp-json\/wp\/v2\/posts\/425333\/revisions"}],"wp:featuredmedia":[{"embeddable":true,"href":"https:\/\/www.europesays.com\/fr\/wp-json\/wp\/v2\/media\/425334"}],"wp:attachment":[{"href":"https:\/\/www.europesays.com\/fr\/wp-json\/wp\/v2\/media?parent=425333"}],"wp:term":[{"taxonomy":"category","embeddable":true,"href":"https:\/\/www.europesays.com\/fr\/wp-json\/wp\/v2\/categories?post=425333"},{"taxonomy":"post_tag","embeddable":true,"href":"https:\/\/www.europesays.com\/fr\/wp-json\/wp\/v2\/tags?post=425333"}],"curies":[{"name":"wp","href":"https:\/\/api.w.org\/{rel}","templated":true}]}}