{"id":425335,"date":"2025-09-29T05:32:11","date_gmt":"2025-09-29T05:32:11","guid":{"rendered":"https:\/\/www.europesays.com\/fr\/425335\/"},"modified":"2025-09-29T05:32:11","modified_gmt":"2025-09-29T05:32:11","slug":"a-marseille-la-justice-organise-la-vente-aux-encheres-du-carlton-palace-saisi-dans-le-cadre-de-lescroquerie-a-la-taxe-carbone","status":"publish","type":"post","link":"https:\/\/www.europesays.com\/fr\/425335\/","title":{"rendered":"A Marseille, la justice organise la vente aux ench\u00e8res du Carlton Palace, saisi dans le cadre de l\u2019escroquerie \u00e0 la taxe carbone"},"content":{"rendered":"<p>      <img fetchpriority=\"high\" decoding=\"async\" class=\"mx-auto\" src=\"data:image\/svg+xml,%3Csvg%20xmlns%3D%27http%3A%2F%2Fwww.w3.org%2F2000%2Fsvg%27%20fill%3D%22%23e4e4e4%22%20viewBox%3D%270%200%20510%20340%27%20width%3D%22510%22%20height%3D%22340%22%3E%3Cpath%20d%3D%27M0%200h510v340H0z%27%2F%3E%3C%2Fsvg%3E\"  loading=\"eager\" width=\"510\" height=\"340\" data-oncrawl-image-size=\"510x340\" alt=\"Le Carlton Palace, un vaste ensemble immobilier de 1\u00a0750\u00a0m\u00b2, situ\u00e9 sur la prestigieuse corniche Kennedy dans le 7\u1d49 arrondissement de la cit\u00e9 phoc\u00e9enne, \u00e0 proximit\u00e9 des plages du Prado.\"\/>      <\/p>\n<p class=\"latino-100m text-grey-600\">\n            Le Carlton Palace, un vaste ensemble immobilier de 1\u00a0750\u00a0m\u00b2, situ\u00e9 sur la prestigieuse corniche Kennedy dans le 7\u1d49 arrondissement de la cit\u00e9 phoc\u00e9enne, \u00e0 proximit\u00e9 des plages du Prado.\u00a0AGORASTORE        <\/p>\n<p>        Lire\u00a0plus\u00a0tard      <\/p>\n<p><a aria-label=\"Nous suivre sur Google News\" href=\"https:\/\/news.google.com\/publications\/CAAqBwgKMJe4nQkw3dFs?hl=fr&amp;gl=FR&amp;ceid=FR%3Afr\" target=\"_blank\" data-piano=\"Page_Article,Sous_date_publi,Nous_suivre_sur_google_news,1er_clic,action\" class=\"btn btn--small btn--tertiary btn--icon-only\" rel=\"noopener\"><\/p>\n<p>      Google Actualit\u00e9s<br \/>\n  <\/a><\/p>\n<p>  Partager<\/p>\n<p>        Facebook<\/p>\n<p>        Bluesky<\/p>\n<p>        E-mail<\/p>\n<p>        Copier le lien<\/p>\n<p>      Envoyer<\/p>\n<p>      S\u2019abonner pour lire    <\/p>\n<p class=\"node__paragraphe antonia-750r text-grey-800 pb-24 pb-md-32\">\nC\u2019est un dossier qui, depuis plusieurs semaines, agite le petit monde des promoteurs immobiliers marseillais. Ce lundi 29\u00a0septembre, l\u2019Agence de Gestion et de Recouvrement des Avoirs saisis et confisqu\u00e9s (Agrasc) organise la vente aux ench\u00e8res du Carlton Palace, un vaste ensemble immobilier de 1\u00a0750\u00a0m\u00b2, situ\u00e9 sur la prestigieuse corniche Kennedy dans le 7e arrondissement de la cit\u00e9 phoc\u00e9enne, \u00e0 proximit\u00e9 des plages du Prado. Le prix de d\u00e9part a \u00e9t\u00e9 fix\u00e9 \u00e0 4,7\u00a0millions d\u2019euros, mais la valeur de cet immeuble de standing, qui aujourd\u2019hui ressemble \u00e0 une carcasse vide quasi \u00e0 l\u2019abandon, avoisinerait les 23\u00a0millions d\u2019euros.<\/p>\n<p>385\u00a0millions d\u00e9tourn\u00e9s des caisses de l\u2019Etat<\/p>\n<p class=\"node__paragraphe antonia-750r text-grey-800 pb-8\">\nOffrant une vue imprenable sur la M\u00e9diterran\u00e9e, ce \u00ab\u00a0bien d\u2019exception\u00a0\u00bb a fait l\u2019objet d\u2019une confiscation dans le cadre d\u2019une affaire judiciaire, elle aussi d\u2019exception\u00a0: le volet marseillais de<a target=\"_blank\" href=\"https:\/\/www.nouvelobs.com\/justice\/20221001.OBS63938\/ma-vie-est-un-chef-d-uvre-si-je-la-raconte-personne-ne-va-me-croire-la-course-folle-de-marco-mouly.html\" rel=\"noopener\"> la fameuse escroquerie \u00e0 la taxe carbone<\/a>. Dans ce dossier o\u00f9 \u2026<\/p>\n<p class=\"latino-100m text-blue-400\">Article r\u00e9serv\u00e9 aux abonn\u00e9s.<\/p>\n<p>          Se connecter<\/p>\n<p class=\"text-center antonia-1850c\" style=\"margin-bottom:4px;\">Envie de lire la suite ?<\/p>\n<p class=\"text-center antonia-800c pb-16\">Tous nos articles en int\u00e9gralit\u00e9 d\u00e8s\u00a01\u20ac<\/p>\n<p>        S&rsquo;abonner<\/p>\n<p class=\"text-grey-700 or\">ou<\/p>\n<p>            <img width=\"164\" height=\"20\" src=\"data:image\/svg+xml,%3Csvg%20xmlns%3D%27http%3A%2F%2Fwww.w3.org%2F2000%2Fsvg%27%20fill%3D%22%23e4e4e4%22%20viewBox%3D%270%200%20282%2054%27%20width%3D%22282%22%20height%3D%2254%22%3E%3Cpath%20d%3D%27M0%200h282v54H0z%27%2F%3E%3C%2Fsvg%3E\"  class=\"js-swg-placeholder\" alt=\"Subscribe with Google\" loading=\"lazy\" decoding=\"async\"\/><\/p>\n<p>          D\u00e9couvrir toutes nos offres<\/p>\n","protected":false},"excerpt":{"rendered":"Le Carlton Palace, un vaste ensemble immobilier de 1\u00a0750\u00a0m\u00b2, situ\u00e9 sur la prestigieuse corniche Kennedy dans le 7\u1d49&hellip;\n","protected":false},"author":2,"featured_media":425336,"comment_status":"","ping_status":"","sticky":false,"template":"","format":"standard","meta":{"footnotes":""},"categories":[2814],"tags":[17,1111,11,33781,44034,13677,1777,674,1011,27,303,884,12,9271,44035,882,25,44036,4100],"class_list":{"0":"post-425335","1":"post","2":"type-post","3":"status-publish","4":"format-standard","5":"has-post-thumbnail","7":"category-marseille","8":"tag-17","9":"tag-actu","10":"tag-actualites","11":"tag-cadre","12":"tag-carlton","13":"tag-encheres","14":"tag-eu","15":"tag-europe","16":"tag-fr","17":"tag-france","18":"tag-justice","19":"tag-marseille","20":"tag-news","21":"tag-organise","22":"tag-palace","23":"tag-provence-alpes-cote-dazur","24":"tag-republique-francaise","25":"tag-saisi","26":"tag-vente"},"share_on_mastodon":{"url":"https:\/\/pubeurope.com\/@fr\/115285953324537443","error":""},"_links":{"self":[{"href":"https:\/\/www.europesays.com\/fr\/wp-json\/wp\/v2\/posts\/425335","targetHints":{"allow":["GET"]}}],"collection":[{"href":"https:\/\/www.europesays.com\/fr\/wp-json\/wp\/v2\/posts"}],"about":[{"href":"https:\/\/www.europesays.com\/fr\/wp-json\/wp\/v2\/types\/post"}],"author":[{"embeddable":true,"href":"https:\/\/www.europesays.com\/fr\/wp-json\/wp\/v2\/users\/2"}],"replies":[{"embeddable":true,"href":"https:\/\/www.europesays.com\/fr\/wp-json\/wp\/v2\/comments?post=425335"}],"version-history":[{"count":0,"href":"https:\/\/www.europesays.com\/fr\/wp-json\/wp\/v2\/posts\/425335\/revisions"}],"wp:featuredmedia":[{"embeddable":true,"href":"https:\/\/www.europesays.com\/fr\/wp-json\/wp\/v2\/media\/425336"}],"wp:attachment":[{"href":"https:\/\/www.europesays.com\/fr\/wp-json\/wp\/v2\/media?parent=425335"}],"wp:term":[{"taxonomy":"category","embeddable":true,"href":"https:\/\/www.europesays.com\/fr\/wp-json\/wp\/v2\/categories?post=425335"},{"taxonomy":"post_tag","embeddable":true,"href":"https:\/\/www.europesays.com\/fr\/wp-json\/wp\/v2\/tags?post=425335"}],"curies":[{"name":"wp","href":"https:\/\/api.w.org\/{rel}","templated":true}]}}