{"id":425338,"date":"2025-09-29T05:34:22","date_gmt":"2025-09-29T05:34:22","guid":{"rendered":"https:\/\/www.europesays.com\/fr\/425338\/"},"modified":"2025-09-29T05:34:22","modified_gmt":"2025-09-29T05:34:22","slug":"georges-kepenekian-ouvre-un-site-de-contribution-citoyenne-lyon-quelle-energie","status":"publish","type":"post","link":"https:\/\/www.europesays.com\/fr\/425338\/","title":{"rendered":"Georges K\u00e9p\u00e9n\u00e9kian ouvre un site de contribution citoyenne \u00ab\u00a0Lyon, quelle \u00e9nergie\u00a0!\u00a0\u00bb"},"content":{"rendered":"<p>Pour Georges K\u00e9p\u00e9n\u00e9kian, encore \u00e9lectron libre de la campagne des Municipales 2026, \u00ab\u00a0le d\u00e9bat qui s\u2019amorce ne doit pas se r\u00e9sumer \u00e0 \u00ab\u00a0Qui incarne la droite\u00a0\u00bb ou \u00ab\u00a0Qui incarne les Verts\u00a0\u00bb, mais pour quoi faire\u00a0?\u00a0\u00bb. Celui qui fustige les alliances nou\u00e9es ind\u00e9pendamment de tout programme, n\u2019en d\u00e9mord pas\u00a0: \u00ab\u00a0Le sujet est de savoir quel projet permettra \u00e0 Lyon de sortir de sa l\u00e9thargie. C\u2019est sur ce terrain que je me situe et c\u2019est l\u00e0 que je veux entra\u00eener les Lyonnaises et les Lyonnais\u00a0\u00bb, d\u00e9fend le candidat de la liste \u00ab\u00a0Lyon, quelle \u00e9nergie\u00a0!\u00a0\u00bb.<\/p>\n<p>Pour b\u00e2tir son programme, l\u2019ancien maire de Lyon, candidat au scrutin de mars\u00a02026, lance donc <a href=\"https:\/\/agir.lyonquellenergie.fr\/\" target=\"_blank\" rel=\"nofollow noopener\">un site de contribution citoyenne<\/a> \u00ab\u00a0ouvert \u00e0 toutes et \u00e0 tous, pour recueillir id\u00e9es, attentes, col\u00e8res parfois, et surtout propositions\u00a0\u00bb. Et d\u2019inviter chacun \u00ab\u00a0\u00e0 d\u00e9poser des pistes, r\u00e9agir et enrichir celles des autres\u00a0\u00bb.<\/p>\n<p><a href=\"https:\/\/agir.lyonquellenergie.fr\/\" target=\"_blank\" rel=\"nofollow noopener\">https:\/\/agir.lyonquellenergie.fr\/<\/a><\/p>\n","protected":false},"excerpt":{"rendered":"Pour Georges K\u00e9p\u00e9n\u00e9kian, encore \u00e9lectron libre de la campagne des Municipales 2026, \u00ab\u00a0le d\u00e9bat qui s\u2019amorce ne doit&hellip;\n","protected":false},"author":2,"featured_media":425339,"comment_status":"","ping_status":"","sticky":false,"template":"","format":"standard","meta":{"footnotes":""},"categories":[1889],"tags":[1111,11,2430,2757,4188,1777,674,1011,27,2428,2756,12,316,25,2429],"class_list":{"0":"post-425338","1":"post","2":"type-post","3":"status-publish","4":"format-standard","5":"has-post-thumbnail","7":"category-lyon","8":"tag-actu","9":"tag-actualites","10":"tag-auvergne-rhone-alpes","11":"tag-edition-lyon-villeurbanne","12":"tag-elections-municipales","13":"tag-eu","14":"tag-europe","15":"tag-fr","16":"tag-france","17":"tag-lyon","18":"tag-lyon-bassin","19":"tag-news","20":"tag-politique","21":"tag-republique-francaise","22":"tag-rhone"},"share_on_mastodon":{"url":"https:\/\/pubeurope.com\/@fr\/115285961292047750","error":""},"_links":{"self":[{"href":"https:\/\/www.europesays.com\/fr\/wp-json\/wp\/v2\/posts\/425338","targetHints":{"allow":["GET"]}}],"collection":[{"href":"https:\/\/www.europesays.com\/fr\/wp-json\/wp\/v2\/posts"}],"about":[{"href":"https:\/\/www.europesays.com\/fr\/wp-json\/wp\/v2\/types\/post"}],"author":[{"embeddable":true,"href":"https:\/\/www.europesays.com\/fr\/wp-json\/wp\/v2\/users\/2"}],"replies":[{"embeddable":true,"href":"https:\/\/www.europesays.com\/fr\/wp-json\/wp\/v2\/comments?post=425338"}],"version-history":[{"count":0,"href":"https:\/\/www.europesays.com\/fr\/wp-json\/wp\/v2\/posts\/425338\/revisions"}],"wp:featuredmedia":[{"embeddable":true,"href":"https:\/\/www.europesays.com\/fr\/wp-json\/wp\/v2\/media\/425339"}],"wp:attachment":[{"href":"https:\/\/www.europesays.com\/fr\/wp-json\/wp\/v2\/media?parent=425338"}],"wp:term":[{"taxonomy":"category","embeddable":true,"href":"https:\/\/www.europesays.com\/fr\/wp-json\/wp\/v2\/categories?post=425338"},{"taxonomy":"post_tag","embeddable":true,"href":"https:\/\/www.europesays.com\/fr\/wp-json\/wp\/v2\/tags?post=425338"}],"curies":[{"name":"wp","href":"https:\/\/api.w.org\/{rel}","templated":true}]}}