{"id":425344,"date":"2025-09-29T05:41:23","date_gmt":"2025-09-29T05:41:23","guid":{"rendered":"https:\/\/www.europesays.com\/fr\/425344\/"},"modified":"2025-09-29T05:41:23","modified_gmt":"2025-09-29T05:41:23","slug":"la-mariee-portait-des-robes-schiaparelli-ines-di-santo-et-dior-by-john-galliano-pour-son-mariage-romantique-dans-un-jardin-parisien","status":"publish","type":"post","link":"https:\/\/www.europesays.com\/fr\/425344\/","title":{"rendered":"La mari\u00e9e portait des robes Schiaparelli, Ines Di Santo et Dior by John Galliano pour son mariage romantique dans un jardin parisien"},"content":{"rendered":"<p>Avant leur mariage \u00e0 Paris, <strong>Nicole Beatty<\/strong> et <strong>Joe Brown<\/strong> se sont rencontr\u00e9s pour la premi\u00e8re fois \u00e0 l&rsquo;\u00e9t\u00e9 2019, lors d&rsquo;une soir\u00e9e sur un toit organis\u00e9e par des amis communs. \u201cAvec le recul, il est \u00e9tonnant que nous ne nous soyons pas crois\u00e9s plus t\u00f4t, compte tenu du nombre d&rsquo;amis que nous avions d\u00e9j\u00e0 en commun\u201d, explique <strong>Nicole<\/strong>, responsable de la strat\u00e9gie de talents dans une agence de gestion sportive. \u201cJ&rsquo;ai remarqu\u00e9 que quelqu&rsquo;un me souriait depuis le toit, et m\u00eame de loin j&rsquo;ai trouv\u00e9 qu&rsquo;il \u00e9tait beau. <strong>Joe<\/strong> s&rsquo;est approch\u00e9 de moi et s&rsquo;est pr\u00e9sent\u00e9, mais j&rsquo;ai quitt\u00e9 la <a href=\"https:\/\/www.vogue.fr\/dossier\/special-fetes\" target=\"_blank\" rel=\"noopener\">f\u00eate<\/a> sans plus y penser.\u201d<\/p>\n<p>Des retrouvailles gr\u00e2ce \u00e0 une story Instagram pour Nicole Beatty et Joe Brown<\/p>\n<p>Un an plus tard, <strong>Nicole,<\/strong> qui rendait visite \u00e0 l&rsquo;une de ses meilleures amies, <strong>Rachel<\/strong>, \u00e0 Washington, a publi\u00e9 une photo d&rsquo;elles deux sur sa story <a href=\"https:\/\/www.vogue.fr\/dossier\/instagram\" isautogenerated=\"true\" target=\"_blank\" rel=\"noopener\">Instagram<\/a>. <strong>Joe<\/strong>, qui n&rsquo;avait pas vu <strong>Nicole<\/strong> depuis cette soir\u00e9e sur les toits, a comment\u00e9 en disant qu&rsquo;il se souvenait d&rsquo;elle et qu&rsquo;il avait demand\u00e9 \u00e0 <strong>Rachel<\/strong> de faire les pr\u00e9sentations.<\/p>\n<p>Comme <strong>Rachel<\/strong> avait l&rsquo;impression qu&rsquo;ils pourraient bien s&rsquo;entendre, elle a fait promettre \u00e0 <strong>Nicole<\/strong> de se rendre au moins \u00e0 un rendez-vous avec <strong>Joe<\/strong>. \u201cNotre premier date aussi s&rsquo;est d\u00e9roul\u00e9 sur un toit, cette fois au 1 Brooklyn Hotel\u201d, se souvient <strong>Nicole<\/strong>. \u201cLorsque <strong>Joe<\/strong> est arriv\u00e9, il m&rsquo;a rappel\u00e9 que nous nous \u00e9tions rencontr\u00e9s l&rsquo;\u00e9t\u00e9 pr\u00e9c\u00e9dent. C&rsquo;est \u00e0 ce moment-l\u00e0 que j&rsquo;ai enfin compris qui \u00e9tait le beau gosse qui me souriait sur le toit l&rsquo;\u00e9t\u00e9 pr\u00e9c\u00e9dent.\u201d<\/p>\n<p>Quatre ans plus tard, <strong>Joe<\/strong> a fait sa demande lors d&rsquo;une promenade au coucher du soleil sur la <a href=\"https:\/\/www.vogue.fr\/dossier\/plage\" isautogenerated=\"true\" target=\"_blank\" rel=\"noopener\">plage<\/a> de Kamalame Cay, aux Bahamas. \u201cIl aimerait croire qu&rsquo;il m&rsquo;a surprise, mais ce voyage \u2018spontan\u00e9\u2019 sur une \u00eele magnifique l&rsquo;a quelque peu trahi\u201d, plaisante <strong>Nicole<\/strong>. \u201cLa demande en mariage \u00e9tait digne d&rsquo;un film. Il s&rsquo;est soudain arr\u00eat\u00e9 de marcher, s&rsquo;est plac\u00e9 devant moi et s&rsquo;est agenouill\u00e9, un arc-en-ciel se formant derri\u00e8re lui alors qu&rsquo;il venait d&rsquo;arr\u00eater de pleuvoir. Nous \u00e9tions les deux seuls sur la plage, \u00e0 l&rsquo;exception d&rsquo;un photographe, c&rsquo;\u00e9tait tr\u00e8s intime.\u201d Ils ont pass\u00e9 le reste du voyage \u00e0 faire la f\u00eate et \u00e0 planifier le d\u00e9but de leur prochain chapitre ensemble.<\/p>\n<p>Paris, une certitude pour le mariage du couple<\/p>\n<p>Le mariage a eu lieu un peu plus d&rsquo;un an plus tard, \u00e0 <a href=\"https:\/\/www.vogue.fr\/dossier\/paris\" isautogenerated=\"true\" target=\"_blank\" rel=\"noopener\">Paris<\/a>, un endroit qui a toujours \u00e9t\u00e9 sp\u00e9cial pour <strong>Nicole Beatty<\/strong> et <strong>Joe Brown<\/strong>. \u201cD\u00e8s le d\u00e9but, la seule chose dont nous \u00e9tions s\u00fbrs \u00e9tait que nous voulions nous marier dans la capitale fran\u00e7aise. Notre <a href=\"https:\/\/www.vogue.fr\/dossier\/amour\" isautogenerated=\"true\" target=\"_blank\" rel=\"noopener\">amour<\/a> pour la ville nous a amen\u00e9s \u00e0 y aller de nombreuses fois ensemble, que ce soit pour le travail ou pour le plaisir, et nous y avons beaucoup de souvenirs de <a href=\"https:\/\/www.vogue.fr\/dossier\/couple\" isautogenerated=\"true\" target=\"_blank\" rel=\"noopener\">couple<\/a>\u201d, explique <strong>Nicole<\/strong>. \u201cParis est \u00e9galement une destination de r\u00eave pour nos familles. Aucun de nos parents \u2013 et certains de mes grands-parents \u2013 n&rsquo;y \u00e9taient jamais all\u00e9s, mais lorsqu&rsquo;on leur demandait o\u00f9 ils aimeraient le plus se rendre, ils r\u00e9pondaient toujours Paris. Il \u00e9tait important pour nous de leur donner une raison de faire enfin ce voyage qu&rsquo;ils n&rsquo;auraient peut-\u00eatre pas fait autrement.\u201d<\/p>\n","protected":false},"excerpt":{"rendered":"Avant leur mariage \u00e0 Paris, Nicole Beatty et Joe Brown se sont rencontr\u00e9s pour la premi\u00e8re fois \u00e0&hellip;\n","protected":false},"author":2,"featured_media":425345,"comment_status":"","ping_status":"","sticky":false,"template":"","format":"standard","meta":{"footnotes":""},"categories":[1888],"tags":[11,1777,674,1011,27,1930,12,626,25,18401],"class_list":{"0":"post-425344","1":"post","2":"type-post","3":"status-publish","4":"format-standard","5":"has-post-thumbnail","7":"category-paris","8":"tag-actualites","9":"tag-eu","10":"tag-europe","11":"tag-fr","12":"tag-france","13":"tag-mariage","14":"tag-news","15":"tag-paris","16":"tag-republique-francaise","17":"tag-vogue-digital"},"share_on_mastodon":{"url":"https:\/\/pubeurope.com\/@fr\/115285988661004968","error":""},"_links":{"self":[{"href":"https:\/\/www.europesays.com\/fr\/wp-json\/wp\/v2\/posts\/425344","targetHints":{"allow":["GET"]}}],"collection":[{"href":"https:\/\/www.europesays.com\/fr\/wp-json\/wp\/v2\/posts"}],"about":[{"href":"https:\/\/www.europesays.com\/fr\/wp-json\/wp\/v2\/types\/post"}],"author":[{"embeddable":true,"href":"https:\/\/www.europesays.com\/fr\/wp-json\/wp\/v2\/users\/2"}],"replies":[{"embeddable":true,"href":"https:\/\/www.europesays.com\/fr\/wp-json\/wp\/v2\/comments?post=425344"}],"version-history":[{"count":0,"href":"https:\/\/www.europesays.com\/fr\/wp-json\/wp\/v2\/posts\/425344\/revisions"}],"wp:featuredmedia":[{"embeddable":true,"href":"https:\/\/www.europesays.com\/fr\/wp-json\/wp\/v2\/media\/425345"}],"wp:attachment":[{"href":"https:\/\/www.europesays.com\/fr\/wp-json\/wp\/v2\/media?parent=425344"}],"wp:term":[{"taxonomy":"category","embeddable":true,"href":"https:\/\/www.europesays.com\/fr\/wp-json\/wp\/v2\/categories?post=425344"},{"taxonomy":"post_tag","embeddable":true,"href":"https:\/\/www.europesays.com\/fr\/wp-json\/wp\/v2\/tags?post=425344"}],"curies":[{"name":"wp","href":"https:\/\/api.w.org\/{rel}","templated":true}]}}