{"id":425346,"date":"2025-09-29T05:42:11","date_gmt":"2025-09-29T05:42:11","guid":{"rendered":"https:\/\/www.europesays.com\/fr\/425346\/"},"modified":"2025-09-29T05:42:11","modified_gmt":"2025-09-29T05:42:11","slug":"air-france-et-airbus-rejuges-a-partir-de-ce-lundi-a-nouveau-relaxes","status":"publish","type":"post","link":"https:\/\/www.europesays.com\/fr\/425346\/","title":{"rendered":"Air France et Airbus, rejug\u00e9s \u00e0 partir de ce lundi, \u00e0 nouveau relax\u00e9s\u00a0?"},"content":{"rendered":"<p>Seize ans apr\u00e8s le crash du vol Rio-Paris AF447 qui a tu\u00e9 228 personnes, la compagnie Air France et le constructeur Airbus, relax\u00e9s en premi\u00e8re instance, sont jug\u00e9s \u00e0 partir de ce lundi en appel, durant deux mois, \u00e0 Paris pour homicides involontaires.<\/p>\n<p>Le 1er\u00a0juin 2009, le vol AF447 reliant Rio de Janeiro \u00e0 Paris s\u2019ab\u00eeme en pleine nuit dans l\u2019Atlantique, quelques heures apr\u00e8s son d\u00e9collage, entra\u00eenant la mort de ses 216 passagers et 12 membres d\u2019\u00e9quipage. \u00c0 bord de l\u2019A330 se trouvent des personnes de 33\u00a0nationalit\u00e9s, dont 72\u00a0Fran\u00e7ais et 58\u00a0Br\u00e9siliens.<\/p>\n<p>Les bo\u00eetes noires ont confirm\u00e9 le point de d\u00e9part de l\u2019accident\u200a: le givrage des sondes de vitesse Pitot alors que l\u2019avion volait \u00e0 haute altitude dans la zone m\u00e9t\u00e9o difficile du \u201cPot au noir\u201d, pr\u00e8s de l\u2019\u00e9quateur.<\/p>\n<p>\u00ab\u200aImprudences\u200a\u00bb et \u00ab\u200an\u00e9gligences\u200a\u00bb<\/p>\n<p>Pour cet accident a\u00e9rien, pass\u00e9 \u00e0 la post\u00e9rit\u00e9 par la c\u00e9l\u00e8bre photo de la d\u00e9rive tricolore arrach\u00e9e \u00e0 l\u2019avion flottant au milieu de l\u2019oc\u00e9an Atlantique, les deux entreprises sont jug\u00e9es jusqu\u2019au 27\u00a0novembre par la cour d\u2019appel de Paris. Elles encourent 225\u200a000\u00a0euros d\u2019amende.<\/p>\n<p>Le 17\u00a0avril\u00a02023, apr\u00e8s deux mois de d\u00e9bats hautement techniques hach\u00e9s de moments d\u2019\u00e9motion lors des auditions des familles endeuill\u00e9es, <a href=\"https:\/\/www.ledauphine.com\/faits-divers-justice\/2023\/04\/17\/crash-du-rio-paris-en-2009-l-heure-du-jugement-pour-airbus-et-air-france\" target=\"_blank\" rel=\"noopener\">le tribunal correctionnel de Paris a relax\u00e9 sur le plan p\u00e9nal<\/a> Airbus et Air France tout en reconnaissant leur responsabilit\u00e9 civile.<\/p>\n<p>Il a consid\u00e9r\u00e9 que si des \u00ab\u200aimprudences\u200a\u00bb et \u00ab\u200an\u00e9gligences\u200a\u00bb avaient \u00e9t\u00e9 commises, \u00ab\u200aaucun lien de causalit\u00e9 certain\u200a\u00bb n\u2019avait \u00ab\u200apu \u00eatre d\u00e9montr\u00e9\u200a\u00bb avec l\u2019accident le plus meurtrier de l\u2019histoire des compagnies fran\u00e7aises.<\/p>\n<p>Alors que le minist\u00e8re public avait requis \u00e0 l\u2019audience la relaxe des deux entreprises, <a href=\"https:\/\/www.ledauphine.com\/economie\/2023\/04\/27\/crash-du-rio-paris-le-parquet-fait-appel-de-la-relaxe-d-airbus-et-air-france\" target=\"_blank\" rel=\"noopener\">le parquet g\u00e9n\u00e9ral a tout de m\u00eame fait appel du jugement<\/a> \u00ab\u200aafin de donner leur plein effet aux voies de recours pr\u00e9vues par la loi et soumettre l\u2019affaire \u00e0 un second degr\u00e9 de juridiction\u200a\u00bb.<\/p>\n<p>200\u00a0parties civiles en moins<\/p>\n<p>Sur les 489 parties civiles constitu\u00e9es lors du proc\u00e8s de premi\u00e8re instance, 281 se sont jointes \u00e0 l\u2019appel dans ce dossier aux 20\u200a000 cotes de proc\u00e9dure s\u2019\u00e9talant sur 105 tomes. \u00ab\u200aCertaines se sont lass\u00e9es, ont l\u00e2ch\u00e9 la rampe, pour essayer de tourner la page. D\u2019autres sont toujours extr\u00eamement combatives et veulent absolument que justice soit rendue et que la v\u00e9rit\u00e9 soit clairement dite au plan judiciaire\u200a\u00bb, a d\u00e9clar\u00e9 \u00e0 l\u2019AFP Me\u00a0<a href=\"https:\/\/www.ledauphine.com\/p\/alain-jakubowicz\" target=\"_blank\" rel=\"noopener\">Alain Jakubowicz<\/a>, avocat de nombreuses parties civiles.<\/p>\n<p>Selon le calendrier pr\u00e9visionnel, le premier mois du proc\u00e8s sera consacr\u00e9 \u00e0 des auditions de t\u00e9moins et d\u2019experts. Les repr\u00e9sentants d\u2019Airbus et Air France devraient \u00eatre interrog\u00e9s \u00e0 partir du 27\u00a0octobre.<\/p>\n","protected":false},"excerpt":{"rendered":"Seize ans apr\u00e8s le crash du vol Rio-Paris AF447 qui a tu\u00e9 228 personnes, la compagnie Air France&hellip;\n","protected":false},"author":2,"featured_media":425347,"comment_status":"","ping_status":"","sticky":false,"template":"","format":"standard","meta":{"footnotes":""},"categories":[1888],"tags":[119,11,1777,674,274,107,1011,27,329,12,626,25,2803],"class_list":{"0":"post-425346","1":"post","2":"type-post","3":"status-publish","4":"format-standard","5":"has-post-thumbnail","7":"category-paris","8":"tag-accident","9":"tag-actualites","10":"tag-eu","11":"tag-europe","12":"tag-faits-divers-justice","13":"tag-fil-info","14":"tag-fr","15":"tag-france","16":"tag-france-monde","17":"tag-news","18":"tag-paris","19":"tag-republique-francaise","20":"tag-transport"},"share_on_mastodon":{"url":"","error":""},"_links":{"self":[{"href":"https:\/\/www.europesays.com\/fr\/wp-json\/wp\/v2\/posts\/425346","targetHints":{"allow":["GET"]}}],"collection":[{"href":"https:\/\/www.europesays.com\/fr\/wp-json\/wp\/v2\/posts"}],"about":[{"href":"https:\/\/www.europesays.com\/fr\/wp-json\/wp\/v2\/types\/post"}],"author":[{"embeddable":true,"href":"https:\/\/www.europesays.com\/fr\/wp-json\/wp\/v2\/users\/2"}],"replies":[{"embeddable":true,"href":"https:\/\/www.europesays.com\/fr\/wp-json\/wp\/v2\/comments?post=425346"}],"version-history":[{"count":0,"href":"https:\/\/www.europesays.com\/fr\/wp-json\/wp\/v2\/posts\/425346\/revisions"}],"wp:featuredmedia":[{"embeddable":true,"href":"https:\/\/www.europesays.com\/fr\/wp-json\/wp\/v2\/media\/425347"}],"wp:attachment":[{"href":"https:\/\/www.europesays.com\/fr\/wp-json\/wp\/v2\/media?parent=425346"}],"wp:term":[{"taxonomy":"category","embeddable":true,"href":"https:\/\/www.europesays.com\/fr\/wp-json\/wp\/v2\/categories?post=425346"},{"taxonomy":"post_tag","embeddable":true,"href":"https:\/\/www.europesays.com\/fr\/wp-json\/wp\/v2\/tags?post=425346"}],"curies":[{"name":"wp","href":"https:\/\/api.w.org\/{rel}","templated":true}]}}