{"id":425350,"date":"2025-09-29T05:44:11","date_gmt":"2025-09-29T05:44:11","guid":{"rendered":"https:\/\/www.europesays.com\/fr\/425350\/"},"modified":"2025-09-29T05:44:11","modified_gmt":"2025-09-29T05:44:11","slug":"le-parti-pro-europeen-pas-remporte-les-legislatives-en-moldavie","status":"publish","type":"post","link":"https:\/\/www.europesays.com\/fr\/425350\/","title":{"rendered":"Le parti pro-europ\u00e9en PAS remporte les l\u00e9gislatives en Moldavie\u2026"},"content":{"rendered":"<p>Les pro-europ\u00e9ens remportent les l\u00e9gislatives en Moldavie<\/p>\n<p>Le parti pro-europ\u00e9en PAS de la pr\u00e9sidente Maia Sandu a gagn\u00e9 les l\u00e9gislatives en Moldavie avec plus de 50\u00a0% des voix, selon des r\u00e9sultats officiels apr\u00e8s d\u00e9pouillement de 99,52\u00a0% des suffrages publi\u00e9s lundi.<\/p>\n<p>Le Parti Action et V\u00e9rit\u00e9 (PAS), au pouvoir depuis\u00a02021, a obtenu 50,03\u00a0% des votes, devant le Bloc patriotique prorusse qui affiche un score de 24,26\u00a0%, selon ces r\u00e9sultats publi\u00e9s par la Commission \u00e9lectorale centrale sur son site Internet.<\/p>\n<p>Le parti pro-europ\u00e9en PAS en t\u00eate des l\u00e9gislatives en Moldavie<\/p>\n<p>Au pouvoir depuis\u00a02021, le parti pro-europ\u00e9en PAS de la pr\u00e9sidente Maia Sandu est en t\u00eate des \u00e9lections l\u00e9gislatives de dimanche en Moldavie, marqu\u00e9es par des accusations d\u2019ing\u00e9rence russe, selon un d\u00e9compte presque d\u00e9finitif de la Commission \u00e9lectorale.<\/p>\n<p>Le Parti Action et V\u00e9rit\u00e9 (PAS) r\u00e9colte 47,6\u00a0% des voix contre 25,9\u00a0% au Bloc patriotique prorusse selon le d\u00e9compte de 94\u00a0% des votes. En troisi\u00e8me positon figure, avec 8,45\u00a0%, le Mouvement alternatif national (MAS) du maire de Chisinau, Ion Ceban, qui avait appel\u00e9 \u00e0 voter contre le PAS.<\/p>\n<p>Lavrov r\u00e9pond aux menaces de Trump<\/p>\n<p>Le ministre russe des Affaires \u00e9trang\u00e8res Sergue\u00ef Lavrov a mis en garde samedi contre toute attaque envers son pays, qui entra\u00eenerait une \u00ab\u00a0r\u00e9ponse r\u00e9solue\u00a0\u00bb, alors que Donald Trump a appel\u00e9 \u00e0 abattre les avions russes en cas de violation de l\u2019espace a\u00e9rien de l\u2019Otan.<\/p>\n<p>Bienvenue dans ce nouveau Live<\/p>\n<p>Bonjour \u00e0 toutes et \u00e0 tous. Comme chaque jour, la r\u00e9daction de 20 Minutes est mobilis\u00e9e pour vous donner l\u2019ensemble des informations sur le conflit entre Kiev et Moscou.<\/p>\n<p>Diplomatiquement, la tension ne cesse d&rsquo;augmenter entre le Kremlin et l\u2019Otan. Ces derni\u00e8res semaines, plusieurs pays europ\u00e9ens, notamment le Danemark, la Pologne et la Norv\u00e8ge, ont accus\u00e9 la Russie d\u2019avoir viol\u00e9 leur espace a\u00e9rien avec des drones et des avions de chasse, ce que l\u2019Alliance atlantique consid\u00e8re comme un test de sa d\u00e9termination.<\/p>\n","protected":false},"excerpt":{"rendered":"Les pro-europ\u00e9ens remportent les l\u00e9gislatives en Moldavie Le parti pro-europ\u00e9en PAS de la pr\u00e9sidente Maia Sandu a gagn\u00e9&hellip;\n","protected":false},"author":2,"featured_media":425351,"comment_status":"","ping_status":"","sticky":false,"template":"","format":"standard","meta":{"footnotes":""},"categories":[1590],"tags":[47,11,75,73,1777,674,131,74,12,136,132,220,133,135,134],"class_list":{"0":"post-425350","1":"post","2":"type-post","3":"status-publish","4":"format-standard","5":"has-post-thumbnail","7":"category-ukraine","8":"tag-actualite","9":"tag-actualites","10":"tag-donald-trump","11":"tag-etats-unis","12":"tag-eu","13":"tag-europe","14":"tag-guerre-en-ukraine","15":"tag-monde","16":"tag-news","17":"tag-otan","18":"tag-russie","19":"tag-ukraine","20":"tag-video","21":"tag-vladimir-poutine","22":"tag-volodymyr-zelensky"},"share_on_mastodon":{"url":"https:\/\/pubeurope.com\/@fr\/115286000483595090","error":""},"_links":{"self":[{"href":"https:\/\/www.europesays.com\/fr\/wp-json\/wp\/v2\/posts\/425350","targetHints":{"allow":["GET"]}}],"collection":[{"href":"https:\/\/www.europesays.com\/fr\/wp-json\/wp\/v2\/posts"}],"about":[{"href":"https:\/\/www.europesays.com\/fr\/wp-json\/wp\/v2\/types\/post"}],"author":[{"embeddable":true,"href":"https:\/\/www.europesays.com\/fr\/wp-json\/wp\/v2\/users\/2"}],"replies":[{"embeddable":true,"href":"https:\/\/www.europesays.com\/fr\/wp-json\/wp\/v2\/comments?post=425350"}],"version-history":[{"count":0,"href":"https:\/\/www.europesays.com\/fr\/wp-json\/wp\/v2\/posts\/425350\/revisions"}],"wp:featuredmedia":[{"embeddable":true,"href":"https:\/\/www.europesays.com\/fr\/wp-json\/wp\/v2\/media\/425351"}],"wp:attachment":[{"href":"https:\/\/www.europesays.com\/fr\/wp-json\/wp\/v2\/media?parent=425350"}],"wp:term":[{"taxonomy":"category","embeddable":true,"href":"https:\/\/www.europesays.com\/fr\/wp-json\/wp\/v2\/categories?post=425350"},{"taxonomy":"post_tag","embeddable":true,"href":"https:\/\/www.europesays.com\/fr\/wp-json\/wp\/v2\/tags?post=425350"}],"curies":[{"name":"wp","href":"https:\/\/api.w.org\/{rel}","templated":true}]}}