{"id":425370,"date":"2025-09-29T05:54:09","date_gmt":"2025-09-29T05:54:09","guid":{"rendered":"https:\/\/www.europesays.com\/fr\/425370\/"},"modified":"2025-09-29T05:54:09","modified_gmt":"2025-09-29T05:54:09","slug":"on-banalise-un-acte-grave-victime-de-cris-de-singe-lors-dun-match-de-volley-il-denonce-la-faible-sanction","status":"publish","type":"post","link":"https:\/\/www.europesays.com\/fr\/425370\/","title":{"rendered":"\u00ab\u00a0On banalise un acte grave\u00a0\u00bb\u00a0: victime de cris de singe lors d\u2019un match de volley, il d\u00e9nonce la faible sanction"},"content":{"rendered":"<p class=\"paragraph text_align_left lp-f-body-02\">\u00ab Le <a href=\"https:\/\/www.leparisien.fr\/sports\/football\/on-ne-doit-pas-arreter-den-parler-le-nouveau-message-de-kylian-mbappe-face-au-racisme-dans-les-stades-07-09-2025-QSV5FSBB4ZF7JD2G66RKRLRUUM.php\" target=\"_self\" rel=\"nofollow noopener\">racisme<\/a> n\u2019est pas une erreur de jeunesse. Il faut s\u00e9vir et ne pas laisser passer \u00e7a ! \u00bb Apr\u00e8s des mois de silence, Yoni Viotty Rose a d\u00e9cid\u00e9 de d\u00e9noncer au grand jour l\u2019acte raciste dont il a \u00e9t\u00e9 victime le 27 avril dernier sur le terrain de volley de Molsheim Olympique Club (<a href=\"https:\/\/www.leparisien.fr\/bas-rhin-67\/\" target=\"_blank\" rel=\"noreferrer nofollow noopener\">Bas-Rhin<\/a>), lors d\u2019un match de Nationale 3 (l\u2019\u00e9quivalent de la cinqui\u00e8me division) opposant son \u00e9quipe du CSM <a href=\"https:\/\/www.leparisien.fr\/hauts-de-seine-92\/clamart-92140\/\" target=\"_blank\" rel=\"noreferrer nofollow noopener\">Clamart<\/a> au club alsacien.<\/p>\n<p class=\"paragraph text_align_left lp-f-body-02\">Ce jour-l\u00e0, le joueur d\u2019origine antillaise a \u00e9t\u00e9 victime de <a href=\"https:\/\/www.leparisien.fr\/sports\/football\/cest-choquant-le-fc-bobigny-denonce-des-cris-de-singe-lors-dun-match-de-football-a-thionville-22-04-2025-QUJRBSOB4JHGBDGSRGEH3ND3BA.php\" target=\"_self\" rel=\"nofollow noopener\">cris de singe<\/a> adress\u00e9s en plein match par un joueur mineur de l\u2019\u00e9quipe adverse, \u00e2g\u00e9 de 15 ans. Un acte que cet habitant de Nanterre a d\u00e9cid\u00e9 de d\u00e9noncer dans une lettre ouverte sur son compte Instagram, jugeant d\u00e9risoire la sanction inflig\u00e9e par la commission f\u00e9d\u00e9rale de discipline : \u00e0 savoir six mois de suspension, dont trois avec sursis.<\/p>\n<p>\u00ab Mec, ce qui vient de se passer est intol\u00e9rable ! \u00bb<\/p>\n<p class=\"paragraph text_align_left lp-f-body-02\">Pourtant, rien ne laissait pr\u00e9sager ce jour-l\u00e0 de la tournure des \u00e9v\u00e9nements. \u00ab C\u2019\u00e9tait l\u2019avant-dernier match de la saison et il n\u2019y avait aucun enjeu car nous n\u2019avions gagn\u00e9 aucun match. Nous \u00e9tions men\u00e9s deux sets \u00e0 un et au moment de servir une premi\u00e8re fois lors du troisi\u00e8me set, j\u2019ai entendu des bruits provenant de la zone de chauffe que je ne suis pas parvenu \u00e0 identifier. Mais lors de mon deuxi\u00e8me service, j\u2019ai clairement entendu des cris de singes et j\u2019ai dit : les cris de singe \u00e7a ne va pas \u00eatre possible ! \u00bb relate le passeur \u00e2g\u00e9 de 35 ans.<\/p>\n<p class=\"paragraph text_align_left lp-f-body-02\">\u00ab L\u2019arbitre a arr\u00eat\u00e9 le point et a demand\u00e9 \u00e0 leurs joueurs de se calmer, car il n\u2019avait pas pu identifier l\u2019auteur du cri. Au m\u00eame moment un spectateur de leur \u00e9quipe est intervenu pour dire qu\u2019il pouvait t\u00e9moigner de ce qui s\u2019\u00e9tait pass\u00e9 \u00bb, poursuit Yoni Viotty Rose, qui reste dans un premier temps sur le terrain. \u00ab J\u2019ai d\u00e9connect\u00e9 total, c\u2019\u00e9tait dingue je me demandais si cela m\u2019\u00e9tait bien arriv\u00e9 \u00bb, retrace le joueur de Clamart.<\/p>\n<p class=\"paragraph text_align_left lp-f-body-02\">\u00ab Apr\u00e8s deux ou trois points, je me suis retrouv\u00e9 au filet et un joueur de l\u2019\u00e9quipe adverse m\u2019a dit : mec ce qui vient de se passer est intol\u00e9rable. \u00bb Il prend alors conscience de la gravit\u00e9 de la situation. \u00ab Je me suis dit que je n\u2019\u00e9tais pas fou et j\u2019ai demand\u00e9 \u00e0 quitter le terrain. Je suis sorti en larmes vers les vestiaires. \u00bb<\/p>\n<p>Match interrompu momentan\u00e9ment<\/p>\n<p class=\"paragraph text_align_left lp-f-body-02\">Le match est alors interrompu momentan\u00e9ment. \u00ab Je me suis isol\u00e9 cinq minutes avec un co\u00e9quipier. Le joueur qui a prof\u00e9r\u00e9 les cris a essay\u00e9 de venir me parler, mais j\u2019ai refus\u00e9 de lui r\u00e9pondre \u00bb, raconte Yoni qui accepte de reprendre le jeu.<\/p>\n<p class=\"paragraph text_align_left lp-f-body-02\">\u00ab Quand je suis revenu, mon capitaine \u00e9tait en train de porter une r\u00e9clamation sur la feuille de match. J\u2019ai termin\u00e9 la partie, mais je jouais pour jouer, sans aucune volont\u00e9 de gagner. Je n\u2019aurais pas d\u00fb revenir et le match n\u2019aurait pas d\u00fb reprendre, il aurait fallu marquer le coup \u00bb, regrette Yoni, qui assure avoir \u00e9t\u00e9 soutenu et accompagn\u00e9 par son propre club.<\/p>\n<p class=\"paragraph text_align_left lp-f-body-02\">\u00c0 l\u2019issue de la rencontre, les arbitres du match ainsi que le pr\u00e9sident du CSM Clamart pr\u00e9venu par son entra\u00eeneur signalent l\u2019incident. \u00ab On m\u2019a indiqu\u00e9 que je pouvais aussi d\u00e9poser plainte, mais je me suis dit que c\u2019\u00e9tait inutile car ces propos racistes \u00e9taient ceux d\u2019une personne qui ne l\u2019\u00e9tait pas. Je ne voulais pas non plus infliger la double peine \u00e0 un jeune joueur. \u00bb<\/p>\n<p>Un \u00ab bar\u00e8me de sanction qu\u2019il faut peut-\u00eatre r\u00e9former \u00bb<\/p>\n<p class=\"paragraph text_align_left lp-f-body-02\">De son c\u00f4t\u00e9, le club Molsheim a suspendu son joueur jusqu\u2019\u00e0 la fin de saison et transmis l\u2019identit\u00e9 de l\u2019auteur des faits \u00e0 la F\u00e9d\u00e9ration fran\u00e7aise de volley (FFV), qui sanctionne l\u2019auteur en juin. Sensible aux arguments de son entra\u00eeneur plaidant \u00ab un acte isol\u00e9 \u00bb, \u00ab l\u2019immaturit\u00e9 \u00bb et la n\u00e9cessit\u00e9 d\u2019une peine p\u00e9dagogique, la commission de discipline a jug\u00e9 que l\u2019auteur des cris b\u00e9n\u00e9ficiait de circonstances att\u00e9nuantes, justifiant une partie de sursis.<\/p>\n<p class=\"paragraph text_align_left lp-f-body-02\">Difficile \u00e0 comprendre pour Yoni Viotty Rose : \u00ab Je ne peux que dire mon indignation ! Une sanction aussi l\u00e9g\u00e8re revient \u00e0 banaliser un acte grave. Comment accepter qu\u2019un geste raciste soit puni de mani\u00e8re aussi d\u00e9risoire ! \u00bb s\u2019indigne le joueur clamartois, \u00ab choqu\u00e9 \u00bb par les arguments avanc\u00e9s par la d\u00e9fense. \u00ab Le racisme n\u2019est pas une b\u00eatise de gamin, c\u2019est un d\u00e9lit et je l\u2019ai subi ! Ce moment reste pour moi une plaie ouverte, un traumatisme \u00bb, mart\u00e8le la victime, qui indique avoir finalement d\u00e9cid\u00e9 de porter plainte contre l\u2019auteur des cris, apr\u00e8s avoir re\u00e7u des t\u00e9moignages de victimes d\u2019actes similaires.<\/p>\n<p class=\"paragraph text_align_left lp-f-body-02\">\u00ab Je condamne fermement cet acte et je comprends que les victimes soient souvent d\u00e9\u00e7ues par, mais la commission est constitu\u00e9e d\u2019avocats et de juristes qui ont appliqu\u00e9 les sanctions pr\u00e9vues dans notre bar\u00e8me, qui va de deux \u00e0 six mois de suspension \u00bb, rappelle Antoine Durand, directeur ex\u00e9cutif de la FFV.<\/p>\n<p class=\"paragraph text_align_left lp-f-body-02\">Ce dernier rappelle que c\u2019est la F\u00e9d\u00e9ration qui a saisi la commission de discipline et que son bureau ex\u00e9cutif ne peut interf\u00e9rer dans ses d\u00e9cisions. \u00ab Nous avons un bar\u00e8me de sanctions qui est ce qu\u2019il est, et qu\u2019il faut peut-\u00eatre r\u00e9former \u00bb, conc\u00e8de Antoine Durand.<\/p>\n","protected":false},"excerpt":{"rendered":"\u00ab Le racisme n\u2019est pas une erreur de jeunesse. Il faut s\u00e9vir et ne pas laisser passer \u00e7a&hellip;\n","protected":false},"author":2,"featured_media":425371,"comment_status":"","ping_status":"","sticky":false,"template":"","format":"standard","meta":{"footnotes":""},"categories":[1417],"tags":[1011,27,3314,1944,60,1470,1469],"class_list":{"0":"post-425370","1":"post","2":"type-post","3":"status-publish","4":"format-standard","5":"has-post-thumbnail","7":"category-volley","8":"tag-fr","9":"tag-france","10":"tag-hauts-de-seine","11":"tag-ma-ville","12":"tag-sports","13":"tag-volley","14":"tag-volleyball"},"share_on_mastodon":{"url":"https:\/\/pubeurope.com\/@fr\/115286039848269794","error":""},"_links":{"self":[{"href":"https:\/\/www.europesays.com\/fr\/wp-json\/wp\/v2\/posts\/425370","targetHints":{"allow":["GET"]}}],"collection":[{"href":"https:\/\/www.europesays.com\/fr\/wp-json\/wp\/v2\/posts"}],"about":[{"href":"https:\/\/www.europesays.com\/fr\/wp-json\/wp\/v2\/types\/post"}],"author":[{"embeddable":true,"href":"https:\/\/www.europesays.com\/fr\/wp-json\/wp\/v2\/users\/2"}],"replies":[{"embeddable":true,"href":"https:\/\/www.europesays.com\/fr\/wp-json\/wp\/v2\/comments?post=425370"}],"version-history":[{"count":0,"href":"https:\/\/www.europesays.com\/fr\/wp-json\/wp\/v2\/posts\/425370\/revisions"}],"wp:featuredmedia":[{"embeddable":true,"href":"https:\/\/www.europesays.com\/fr\/wp-json\/wp\/v2\/media\/425371"}],"wp:attachment":[{"href":"https:\/\/www.europesays.com\/fr\/wp-json\/wp\/v2\/media?parent=425370"}],"wp:term":[{"taxonomy":"category","embeddable":true,"href":"https:\/\/www.europesays.com\/fr\/wp-json\/wp\/v2\/categories?post=425370"},{"taxonomy":"post_tag","embeddable":true,"href":"https:\/\/www.europesays.com\/fr\/wp-json\/wp\/v2\/tags?post=425370"}],"curies":[{"name":"wp","href":"https:\/\/api.w.org\/{rel}","templated":true}]}}