{"id":425373,"date":"2025-09-29T05:56:15","date_gmt":"2025-09-29T05:56:15","guid":{"rendered":"https:\/\/www.europesays.com\/fr\/425373\/"},"modified":"2025-09-29T05:56:15","modified_gmt":"2025-09-29T05:56:15","slug":"tennis-moutet-a-pose-des-problemes-a-zverev-avant-de-sincliner-a-pekin-le-figaro","status":"publish","type":"post","link":"https:\/\/www.europesays.com\/fr\/425373\/","title":{"rendered":"Tennis : Moutet a pos\u00e9 des probl\u00e8mes \u00e0 Zverev avant de s\u2019incliner \u00e0 P\u00e9kin &#8211; Le Figaro"},"content":{"rendered":"<ol>\n<li><a href=\"https:\/\/news.google.com\/rss\/articles\/CBMiugFBVV95cUxOeDl5QnZxYnJvajBxLXMzY3ZxSEZKMHVheHRtRVNDNnZfN2JQRWxGSHlhaWsydjdjSUV1bmE5cENtRlRGd1JkY1UzNTkwd2JaUUNVSlZnRldIb21PbGF2NkxKa2E5RE9DNkhPV09SSWppSWRudk1uMlFCZmpDVzFDdmRIdHBMV2hMODhybGlNU01fVW50aFMtN0h1QnctWUZrUHBWQlRUVFYtX0NWU2s4QmpwZDQzQ2ZKcFE?oc=5\" target=\"_blank\" rel=\"noopener\">Tennis : Moutet a pos\u00e9 des probl\u00e8mes \u00e0 Zverev avant de s\u2019incliner \u00e0 P\u00e9kin<\/a>&nbsp;&nbsp;Le Figaro<\/li>\n<li><a href=\"https:\/\/news.google.com\/rss\/articles\/CBMi7gFBVV95cUxOM2diS3VVa0xyZ05BdGlXUXRHbjI1V1RiLUJQZDhfUXZNTDVRWWVRUlFJSVZxX1ExSFBOUmpLNU1MNmRTdkgxbVJ5Ty1JYUlzWEltb3FIekNWcFBFT2VpUTk2d0dOME9BU1BhX3UzTzVaMkh3LXcyQTlDcE1HRHRhNVRGNHJzNW1LYnRvczR1c3AxZUw1dU9DaU92cFhudWo5SHp1T05QbEszVC1iLU9qcmo1SFRCeEdCcXBzVy01bTBKeDJRMWdNNlcwMTBhWDkwSWh6TFYtZ0lFTVpaamVlRV9kRXhGVTkwNUdWb2pR?oc=5\" target=\"_blank\" rel=\"noopener\">Corentin Moutet s&rsquo;incline en trois sets face \u00e0 Alexander Zverev en huiti\u00e8mes de finale de l&rsquo;ATP 500 de P\u00e9kin<\/a>&nbsp;&nbsp;L&rsquo;\u00c9quipe<\/li>\n<li><a href=\"https:\/\/news.google.com\/rss\/articles\/CBMixgFBVV95cUxQLUp2WDJfRlNqbVJ3bEFoWURGMTIwQ25QZmppTnBRd0dHRTIyM2c2Sk9mSGc3VzlHNmFIdmhWalNvQXhkWkFkY2xST1ZsX3FNYkdPeEx1aUVjTTg3QWthX2M4YnVJMVBtN09CNDlGR1RlbnZ0VTdvNFdlckRuS3d1SEluWWl3b3hqVTlLc3N6ZDdDZFUwSERrdWplWUk3YWVaS08zbllfQmhsN2xtQ05jVU9CMGVldlhubnNzQkNWd0ZlR0M4eGc?oc=5\" target=\"_blank\" rel=\"noopener\">ATP 500 P\u00e9kin : pas d\u2019exploit pour Moutet et Mannarino, aucun Fran\u00e7ais en quarts<\/a>&nbsp;&nbsp;Sud Ouest<\/li>\n<li><a href=\"https:\/\/news.google.com\/rss\/articles\/CBMingJBVV95cUxNMHFpRlQ0QmV2RmJFTGVWWDFrRkhRT3hpWTY5U2FjUzhocG8wNndTU2VyX1BIUTgyZmpCbWF4S0tld0RTNElRMWNZc2tVNFBDOTBDT2N1Ym8wc0pIenJXZ0U5c05Ba2c0M2ZUUGp0OTV3RmNCU1ZFZjJURTVEb2hPOGI5QXpMU1R0b3Y5QTA1eVBicEY5OGJWTWtUSGI4OFFmYUxZRkhCRlNfVVVJTEdLR2I0b0N5N3ZxRmFna0lRSHRxREMxOExyXzRTeTZjbXh0Qnc2OGRrcnNYS1hsVW5KSFZyMGR0Y2VHR0Y1eUlMSXQzY1hJZm15ekNWNzBHa2hmUmg1amxMYV9DcHc4cERoR2Q4X2V6T2x0Zi1FQ2h3?oc=5\" target=\"_blank\" rel=\"noopener\">ATP 500 de P\u00e9kin. Corentin Moutet et Adrian Mannarino tombent face \u00e0 Alex Zverev et Lorenzo Musetti<\/a>&nbsp;&nbsp;Ouest-France<\/li>\n<li><a href=\"https:\/\/news.google.com\/rss\/articles\/CBMilgFBVV95cUxQQkxiM0tBS2M1eXJtZlMtU1FXTGdUNUhNSVFjV2lueG8wUjQ2eENRUFBZaE1HTTlnQlhhYkRORm5ZWHBxUVdvV3JaWmNkODF4UUZ4WDNRQ09CUWRrQWlNVXdHRnpHc2FpRW8xdWQyeFpBcnN2aWF4dDE1aEE5Qm9lUXdpUVNnZWlzQ0VVN20ya3AybVAyUmc?oc=5\" target=\"_blank\" rel=\"noopener\">P\u00e9kin &#8211; Moutet tombe face \u00e0 Zverev<\/a>&nbsp;&nbsp;Orange Actualit\u00e9s | Sports<\/li>\n<\/ol>\n","protected":false},"excerpt":{"rendered":"Tennis : Moutet a pos\u00e9 des probl\u00e8mes \u00e0 Zverev avant de s\u2019incliner \u00e0 P\u00e9kin&nbsp;&nbsp;Le Figaro Corentin Moutet s&rsquo;incline&hellip;\n","protected":false},"author":2,"featured_media":425374,"comment_status":"","ping_status":"","sticky":false,"template":"","format":"standard","meta":{"footnotes":""},"categories":[1415],"tags":[5827,16961,1011,27,60,1467],"class_list":{"0":"post-425373","1":"post","2":"type-post","3":"status-publish","4":"format-standard","5":"has-post-thumbnail","7":"category-tennis","8":"tag-alexander-zverev","9":"tag-corentin-moutet","10":"tag-fr","11":"tag-france","12":"tag-sports","13":"tag-tennis"},"share_on_mastodon":{"url":"https:\/\/pubeurope.com\/@fr\/115286047657221175","error":""},"_links":{"self":[{"href":"https:\/\/www.europesays.com\/fr\/wp-json\/wp\/v2\/posts\/425373","targetHints":{"allow":["GET"]}}],"collection":[{"href":"https:\/\/www.europesays.com\/fr\/wp-json\/wp\/v2\/posts"}],"about":[{"href":"https:\/\/www.europesays.com\/fr\/wp-json\/wp\/v2\/types\/post"}],"author":[{"embeddable":true,"href":"https:\/\/www.europesays.com\/fr\/wp-json\/wp\/v2\/users\/2"}],"replies":[{"embeddable":true,"href":"https:\/\/www.europesays.com\/fr\/wp-json\/wp\/v2\/comments?post=425373"}],"version-history":[{"count":0,"href":"https:\/\/www.europesays.com\/fr\/wp-json\/wp\/v2\/posts\/425373\/revisions"}],"wp:featuredmedia":[{"embeddable":true,"href":"https:\/\/www.europesays.com\/fr\/wp-json\/wp\/v2\/media\/425374"}],"wp:attachment":[{"href":"https:\/\/www.europesays.com\/fr\/wp-json\/wp\/v2\/media?parent=425373"}],"wp:term":[{"taxonomy":"category","embeddable":true,"href":"https:\/\/www.europesays.com\/fr\/wp-json\/wp\/v2\/categories?post=425373"},{"taxonomy":"post_tag","embeddable":true,"href":"https:\/\/www.europesays.com\/fr\/wp-json\/wp\/v2\/tags?post=425373"}],"curies":[{"name":"wp","href":"https:\/\/api.w.org\/{rel}","templated":true}]}}