{"id":425376,"date":"2025-09-29T05:59:10","date_gmt":"2025-09-29T05:59:10","guid":{"rendered":"https:\/\/www.europesays.com\/fr\/425376\/"},"modified":"2025-09-29T05:59:10","modified_gmt":"2025-09-29T05:59:10","slug":"pogacar-intouchable-leurope-brille-a-la-ryder-cup-le-real-de-mbappe-gifle-pfp-rate-le-coche-les-tops-et-flops-du-week-end-sport-en-images","status":"publish","type":"post","link":"https:\/\/www.europesays.com\/fr\/425376\/","title":{"rendered":"Pogacar intouchable, l\u2019Europe brille \u00e0 la Ryder Cup, le Real de Mbapp\u00e9 gifl\u00e9, \u00abPFP\u00bb rate le coche\u2026 Les tops et flops du week-end sport en images"},"content":{"rendered":"<p><strong>DIAPORAMA \u2013 <\/strong>Revivez les moments forts de l\u2019actualit\u00e9 sportive du week-end en images.<\/p>\n<p class=\"fig-paragraph\">Encore un week-end charg\u00e9 en mati\u00e8re de sport. Week-end marqu\u00e9 par\u00a0<a href=\"http:\/\/www.lefigaro.fr\/sports\/cyclisme\/mondiaux-de-cyclisme-intouchable-tadej-pogacar-ecrase-la-concurrence-et-s-offre-un-nouveau-sacre-20250928\" data-fig-type=\"NewsFlash\" data-gtm-custom-categorie=\"navigation\" data-gtm-custom-action=\"crossclick\" data-gtm-custom-label=\"Contextuel\" data-gtm-event=\"customEventSPE\" data-fig-domain=\"LEFIGARO\" target=\"_blank\" rel=\"noopener\">le sacre mondial de Tadej Pogacar<\/a>\u00a0aux Mondiaux de cyclisme de Kigali, dimanche. La veille,\u00a0<a href=\"http:\/\/www.lefigaro.fr\/sports\/cyclisme\/cyclisme-la-canadienne-magdeleine-vallieres-championne-du-monde-immense-surprise-a-kigali-20250927\" data-fig-type=\"NewsFlash\" data-gtm-custom-categorie=\"navigation\" data-gtm-custom-action=\"crossclick\" data-gtm-custom-label=\"Contextuel\" data-gtm-event=\"customEventSPE\" data-fig-domain=\"LEFIGARO\" target=\"_blank\" rel=\"noopener\">la Fran\u00e7aise Pauline Ferrant Pr\u00e9vost avait failli<\/a>\u00a0chez les dames. En parlant de dames,\u00a0<a href=\"http:\/\/www.lefigaro.fr\/sports\/rugby\/xv-de-france\/nouvelle-zelande-france-le-reveil-tardif-des-tricolores-olsen-baker-epatante-arbez-en-difficulte-les-tops-et-flops-20250927\" data-fig-type=\"NewsFlash\" data-gtm-custom-categorie=\"navigation\" data-gtm-custom-action=\"crossclick\" data-gtm-custom-label=\"Contextuel\" data-gtm-event=\"customEventSPE\" data-fig-domain=\"LEFIGARO\" target=\"_blank\" rel=\"noopener\">le XV de France f\u00e9minin a termin\u00e9 avec la m\u00e9daille en chocolat<\/a>\u00a0dans un Mondial qui a vu\u00a0<a href=\"http:\/\/www.lefigaro.fr\/sports\/rugby\/mondial-de-rugby-les-anglaises-s-offrent-un-troisieme-titre-face-au-canada-20250927\" data-fig-type=\"NewsFlash\" data-gtm-custom-categorie=\"navigation\" data-gtm-custom-action=\"crossclick\" data-gtm-custom-label=\"Contextuel\" data-gtm-event=\"customEventSPE\" data-fig-domain=\"LEFIGARO\" target=\"_blank\" rel=\"noopener\">le sacre de l\u2019Angleterre<\/a>. Et bien s\u00fbr, il faut mettre en avant\u00a0<a href=\"http:\/\/golf.lefigaro.fr\/actualite\/ryder-cup\/ryder-cup-malgre-une-superbe-reaction-d-orgueil-des-americains-l-europe-arrache-la-45e-edition-20250928\" data-fig-type=\"NewsFlash\" data-gtm-custom-categorie=\"navigation\" data-gtm-custom-action=\"crossclick\" data-gtm-custom-label=\"Contextuel\" data-gtm-event=\"customEventSPE\" data-fig-domain=\"GOLF\" target=\"_blank\" rel=\"noopener\">la victoire de l\u2019Europe \u00e0 la Ryder Cup<\/a>. Fort.<\/p>\n<p class=\"fig-paragraph\">En mati\u00e8re de football, on retiendra que le Real et Liverpool ne sont plus invaincus dans leur championnat respectif. En France, Monaco a perdu la t\u00eate et le PSG, deux nouveaux joueurs sur blessure. Un PSG qui affrontera Barcelone mercredi, en Catalogne, pour le compte de\u00a0<a href=\"https:\/\/www.lefigaro.fr\/sports\/football\/ligue-des-champions\/calendrier-resultats\" target=\"_blank\" rel=\"sponsored noopener\" data-gtm-custom-categorie=\"navigation\" data-gtm-custom-action=\"crossclick\" data-gtm-custom-label=\"Contextuel\" data-gtm-event=\"customEventSPE\">la deuxi\u00e8me journ\u00e9e de Ligue des champions<\/a>. Les Rouge et Bleu devront se m\u00e9fier d\u2019un certain\u00a0<a href=\"http:\/\/www.lefigaro.fr\/sports\/football\/espagne\/liga-le-barca-prend-les-commandes-avant-de-retrouver-le-psg-yamal-decisif-20250928\" data-fig-type=\"NewsFlash\" data-gtm-custom-categorie=\"navigation\" data-gtm-custom-action=\"crossclick\" data-gtm-custom-label=\"Contextuel\" data-gtm-event=\"customEventSPE\" data-fig-domain=\"LEFIGARO\" target=\"_blank\" rel=\"noopener\">Lamine Yamal, auteur d\u2019un retour gagnant avec le Bar\u00e7a<\/a>.<\/p>\n<p>    <a href=\"https:\/\/photo.lefigaro.fr\/sports\/autres-sports\/les-tops-et-flops-du-week-end-sport-27-et-28-09-2025-20250928\" target=\"_blank\" rel=\"noopener\"><\/p>\n<p class=\"fig-slideshow__title\">\n                    Les tops et flops du week-end sport (27 et 28\/09\/2025)\n                <\/p>\n<p>Acc\u00e9der au diaporama (15)<\/p>\n<p>    <\/a><\/p>\n","protected":false},"excerpt":{"rendered":"DIAPORAMA \u2013 Revivez les moments forts de l\u2019actualit\u00e9 sportive du week-end en images. Encore un week-end charg\u00e9 en&hellip;\n","protected":false},"author":2,"featured_media":425377,"comment_status":"","ping_status":"","sticky":false,"template":"","format":"standard","meta":{"footnotes":""},"categories":[1412],"tags":[1451,1452,1453,1454,1455,1011,27,6477,15383,149,2782,8011,93,4790,12455,60],"class_list":{"0":"post-425376","1":"post","2":"type-post","3":"status-publish","4":"format-standard","5":"has-post-thumbnail","7":"category-f1","8":"tag-f1","9":"tag-formula-1","10":"tag-formula1","11":"tag-formule-1","12":"tag-formule1","13":"tag-fr","14":"tag-france","15":"tag-kylian-mbappe","16":"tag-liverpool-fc","17":"tag-om","18":"tag-ousmane-dembele","19":"tag-pauline-ferrand-prevot","20":"tag-psg","21":"tag-real-madrid","22":"tag-ryder-cup","23":"tag-sports"},"share_on_mastodon":{"url":"https:\/\/pubeurope.com\/@fr\/115286059469917841","error":""},"_links":{"self":[{"href":"https:\/\/www.europesays.com\/fr\/wp-json\/wp\/v2\/posts\/425376","targetHints":{"allow":["GET"]}}],"collection":[{"href":"https:\/\/www.europesays.com\/fr\/wp-json\/wp\/v2\/posts"}],"about":[{"href":"https:\/\/www.europesays.com\/fr\/wp-json\/wp\/v2\/types\/post"}],"author":[{"embeddable":true,"href":"https:\/\/www.europesays.com\/fr\/wp-json\/wp\/v2\/users\/2"}],"replies":[{"embeddable":true,"href":"https:\/\/www.europesays.com\/fr\/wp-json\/wp\/v2\/comments?post=425376"}],"version-history":[{"count":0,"href":"https:\/\/www.europesays.com\/fr\/wp-json\/wp\/v2\/posts\/425376\/revisions"}],"wp:featuredmedia":[{"embeddable":true,"href":"https:\/\/www.europesays.com\/fr\/wp-json\/wp\/v2\/media\/425377"}],"wp:attachment":[{"href":"https:\/\/www.europesays.com\/fr\/wp-json\/wp\/v2\/media?parent=425376"}],"wp:term":[{"taxonomy":"category","embeddable":true,"href":"https:\/\/www.europesays.com\/fr\/wp-json\/wp\/v2\/categories?post=425376"},{"taxonomy":"post_tag","embeddable":true,"href":"https:\/\/www.europesays.com\/fr\/wp-json\/wp\/v2\/tags?post=425376"}],"curies":[{"name":"wp","href":"https:\/\/api.w.org\/{rel}","templated":true}]}}