{"id":425384,"date":"2025-09-29T06:03:13","date_gmt":"2025-09-29T06:03:13","guid":{"rendered":"https:\/\/www.europesays.com\/fr\/425384\/"},"modified":"2025-09-29T06:03:13","modified_gmt":"2025-09-29T06:03:13","slug":"a-sisco-isabelle-et-jean-paul-mattei-ecrivent-une-histoire-a-deux-pinceaux-dans-lart-et-plus-si-affinites","status":"publish","type":"post","link":"https:\/\/www.europesays.com\/fr\/425384\/","title":{"rendered":"\u00e0 Sisco, Isabelle et Jean-Paul Mattei \u00e9crivent une histoire \u00e0 deux pinceaux, dans l&rsquo;art et plus si affinit\u00e9s"},"content":{"rendered":"<p>Un atelier intimiste, pinceaux \u00e9parpill\u00e9s d&rsquo;un c\u00f4t\u00e9, toiles bien rang\u00e9es de l&rsquo;autre. C&rsquo;est l\u00e0 qu&rsquo;<strong>Isabelle Duvignon Mattei<\/strong> et <strong>Jean-Paul Mattei <\/strong>nous attendent. Pas un hasard pour un premier rendez-vous\u00a0: leur histoire a commenc\u00e9 dans un lieu semblable. Une rencontre, un d\u00e9but\u2026 d\u00e9j\u00e0 happ\u00e9s par l&rsquo;amour de l&rsquo;art. Il y a <strong>douze ans<\/strong> cette Parisienne d&rsquo;origine arrive en Corse. Port\u00e9e par sa passion de l&rsquo;art, elle souhaite alors conna\u00eetre l&rsquo;ambiance d&rsquo;une<strong> \u00e9cole de peinture<\/strong>. Une amie bastiaise lui souffle alors un nom\u00a0: un certain J-P Mattei, un professeur, avenue \u00c9mile Sari. Mais elle la pr\u00e9vient aussit\u00f4t\u00a0: \u00ab\u00a0Ne lui dis pas que tu peins\u00a0: il se m\u00e9fie de ceux qui peignent d\u00e9j\u00e0, trop prompts \u00e0 refuser le moindre conseil.\u00a0\u00bb Isabelle suit la recommandation\u2026 en mentant sciemment \u00e0 celui qui deviendra son futur bien-aim\u00e9. Lors de ce premier cours, Jean-Paul remarque pourtant\u00a0la technique et \u00ab\u00a0l&rsquo;\u0153il\u00a0\u00bb d&rsquo;Isabelle. \u00ab\u00a0Il m&rsquo;a dit : \u201cT&rsquo;as d\u00e9j\u00e0 peint, toi ! J&rsquo;ai r\u00e9pondu non, je me suis fait engueuler d&rsquo;ailleurs !\u201d\u00a0\u00bb, raconte-t-elle, au milieu d&rsquo;un grand rire.<\/p>\n<p>Quelques mois plus tard, le <strong>14\u00a0juillet 2013 <\/strong>&#8211; tient \u00e0 pr\u00e9ciser le natif de Prunelli-di-Fium\u2019Orbu &#8211; ils cessent d&rsquo;\u00eatre \u00e9l\u00e8ve et professeur et deviennent co&#8230;<\/p>\n","protected":false},"excerpt":{"rendered":"Un atelier intimiste, pinceaux \u00e9parpill\u00e9s d&rsquo;un c\u00f4t\u00e9, toiles bien rang\u00e9es de l&rsquo;autre. C&rsquo;est l\u00e0 qu&rsquo;Isabelle Duvignon Mattei et&hellip;\n","protected":false},"author":2,"featured_media":425385,"comment_status":"","ping_status":"","sticky":false,"template":"","format":"standard","meta":{"footnotes":""},"categories":[1358],"tags":[17,1348,1384,1385,1687,1386,58,30563,59,1011,27,55446,11181,55447,9026,55445,96],"class_list":{"0":"post-425384","1":"post","2":"type-post","3":"status-publish","4":"format-standard","5":"has-post-thumbnail","7":"category-arts-et-design","8":"tag-17","9":"tag-arts","10":"tag-arts-and-design","11":"tag-arts-et-design","12":"tag-culture-loisirs","13":"tag-design","14":"tag-divertissement","15":"tag-ecrivent","16":"tag-entertainment","17":"tag-fr","18":"tag-france","19":"tag-isabelle","20":"tag-jean-paul","21":"tag-mattei","22":"tag-portrait","23":"tag-sisco","24":"tag-une"},"share_on_mastodon":{"url":"https:\/\/pubeurope.com\/@fr\/115286075308992369","error":""},"_links":{"self":[{"href":"https:\/\/www.europesays.com\/fr\/wp-json\/wp\/v2\/posts\/425384","targetHints":{"allow":["GET"]}}],"collection":[{"href":"https:\/\/www.europesays.com\/fr\/wp-json\/wp\/v2\/posts"}],"about":[{"href":"https:\/\/www.europesays.com\/fr\/wp-json\/wp\/v2\/types\/post"}],"author":[{"embeddable":true,"href":"https:\/\/www.europesays.com\/fr\/wp-json\/wp\/v2\/users\/2"}],"replies":[{"embeddable":true,"href":"https:\/\/www.europesays.com\/fr\/wp-json\/wp\/v2\/comments?post=425384"}],"version-history":[{"count":0,"href":"https:\/\/www.europesays.com\/fr\/wp-json\/wp\/v2\/posts\/425384\/revisions"}],"wp:featuredmedia":[{"embeddable":true,"href":"https:\/\/www.europesays.com\/fr\/wp-json\/wp\/v2\/media\/425385"}],"wp:attachment":[{"href":"https:\/\/www.europesays.com\/fr\/wp-json\/wp\/v2\/media?parent=425384"}],"wp:term":[{"taxonomy":"category","embeddable":true,"href":"https:\/\/www.europesays.com\/fr\/wp-json\/wp\/v2\/categories?post=425384"},{"taxonomy":"post_tag","embeddable":true,"href":"https:\/\/www.europesays.com\/fr\/wp-json\/wp\/v2\/tags?post=425384"}],"curies":[{"name":"wp","href":"https:\/\/api.w.org\/{rel}","templated":true}]}}