{"id":425386,"date":"2025-09-29T06:04:14","date_gmt":"2025-09-29T06:04:14","guid":{"rendered":"https:\/\/www.europesays.com\/fr\/425386\/"},"modified":"2025-09-29T06:04:14","modified_gmt":"2025-09-29T06:04:14","slug":"villeneuve-se-livre-a-clos-son-chapitre-2025-sous-les-frimas-de-lautomne","status":"publish","type":"post","link":"https:\/\/www.europesays.com\/fr\/425386\/","title":{"rendered":"Villeneuve se livre\u00a0a clos son chapitre 2025 sous les frimas de l\u2019automne"},"content":{"rendered":"<p>Apr\u00e8s un samedi tr\u00e8s ensoleill\u00e9, c\u2019est par un temps bien automnal que le festival litt\u00e9raire s\u2019est poursuivi, ce dimanche 28\u00a0septembre, dans la bastide. Mais, pour la plus grande satisfaction des libraires, ces temp\u00e9ratures moins cl\u00e9mentes et quelques gouttes de pluie n\u2019ont en rien d\u00e9courag\u00e9 les visiteurs. \u00ab\u00a0Hier, j\u2019ai assist\u00e9 \u00e0 un d\u00e9bat tr\u00e8s int\u00e9ressant et aujourd\u2019hui je suis revenue pour acheter le livre de cet auteur\u00a0\u00bb, confie \u00c9lizabeth, qui habite un village avoisinant. Et d\u2019ajouter\u00a0: \u00ab\u00a0J\u2019ai bien appr\u00e9ci\u00e9 que ce d\u00e9bat ait lieu au foyer du th\u00e9\u00e2tre Georges-Leygues. \u00c7a met l\u2019\u00e9difice en valeur et \u00e7a permet \u00e0 des gens qui ne vont pas au spectacle de le d\u00e9couvrir\u00a0\u00bb.<\/p>\n<p>    Sur le m\u00eame sujet<\/p>\n<p>                        <a href=\"https:\/\/www.sudouest.fr\/economie\/massif-des-landes-de-gascogne-la-guerre-du-bois-pointe-ses-aiguilles-25895830.php\" title=\"Massif des Landes de Gascogne\u00a0: la guerre du bois pointe ses\u00a0aiguilles\" target=\"_blank\" rel=\"noopener\"><br \/>\n                            <img decoding=\"async\" src=\"https:\/\/www.europesays.com\/fr\/wp-content\/uploads\/2025\/09\/travaux-forestiers.jpg\" alt=\"Massif des Landes de Gascogne\u00a0: la guerre du bois pointe ses\u00a0aiguilles\"\/><br \/>\n                        <\/a><\/p>\n<p>                    <a href=\"https:\/\/www.sudouest.fr\/economie\/massif-des-landes-de-gascogne-la-guerre-du-bois-pointe-ses-aiguilles-25895830.php\" title=\"Massif des Landes de Gascogne\u00a0: la guerre du bois pointe ses\u00a0aiguilles\" target=\"_blank\" rel=\"noopener\"><\/p>\n<p>\n                            Massif des Landes de Gascogne\u00a0: la guerre du bois pointe ses\u00a0aiguilles\n                        <\/p>\n<p>                    <\/a><\/p>\n<p>\n                        La F\u00e9d\u00e9ration des industries du bois de Nouvelle-Aquitaine craint une carence en bois d\u2019\u0153uvre sur le massif des Landes de Gascogne dans les dix ans en raison des besoins en bois-\u00e9nergie et bois industriel de trois imposants projets sur la r\u00e9gion : un conflit d\u2019usages qui ne serait alors pas sans cons\u00e9quence sur les contours du massif\n                    <\/p>\n<p>\u00ab\u00a0Cette ann\u00e9e, les diff\u00e9rents lieux investis par Villeneuve se livre \u00e9taient un peu plus \u00e9loign\u00e9s les uns des autres, mais cela n\u2019a pas eu de r\u00e9percussion sur la fr\u00e9quentation. Nous avons constat\u00e9 une belle fluidit\u00e9\u00a0\u00bb, d\u00e9clare Dominique Monnoyeur, directeur des affaires culturelles.<\/p>\n<p>        <img decoding=\"async\" id=\"26122744\" src=\"https:\/\/www.europesays.com\/fr\/wp-content\/uploads\/2025\/09\/villeneuveetvalleedulot-e43e9e26adfc49df867a742464b89a10-184153-ph1.jpg\" alt=\"Joris Giovannetti, laur\u00e9at du prix du roman, devant son stand\" itemprop=\"contentURL\"\/><\/p>\n<p>    Joris Giovannetti, laur\u00e9at du prix du roman, devant son stand<\/p>\n<p>M.-C. P.-P.<\/p>\n<p>    Trop ou pas assez\u00a0?<\/p>\n<p>En ce qui concerne le nombre des auteurs pr\u00e9sents, les avis des festivaliers divergent. Dominique, Villeneuvois de longue date, se souvient avec nostalgie du festival du livre d\u2019il y a trente ans, \u00e0 l\u2019\u00e9poque de sa cr\u00e9ation par l\u2019\u00e9crivain Jean-Luc Barr\u00e9, un enfant du pays. \u00ab\u00a0Il y avait beaucoup plus d\u2019auteurs et les radios nationales couvraient l\u2019\u00e9v\u00e9nement\u00a0\u00bb, regrette-t-il. En revanche, d\u2019autres comme Patrice, un habitu\u00e9 \u00e9galement, ne savent plus o\u00f9 donner de la t\u00eate et estiment qu\u2019il y a trop d\u2019\u00e9crivains. Mais pour Anne-Marie Davelu-Chavin, adjointe \u00e0 la culture, \u00ab\u00a0il faut en donner \u00e0 tout le monde, proposer un vaste choix d\u2019auteurs, et penser \u00e0 tous les publics. Et surtout ne pas oublier les jeunes. C\u2019est pourquoi Villeneuve se livre fait la part belle \u00e0 la litt\u00e9rature jeunesse. Car ce sont ces enfants, ces jeunes qui seront la soci\u00e9t\u00e9 de demain. Et, si vous me permettez une citation\u00a0: on ne gu\u00e9rit pas de son enfance.\u00a0\u00bb<\/p>\n<p>        <img decoding=\"async\" id=\"26122742\" src=\"https:\/\/www.europesays.com\/fr\/wp-content\/uploads\/2025\/09\/villeneuveetvalleedulot-e43e9e26adfc49df867a742464b89a10-184153-ph2.jpg\" alt=\"Lecture en musique pour cl\u00f4turer l\u2019\u00e9dition 2025 de Villeneuve se livre.\" itemprop=\"contentURL\"\/><\/p>\n<p>    Lecture en musique pour cl\u00f4turer l\u2019\u00e9dition 2025 de Villeneuve se livre.<\/p>\n<p>M.-C. P.-P.<\/p>\n<p>Le dernier chapitre de ce \u00ab\u00a0Roman immobile\u00a0\u00bb vient de se clore en attendant l\u2019ann\u00e9e prochaine pour un nouveau th\u00e8me et de nouvelles rencontres.<\/p>\n","protected":false},"excerpt":{"rendered":"Apr\u00e8s un samedi tr\u00e8s ensoleill\u00e9, c\u2019est par un temps bien automnal que le festival litt\u00e9raire s\u2019est poursuivi, ce&hellip;\n","protected":false},"author":2,"featured_media":425387,"comment_status":"","ping_status":"","sticky":false,"template":"","format":"standard","meta":{"footnotes":""},"categories":[1357],"tags":[1379,58,59,1011,27,1380],"class_list":{"0":"post-425386","1":"post","2":"type-post","3":"status-publish","4":"format-standard","5":"has-post-thumbnail","7":"category-livres","8":"tag-books","9":"tag-divertissement","10":"tag-entertainment","11":"tag-fr","12":"tag-france","13":"tag-livres"},"share_on_mastodon":{"url":"https:\/\/pubeurope.com\/@fr\/115286079317780458","error":""},"_links":{"self":[{"href":"https:\/\/www.europesays.com\/fr\/wp-json\/wp\/v2\/posts\/425386","targetHints":{"allow":["GET"]}}],"collection":[{"href":"https:\/\/www.europesays.com\/fr\/wp-json\/wp\/v2\/posts"}],"about":[{"href":"https:\/\/www.europesays.com\/fr\/wp-json\/wp\/v2\/types\/post"}],"author":[{"embeddable":true,"href":"https:\/\/www.europesays.com\/fr\/wp-json\/wp\/v2\/users\/2"}],"replies":[{"embeddable":true,"href":"https:\/\/www.europesays.com\/fr\/wp-json\/wp\/v2\/comments?post=425386"}],"version-history":[{"count":0,"href":"https:\/\/www.europesays.com\/fr\/wp-json\/wp\/v2\/posts\/425386\/revisions"}],"wp:featuredmedia":[{"embeddable":true,"href":"https:\/\/www.europesays.com\/fr\/wp-json\/wp\/v2\/media\/425387"}],"wp:attachment":[{"href":"https:\/\/www.europesays.com\/fr\/wp-json\/wp\/v2\/media?parent=425386"}],"wp:term":[{"taxonomy":"category","embeddable":true,"href":"https:\/\/www.europesays.com\/fr\/wp-json\/wp\/v2\/categories?post=425386"},{"taxonomy":"post_tag","embeddable":true,"href":"https:\/\/www.europesays.com\/fr\/wp-json\/wp\/v2\/tags?post=425386"}],"curies":[{"name":"wp","href":"https:\/\/api.w.org\/{rel}","templated":true}]}}