{"id":425396,"date":"2025-09-29T06:09:11","date_gmt":"2025-09-29T06:09:11","guid":{"rendered":"https:\/\/www.europesays.com\/fr\/425396\/"},"modified":"2025-09-29T06:09:11","modified_gmt":"2025-09-29T06:09:11","slug":"comment-lol-a-fait-plier-lille","status":"publish","type":"post","link":"https:\/\/www.europesays.com\/fr\/425396\/","title":{"rendered":"comment l&rsquo;OL a fait plier Lille"},"content":{"rendered":"<p>Domin\u00e9 mais r\u00e9aliste, l&rsquo;Olympique lyonnais a sign\u00e9 un nouveau succ\u00e8s 1-0 \u00e0 Lille ce dimanche, son cinqui\u00e8me en six matchs. Gr\u00e2ce \u00e0 une ouverture du score pr\u00e9coce de Tyler Morton et une d\u00e9fense h\u00e9ro\u00efque men\u00e9e par Dominik Greif, les Gones ont r\u00e9sist\u00e9 \u00e0 la domination lilloise pour rejoindre le PSG au sommet avec 15 points. Une victoire arrach\u00e9e dans la douleur qui illustre la solidit\u00e9 mentale de cette \u00e9quipe lyonnaise invaincue \u00e0 onze contre onze cette saison.<\/p>\n","protected":false},"excerpt":{"rendered":"Domin\u00e9 mais r\u00e9aliste, l&rsquo;Olympique lyonnais a sign\u00e9 un nouveau succ\u00e8s 1-0 \u00e0 Lille ce dimanche, son cinqui\u00e8me en&hellip;\n","protected":false},"author":2,"featured_media":425397,"comment_status":"","ping_status":"","sticky":false,"template":"","format":"standard","meta":{"footnotes":""},"categories":[9],"tags":[3152,2757,3153,3154,107,63,1011,27,5325,2798,9540,7020,2428,2755,2429,273,3151,60],"class_list":{"0":"post-425396","1":"post","2":"type-post","3":"status-publish","4":"format-standard","5":"has-post-thumbnail","7":"category-sports","8":"tag-edition-est-lyonnais","9":"tag-edition-lyon-villeurbanne","10":"tag-edition-ouest-lyonnais","11":"tag-edition-sud-lyonnais","12":"tag-fil-info","13":"tag-football","14":"tag-fr","15":"tag-france","16":"tag-galerie-media","17":"tag-galerie-photo","18":"tag-galerie-sport","19":"tag-ligue-1-football","20":"tag-lyon","21":"tag-ol-olympique-lyonnais-football","22":"tag-rhone","23":"tag-selection-de-la-redaction","24":"tag-selection-de-la-redaction-69","25":"tag-sports"},"share_on_mastodon":{"url":"https:\/\/pubeurope.com\/@fr\/115286099021575881","error":""},"_links":{"self":[{"href":"https:\/\/www.europesays.com\/fr\/wp-json\/wp\/v2\/posts\/425396","targetHints":{"allow":["GET"]}}],"collection":[{"href":"https:\/\/www.europesays.com\/fr\/wp-json\/wp\/v2\/posts"}],"about":[{"href":"https:\/\/www.europesays.com\/fr\/wp-json\/wp\/v2\/types\/post"}],"author":[{"embeddable":true,"href":"https:\/\/www.europesays.com\/fr\/wp-json\/wp\/v2\/users\/2"}],"replies":[{"embeddable":true,"href":"https:\/\/www.europesays.com\/fr\/wp-json\/wp\/v2\/comments?post=425396"}],"version-history":[{"count":0,"href":"https:\/\/www.europesays.com\/fr\/wp-json\/wp\/v2\/posts\/425396\/revisions"}],"wp:featuredmedia":[{"embeddable":true,"href":"https:\/\/www.europesays.com\/fr\/wp-json\/wp\/v2\/media\/425397"}],"wp:attachment":[{"href":"https:\/\/www.europesays.com\/fr\/wp-json\/wp\/v2\/media?parent=425396"}],"wp:term":[{"taxonomy":"category","embeddable":true,"href":"https:\/\/www.europesays.com\/fr\/wp-json\/wp\/v2\/categories?post=425396"},{"taxonomy":"post_tag","embeddable":true,"href":"https:\/\/www.europesays.com\/fr\/wp-json\/wp\/v2\/tags?post=425396"}],"curies":[{"name":"wp","href":"https:\/\/api.w.org\/{rel}","templated":true}]}}