{"id":425421,"date":"2025-09-29T06:26:09","date_gmt":"2025-09-29T06:26:09","guid":{"rendered":"https:\/\/www.europesays.com\/fr\/425421\/"},"modified":"2025-09-29T06:26:09","modified_gmt":"2025-09-29T06:26:09","slug":"agressee-sexuellement-en-2021-a-rouen-melody-veut-retrouver-les-autres-victimes-de-son-agresseur-en-serie","status":"publish","type":"post","link":"https:\/\/www.europesays.com\/fr\/425421\/","title":{"rendered":"Agress\u00e9e sexuellement en 2021 \u00e0 Rouen, M\u00e9lody veut retrouver les autres victimes de son \u00ab agresseur en s\u00e9rie\u2009\u00bb"},"content":{"rendered":"<p>            Par<br \/>\n        <strong><br \/>\n            <a href=\"https:\/\/actu.fr\/auteur\/adrien-filoche\" title=\"Consulter tous les articles de Adrien Filoche\" rel=\"nofollow noopener\" target=\"_blank\">Adrien Filoche<\/a><br \/>\n        <\/strong><\/p>\n<p>        Publi\u00e9 le<\/p>\n<p>            29 sept. 2025 \u00e0 7h56        <\/p>\n<p><strong>D\u00e9termin\u00e9e, M\u00e9lody ne compte pas baisser les bras. <\/strong>Agress\u00e9e sexuellement chez elle en juillet\u00a02021 par un homme, elle avait t\u00e9moign\u00e9 de cette <strong>nuit d\u2019horreur<\/strong> <a href=\"https:\/\/actu.fr\/normandie\/rouen_76540\/rouen-victime-d-une-agression-sexuelle-chez-elle-en-pleine-nuit-elle-temoigne_43760653.html\" rel=\"nofollow noopener\" target=\"_blank\">sur 76actu<\/a>, puis racont\u00e9 <a href=\"https:\/\/actu.fr\/normandie\/rouen_76540\/agressee-sexuellement-chez-elle-a-rouen-melody-a-des-sequelles-mais-pas-de-reponse_51500921.html\" rel=\"nofollow noopener\" target=\"_blank\">la suite de son combat, un an apr\u00e8s les faits.<\/a> \u00c0 l\u2019\u00e9poque, son r\u00e9cit avait fait r\u00e9agir d\u2019autres femmes, elles aussi m\u00e8res c\u00e9libataires, elles aussi habitant en rez-de-chauss\u00e9e, et elles aussi victimes d\u2019une <a href=\"https:\/\/actu.fr\/tag\/violences-sexuelles\" rel=\"nofollow noopener\" target=\"_blank\">agression sexuelle<\/a> dans leur lit par un individu reprenant le m\u00eame mode op\u00e9ratoire. Aujourd\u2019hui, l\u2019homme \u00e0 capuche n\u2019a toujours pas \u00e9t\u00e9 retrouv\u00e9. Alors, <strong>M\u00e9lody veut prendre \u00e0 nouveau la parole<\/strong> afin de trouver d\u2019autres victimes et ainsi relancer l\u2019enqu\u00eate.<\/p>\n<p>\u00ab\u2009C\u2019est un agresseur en s\u00e9rie\u2009\u00bb<\/p>\n<p class=\" wall-content\">Longtemps traumatis\u00e9e par son agression, <strong>M\u00e9lody<\/strong> s\u2019est reconstruite. \u00ab\u2009Aujourd\u2019hui, <strong>je vais mieux psychologiquement<\/strong>, j\u2019ai d\u00e9m\u00e9nag\u00e9, j\u2019avance\u2009\u00bb, confie la jeune femme. En ao\u00fbt 2025, la Rouennaise replonge dans l\u2019affaire qu\u2019elle avait mise de c\u00f4t\u00e9 pendant quelques ann\u00e9es pour penser \u00e0 elle. \u00ab\u2009J\u2019ai demand\u00e9 mon dossier d\u2019enqu\u00eate et je l\u2019ai re\u00e7u\u2009\u00bb, raconte-t-elle. L\u2019enqu\u00eate avait \u00e9t\u00e9 class\u00e9e en 2023.<\/p>\n<blockquote class=\"ac-article-quote wall-content\">\n<p>Il faut le retrouver. Je suis s\u00fbre qu&rsquo;il a recommenc\u00e9 ou qu&rsquo;il va recommencer.<\/p>\n<p>    <strong>M\u00e9lody<\/strong>\n            <\/p><\/blockquote>\n<p class=\" wall-content\">Dans ce corpus de 175 pages, elle note le t\u00e9moignage <strong>de sept victimes,<\/strong> six <strong>dans l\u2019agglom\u00e9ration rouennaise<\/strong>, \u00e2g\u00e9es d\u2019une trentaine d\u2019ann\u00e9es au moment des faits, et une septi\u00e8me victime \u00e0 F\u00e9camp, \u00e2g\u00e9e de 55\u00a0ans lors des faits. Parmi les victimes, M\u00e9lody mais aussi l\u2019une de ses voisines de l\u2019\u00e9poque, agress\u00e9e sexuellement en 2018. C\u2019est la plus ancienne victime du dossier.<\/p>\n<p class=\" wall-content\">M\u00eame s\u2019il n\u2019y a pas eu de nouvelles plaintes depuis 2021, M\u00e9lody estime que son agresseur \u00ab\u2009peut continuer \u00e0 s\u00e9vir. <strong>C\u2019est un agresseur en s\u00e9rie<\/strong>. Il a une pathologie. C\u2019est pourquoi je lance cet appel \u00e0 t\u00e9moignages\u2009\u00bb. La Rouennaise recherche ainsi des victimes entre ao\u00fbt\u00a02021 et aujourd\u2019hui.<\/p>\n<p>Le mode op\u00e9ratoire de l\u2019agresseur<\/p>\n<p class=\" wall-content\">L\u2019agresseur \u00e0 un mode op\u00e9ratoire\u2009: il cible des femmes, g\u00e9n\u00e9ralement des m\u00e8res c\u00e9libataires, qui vivent au rez-de-chauss\u00e9e. Et lorsqu\u2019il p\u00e9n\u00e8tre chez elle dans la nuit, il les agresse sexuellement dans leur lit.<\/p>\n<p class=\" wall-content\">Pour informer les autres victimes potentielles, M\u00e9lody d\u00e9crit l\u2019individu qui s\u2019en est pris \u00e0 elle en juillet 2021. \u00ab\u2009C\u2019est <strong>un homme de type europ\u00e9en<\/strong> qui doit avoir entre 25 et 40 ans. Il fait environ 1,80 m\u00e8tre et il est de corpulence normale \u00e0 mince\u2009\u00bb, d\u00e9taille-t-elle.<\/p>\n<p>Votre r\u00e9gion, votre actu !<\/p>\n<p>Recevez chaque jour les infos qui comptent pour vous.<\/p>\n<p>\t<a href=\"https:\/\/actu.fr\/newsletter\" class=\"ac-btn ac-btn--corner ac-btn--medium ac-btn--blue800\" rel=\"nofollow noopener\" target=\"_blank\">S&rsquo;incrire<\/a><\/p>\n<p class=\" wall-content\">Sur ses signes distinctifs, elle explique que lors de plusieurs agressions, il portait \u00ab\u2009un sweat \u00e0 capuche fonc\u00e9, un jeans ou un jogging, des gants fonc\u00e9s, parfois un bonnet et un masque sanitaire\u2009\u00bb. Elle d\u00e9crit un homme \u00ab\u2009extr\u00eamement calme et serein\u2009\u00bb mais qui peut paniquer \u00ab\u2009si la victime se d\u00e9fend ou <strong>crie avec virulence<\/strong>\u2009\u00bb.<\/p>\n<blockquote class=\"ac-article-quote wall-content\">\n<p>Il se d\u00e9place dans le noir, aid\u00e9 de la lampe torche de son t\u00e9l\u00e9phone portable. Il nous observe, caresse notre corps et nous r\u00e9veille avant de se jeter sur nous. Il agit souvent l\u2019\u00e9t\u00e9, entre juin et septembre.<\/p>\n<p>    <strong>M\u00e9lody<\/strong>\n            <\/p><\/blockquote>\n<p class=\" wall-content\">\u00ab\u2009Il fait aussi du rep\u00e9rage plusieurs jours \u00e0 l\u2019avance\u2009\u00bb, souligne-t-elle. \u00c0 ce sujet, elle se souvient d\u2019avoir aper\u00e7u un homme en train de r\u00f4der autour de chez elle quelques semaines avant son agression.<\/p>\n<p>Relancer l\u2019enqu\u00eate<\/p>\n<p class=\" wall-content\">M\u00e9lody l\u2019assure, sa confiance envers la police et la justice <strong>s\u2019est \u00e9rod\u00e9e<\/strong> \u00e0 mesure que l\u2019enqu\u00eate patinait. \u00ab\u2009Je pense qu\u2019elle aurait pu \u00eatre mieux dirig\u00e9e\u2009\u00bb, souligne la Rouennaise.<\/p>\n<p class=\" wall-content\">Malgr\u00e9 ces dysfonctionnements, sa d\u00e9termination est aujourd\u2019hui totale. C\u2019est dans cette mesure et avec cet \u00e9tat d\u2019esprit qu\u2019elle a donc demand\u00e9 <strong>la r\u00e9ouverture de l\u2019enqu\u00eate<\/strong> en ao\u00fbt dernier. \u00ab\u2009S\u2019il y a des victimes, il faut qu\u2019elles osent. Il faut prendre la parole pour que cela s\u2019arr\u00eate et qu\u2019il n\u2019y ait pas d\u2019autres femmes agress\u00e9es par cet homme\u2009\u00bb, appuie M\u00e9lody.<\/p>\n<p class=\" wall-content\">C\u2019est donc un nouveau combat qui s\u2019ouvre pour la jeune femme, confiante sur le fait qu\u2019\u00ab\u2009un jour, il va se faire arr\u00eater. L\u2019impunit\u00e9 n\u2019est pas \u00e9ternelle\u2009\u00bb.<\/p>\n<p>Suivez l\u2019actualit\u00e9 de Rouen sur <a href=\"https:\/\/www.whatsapp.com\/channel\/0029VaKfnf99hXF2ddApFB1D\" rel=\"nofollow noopener\" target=\"_blank\">notre cha\u00eene WhatsApp<\/a> et sur <a href=\"https:\/\/www.tiktok.com\/@76actu.fr?lang=fr\" rel=\"nofollow noopener\" target=\"_blank\">notre compte TikTok<\/a><\/p>\n<p class=\" wall-content\">Personnalisez votre actualit\u00e9 en ajoutant vos villes et m\u00e9dias en favori avec <a href=\"https:\/\/moncompte.actu.fr\" title=\"D\u00e9couvez Mon Actu\" rel=\"nofollow noopener\" data-trk=\"{&quot;cta&quot;:{&quot;action&quot;:&quot;https:\\\/\\\/moncompte.actu.fr&quot;,&quot;category&quot;:&quot;mon compte&quot;,&quot;from&quot;:&quot;article footer&quot;,&quot;name&quot;:&quot;Mon actu&quot;,&quot;type&quot;:&quot;cta&quot;}}\" target=\"_blank\">Mon Actu<\/a>.<\/p>\n<p>                    <script async src=\"\/\/www.tiktok.com\/embed.js\"><\/script><\/p>\n","protected":false},"excerpt":{"rendered":"Par Adrien Filoche Publi\u00e9 le 29 sept. 2025 \u00e0 7h56 D\u00e9termin\u00e9e, M\u00e9lody ne compte pas baisser les bras.&hellip;\n","protected":false},"author":2,"featured_media":425422,"comment_status":"","ping_status":"","sticky":false,"template":"","format":"standard","meta":{"footnotes":""},"categories":[9587],"tags":[1111,11,1777,674,118,1011,27,12,5161,1072,25,9590,799],"class_list":{"0":"post-425421","1":"post","2":"type-post","3":"status-publish","4":"format-standard","5":"has-post-thumbnail","7":"category-rouen","8":"tag-actu","9":"tag-actualites","10":"tag-eu","11":"tag-europe","12":"tag-faits-divers","13":"tag-fr","14":"tag-france","15":"tag-news","16":"tag-normandie","17":"tag-police","18":"tag-republique-francaise","19":"tag-rouen","20":"tag-violences-sexuelles"},"share_on_mastodon":{"url":"https:\/\/pubeurope.com\/@fr\/115286165662108232","error":""},"_links":{"self":[{"href":"https:\/\/www.europesays.com\/fr\/wp-json\/wp\/v2\/posts\/425421","targetHints":{"allow":["GET"]}}],"collection":[{"href":"https:\/\/www.europesays.com\/fr\/wp-json\/wp\/v2\/posts"}],"about":[{"href":"https:\/\/www.europesays.com\/fr\/wp-json\/wp\/v2\/types\/post"}],"author":[{"embeddable":true,"href":"https:\/\/www.europesays.com\/fr\/wp-json\/wp\/v2\/users\/2"}],"replies":[{"embeddable":true,"href":"https:\/\/www.europesays.com\/fr\/wp-json\/wp\/v2\/comments?post=425421"}],"version-history":[{"count":0,"href":"https:\/\/www.europesays.com\/fr\/wp-json\/wp\/v2\/posts\/425421\/revisions"}],"wp:featuredmedia":[{"embeddable":true,"href":"https:\/\/www.europesays.com\/fr\/wp-json\/wp\/v2\/media\/425422"}],"wp:attachment":[{"href":"https:\/\/www.europesays.com\/fr\/wp-json\/wp\/v2\/media?parent=425421"}],"wp:term":[{"taxonomy":"category","embeddable":true,"href":"https:\/\/www.europesays.com\/fr\/wp-json\/wp\/v2\/categories?post=425421"},{"taxonomy":"post_tag","embeddable":true,"href":"https:\/\/www.europesays.com\/fr\/wp-json\/wp\/v2\/tags?post=425421"}],"curies":[{"name":"wp","href":"https:\/\/api.w.org\/{rel}","templated":true}]}}