{"id":425423,"date":"2025-09-29T06:27:14","date_gmt":"2025-09-29T06:27:14","guid":{"rendered":"https:\/\/www.europesays.com\/fr\/425423\/"},"modified":"2025-09-29T06:27:14","modified_gmt":"2025-09-29T06:27:14","slug":"prenez-linitiative-avec-le-1er-reseau-daccompagnement","status":"publish","type":"post","link":"https:\/\/www.europesays.com\/fr\/425423\/","title":{"rendered":"Prenez l&rsquo;INITIATIVE avec le 1er r\u00e9seau d&rsquo;accompagnement"},"content":{"rendered":"<p>Depuis juillet, Fr\u00e9d\u00e9ric Morysse a pris la pr\u00e9sidence d\u2019Initiative Rouen, une association qui soutient les cr\u00e9ateurs et repreneurs d\u2019entreprise gr\u00e2ce \u00e0 un pr\u00eat d\u2019honneur et un accompagnement personnalis\u00e9. <\/p>\n<p>Fr\u00e9d\u00e9ric Morysse, nouveau pr\u00e9sident d\u2019Initiative Rouen\u00a0: \u00ab\u00a0Les entreprises accompagn\u00e9es vivent plus longtemps\u00a0\u00bb<\/p>\n<p>Expert-comptable de m\u00e9tier,Fr\u00e9d\u00e9ric Morysse conna\u00eet bien les besoins et les d\u00e9fis des porteurs de projets.<\/p>\n<p>\u00ab\u00a0Initiative Rouen, c\u2019est une plateforme qui accorde un pr\u00eat d\u2019honneur, totalement gratuit, aux cr\u00e9ateurs et repreneurs d\u2019entreprise\u00a0\u00bb explique-t-il. \u00ab\u00a0Mais au-del\u00e0 du financement, nous proposons surtout du parrainage. Pendant trois ans, toute la dur\u00e9e du pr\u00eat, l\u2019entrepreneur peut compter sur un accompagnement par un mentor. \u00bb<\/p>\n<p>Un r\u00e9seau national solide<\/p>\n<p>Initiative Rouen fait partie d\u2019un vaste r\u00e9seau de\u00a0<strong>200 plateformes en France<\/strong>. Dans la r\u00e9gion, on retrouve aussi Initiative Le Havre, Dieppe ou \u00c9vreux. Cette proximit\u00e9 territoriale facilite l\u2019acc\u00e8s \u00e0 un suivi et \u00e0 des ressources adapt\u00e9es.<\/p>\n<p>L\u2019efficacit\u00e9 est au rendez-vous\u00a0: alors qu\u2019en France une entreprise sur deux dispara\u00eet apr\u00e8s trois ans,\u00a0<strong>90% des entreprises accompagn\u00e9es par Initiative sont toujours en activit\u00e9<\/strong>\u00a0au m\u00eame horizon.<\/p>\n<p>Des financements vari\u00e9s<\/p>\n<p>Le pr\u00eat d\u2019honneur s\u2019\u00e9l\u00e8ve en moyenne \u00e0\u00a0<strong>15 000 euros<\/strong>. \u00c0 cela s\u2019ajoutent d\u2019autres dispositifs. Initiative Rouen est en effet homologu\u00e9e par la\u00a0<strong>R\u00e9gion Normandie<\/strong>\u00a0pour distribuer le dispositif \u00ab\u00a0Coup de pouce\u00a0\u00bb et agr\u00e9\u00e9e par la\u00a0<strong>BPI<\/strong>\u00a0pour proposer des pr\u00eats d\u2019honneur compl\u00e9mentaires\u00a0: pr\u00eat BPI Cr\u00e9ation ou pr\u00eat QPV (quartiers prioritaires).<\/p>\n<p>\u00ab\u00a0Ce sont des financements importants qui renforcent la solidit\u00e9 des projets\u00a0\u00bb, indique Fr\u00e9d\u00e9ric Morysse, engag\u00e9 depuis plus de sept ans au sein de l\u2019association avant d\u2019en devenir pr\u00e9sident. Initiative Rouen compte aujourd\u2019hui\u00a0<strong>200 adh\u00e9rents et de nombreux b\u00e9n\u00e9voles<\/strong>, ainsi qu\u2019un salari\u00e9 permanent.<\/p>\n<p>Un engagement personnel<\/p>\n<p>En tant qu\u2019expert-comptable et chef d\u2019entreprise, Fr\u00e9d\u00e9ric Morysse voit dans ce r\u00f4le une extension naturelle de son m\u00e9tier\u00a0: \u00ab\u00a0Accompagner les entrepreneurs, c\u2019est ce que je fais depuis toujours. Rejoindre Initiative Rouen est pour moi la meilleure fa\u00e7on de transmettre cette expertise au service du territoire. \u00bb<\/p>\n<p>Comment en savoir plus\u00a0?<\/p>\n<p>Toutes les informations pratiques, les modalit\u00e9s d\u2019accompagnement et les contacts sont disponibles sur le site internet\u00a0:\u00a0<a target=\"_blank\" rel=\"nofollow noopener noreferrer\" class=\"IciLink ici-link IciArticleLink g-ici-body-regular-1 underline brand svelte-lu7k6w\" href=\"https:\/\/www.initiative-rouen.fr\/\">Initiative Rouen<\/a><\/p>\n","protected":false},"excerpt":{"rendered":"Depuis juillet, Fr\u00e9d\u00e9ric Morysse a pris la pr\u00e9sidence d\u2019Initiative Rouen, une association qui soutient les cr\u00e9ateurs et repreneurs&hellip;\n","protected":false},"author":2,"featured_media":425424,"comment_status":"","ping_status":"","sticky":false,"template":"","format":"standard","meta":{"footnotes":""},"categories":[9587],"tags":[1111,11,1777,674,1011,27,12,5161,25,9590],"class_list":{"0":"post-425423","1":"post","2":"type-post","3":"status-publish","4":"format-standard","5":"has-post-thumbnail","7":"category-rouen","8":"tag-actu","9":"tag-actualites","10":"tag-eu","11":"tag-europe","12":"tag-fr","13":"tag-france","14":"tag-news","15":"tag-normandie","16":"tag-republique-francaise","17":"tag-rouen"},"share_on_mastodon":{"url":"https:\/\/pubeurope.com\/@fr\/115286169591765065","error":""},"_links":{"self":[{"href":"https:\/\/www.europesays.com\/fr\/wp-json\/wp\/v2\/posts\/425423","targetHints":{"allow":["GET"]}}],"collection":[{"href":"https:\/\/www.europesays.com\/fr\/wp-json\/wp\/v2\/posts"}],"about":[{"href":"https:\/\/www.europesays.com\/fr\/wp-json\/wp\/v2\/types\/post"}],"author":[{"embeddable":true,"href":"https:\/\/www.europesays.com\/fr\/wp-json\/wp\/v2\/users\/2"}],"replies":[{"embeddable":true,"href":"https:\/\/www.europesays.com\/fr\/wp-json\/wp\/v2\/comments?post=425423"}],"version-history":[{"count":0,"href":"https:\/\/www.europesays.com\/fr\/wp-json\/wp\/v2\/posts\/425423\/revisions"}],"wp:featuredmedia":[{"embeddable":true,"href":"https:\/\/www.europesays.com\/fr\/wp-json\/wp\/v2\/media\/425424"}],"wp:attachment":[{"href":"https:\/\/www.europesays.com\/fr\/wp-json\/wp\/v2\/media?parent=425423"}],"wp:term":[{"taxonomy":"category","embeddable":true,"href":"https:\/\/www.europesays.com\/fr\/wp-json\/wp\/v2\/categories?post=425423"},{"taxonomy":"post_tag","embeddable":true,"href":"https:\/\/www.europesays.com\/fr\/wp-json\/wp\/v2\/tags?post=425423"}],"curies":[{"name":"wp","href":"https:\/\/api.w.org\/{rel}","templated":true}]}}