{"id":425425,"date":"2025-09-29T06:28:16","date_gmt":"2025-09-29T06:28:16","guid":{"rendered":"https:\/\/www.europesays.com\/fr\/425425\/"},"modified":"2025-09-29T06:28:16","modified_gmt":"2025-09-29T06:28:16","slug":"coup-denvoi-des-travaux-de-la-place-de-metz","status":"publish","type":"post","link":"https:\/\/www.europesays.com\/fr\/425425\/","title":{"rendered":"coup d&rsquo;envoi des travaux de la place de Metz"},"content":{"rendered":"<p itemprop=\"description\"><strong>D\u00e8s ce lundi 29 septembre, la place de Metz, dans le quartier Metz-Strasbourg \u00e0 Grenoble, entre une nouvelle phase de travaux pour m\u00e9tamorphoser son espace public.<\/strong><\/p>\n<p>L\u2019annonce officielle d\u00e9taille un projet ambitieux port\u00e9 conjointement par la Ville et la M\u00e9tropole, visant \u00e0 redonner vie \u00e0 une place vieillissante, trop min\u00e9rale et peu adapt\u00e9e aux usages actuels.<\/p>\n<p>Le r\u00e9am\u00e9nagement pr\u00e9voit une pi\u00e9tonnisation du c\u0153ur de place, la cr\u00e9ation de banquettes en vis-\u00e0-vis pour encourager les \u00e9changes, et l\u2019installation d\u2019un espace central stabilis\u00e9 pour accueillir des \u00e9v\u00e9nements de quartier. Le patrimoine historique du site ne sera pas oubli\u00e9 : la colonne centrale embl\u00e9matique retrouvera toute sa prestance, et l\u2019alignement visuel vers le parvis de l\u2019\u00e9glise sera renforc\u00e9 par l\u2019usage de mat\u00e9riaux communs au pavage.<\/p>\n<p>Pour tenter de renforcer le commerce local, les trottoirs le long des enseignes seront \u00e9largis et ombrag\u00e9s : selon la mairie les commerces gagneront en visibilit\u00e9, tandis que les terrasses deviendront plus confortables.\u00a0<\/p>\n<p>Dans un contexte de r\u00e9chauffement urbain, l\u2019intervention pr\u00e9voit la transformation du parking central en place-jardin. A la place, on y plantera 28 arbres de haute tige, accompagnera la v\u00e9g\u00e9tation par des massifs vari\u00e9s et augmentera les surfaces perm\u00e9ables pour faciliter l\u2019infiltration des eaux pluviales. L\u2019objectif : cr\u00e9er des zones de fra\u00eecheur et favoriser la biodiversit\u00e9.<\/p>\n<p>Seulement trois places de livraison seront am\u00e9nag\u00e9es \u00e0 proximit\u00e9 pour l\u2019approvisionnement et le stationnement de clients de passage.<\/p>\n<p>C&rsquo;est l\u00e0 que le bas blesse. La suppression quasi totale du stationnement automobile\u00a0ulc\u00e8re une partie des commer\u00e7ants et des habitants, qui avaient d\u00e9pos\u00e9 un recours devant le tribunal administratif cet \u00e9t\u00e9 pour le bloquer.<\/p>\n<p>Les travaux s\u2019\u00e9taleront jusqu\u2019en mai 2026.<\/p>\n","protected":false},"excerpt":{"rendered":"D\u00e8s ce lundi 29 septembre, la place de Metz, dans le quartier Metz-Strasbourg \u00e0 Grenoble, entre une nouvelle&hellip;\n","protected":false},"author":2,"featured_media":425426,"comment_status":"","ping_status":"","sticky":false,"template":"","format":"standard","meta":{"footnotes":""},"categories":[9566],"tags":[1111,11,7733,8279,2430,7736,650,7734,2889,2263,1777,674,1011,27,2731,8280,6417,1114,108,4662,12,3725,1825,25,7737],"class_list":{"0":"post-425425","1":"post","2":"type-post","3":"status-publish","4":"format-standard","5":"has-post-thumbnail","7":"category-grenoble","8":"tag-actu","9":"tag-actualites","10":"tag-alpes","11":"tag-alpes1","12":"tag-auvergne-rhone-alpes","13":"tag-cds","14":"tag-cinema","15":"tag-ecoute","16":"tag-emission","17":"tag-equipe","18":"tag-eu","19":"tag-europe","20":"tag-fr","21":"tag-france","22":"tag-grenoble","23":"tag-haute","24":"tag-information","25":"tag-infos","26":"tag-isere","27":"tag-journal","28":"tag-news","29":"tag-podcast","30":"tag-radio","31":"tag-republique-francaise","32":"tag-winamp"},"share_on_mastodon":{"url":"https:\/\/pubeurope.com\/@fr\/115286173653814781","error":""},"_links":{"self":[{"href":"https:\/\/www.europesays.com\/fr\/wp-json\/wp\/v2\/posts\/425425","targetHints":{"allow":["GET"]}}],"collection":[{"href":"https:\/\/www.europesays.com\/fr\/wp-json\/wp\/v2\/posts"}],"about":[{"href":"https:\/\/www.europesays.com\/fr\/wp-json\/wp\/v2\/types\/post"}],"author":[{"embeddable":true,"href":"https:\/\/www.europesays.com\/fr\/wp-json\/wp\/v2\/users\/2"}],"replies":[{"embeddable":true,"href":"https:\/\/www.europesays.com\/fr\/wp-json\/wp\/v2\/comments?post=425425"}],"version-history":[{"count":0,"href":"https:\/\/www.europesays.com\/fr\/wp-json\/wp\/v2\/posts\/425425\/revisions"}],"wp:featuredmedia":[{"embeddable":true,"href":"https:\/\/www.europesays.com\/fr\/wp-json\/wp\/v2\/media\/425426"}],"wp:attachment":[{"href":"https:\/\/www.europesays.com\/fr\/wp-json\/wp\/v2\/media?parent=425425"}],"wp:term":[{"taxonomy":"category","embeddable":true,"href":"https:\/\/www.europesays.com\/fr\/wp-json\/wp\/v2\/categories?post=425425"},{"taxonomy":"post_tag","embeddable":true,"href":"https:\/\/www.europesays.com\/fr\/wp-json\/wp\/v2\/tags?post=425425"}],"curies":[{"name":"wp","href":"https:\/\/api.w.org\/{rel}","templated":true}]}}