{"id":425441,"date":"2025-09-29T06:39:11","date_gmt":"2025-09-29T06:39:11","guid":{"rendered":"https:\/\/www.europesays.com\/fr\/425441\/"},"modified":"2025-09-29T06:39:11","modified_gmt":"2025-09-29T06:39:11","slug":"une-nouvelle-ville-de-bordeaux-metropole-decide-darmer-sa-police-municipale","status":"publish","type":"post","link":"https:\/\/www.europesays.com\/fr\/425441\/","title":{"rendered":"Une nouvelle ville de Bordeaux M\u00e9tropole d\u00e9cide d&rsquo;armer sa police municipale"},"content":{"rendered":"<p data-start=\"344\" data-end=\"683\">M\u00e9rignac, deuxi\u00e8me ville de Gironde avec 77 000 habitants, embo\u00eete le pas \u00e0<strong> <a href=\"https:\/\/www.lebonbon.fr\/bordeaux\/news\/bordeaux-arme-police-municipale-lutter-insecurite\/\" rel=\"nofollow noopener\" target=\"_blank\">Bordeaux<\/a>, Talence et Bruges<\/strong>. Son maire socialiste, Thierry Trijoulet, a confirm\u00e9 l\u2019armement prochain de la police municipale, estimant que \u00ab\u00a0la s\u00e9curit\u00e9 des habitants comme celle des agents rel\u00e8ve du pragmatisme, et non d\u2019une id\u00e9ologie de gauche ou de droite\u00a0\u00bb.<\/p>\n<p>&#13;<br \/>\nPas de flamb\u00e9e de d\u00e9linquance, mais des faits marquants&#13;<\/p>\n<p data-start=\"747\" data-end=\"1134\">Cette d\u00e9cision intervient quelques semaines apr\u00e8s une <strong>fusillade survenue dans le quartier de Beutre<\/strong>, qui a fait un bless\u00e9 grave et marqu\u00e9 les riverains. Le maire insiste toutefois\u00a0: \u00ab Il n\u2019y a pas de hausse de la d\u00e9linquance \u00e0 M\u00e9rignac.\u00a0\u00bb Pour lui, l\u2019objectif est de donner aux agents les <strong>moyens d\u2019intervenir face \u00e0 des situations potentiellement graves<\/strong>, sans \u00eatre contraints au repli.<\/p>\n<p>&#13;<br \/>\nUn investissement chiffr\u00e9 \u00e0 50 000 euros&#13;<\/p>\n<p data-start=\"1183\" data-end=\"1432\">Au total, les <strong data-start=\"1197\" data-end=\"1224\">38 policiers municipaux<\/strong> suivront une formation de <strong data-start=\"1251\" data-end=\"1272\">quatre \u00e0 six mois<\/strong> avant d\u2019\u00eatre dot\u00e9s de leur arme. La municipalit\u00e9 pr\u00e9voit un budget d\u2019environ <strong data-start=\"1350\" data-end=\"1362\">50 000\u20ac<\/strong>, incluant l\u2019achat, le stockage s\u00e9curis\u00e9 et la formation des agents.<\/p>\n<p>&#13;<\/p>\n<p data-start=\"1476\" data-end=\"1879\">L\u2019armement s\u2019inscrit dans une strat\u00e9gie plus large de renforcement de la tranquillit\u00e9 publique. Depuis plusieurs ann\u00e9es, la ville a plus que doubl\u00e9 le nombre d\u2019agents municipaux et s\u2019appuie d\u00e9sormais sur un centre de supervision urbain fort de plus de <strong data-start=\"1728\" data-end=\"1743\">400 cam\u00e9ras<\/strong>. \u00ab\u00a0Nos agents de proximit\u00e9 sont souvent les premiers sur le terrain\u00a0\u00bb, souligne le maire, pour qui \u00ab\u00a0il fallait franchir un palier \u00bb.<\/p>\n","protected":false},"excerpt":{"rendered":"M\u00e9rignac, deuxi\u00e8me ville de Gironde avec 77 000 habitants, embo\u00eete le pas \u00e0 Bordeaux, Talence et Bruges. Son&hellip;\n","protected":false},"author":2,"featured_media":425442,"comment_status":"","ping_status":"","sticky":false,"template":"","format":"standard","meta":{"footnotes":""},"categories":[2817],"tags":[1111,11,1997,1777,674,1011,27,12,2219,25],"class_list":{"0":"post-425441","1":"post","2":"type-post","3":"status-publish","4":"format-standard","5":"has-post-thumbnail","7":"category-bordeaux","8":"tag-actu","9":"tag-actualites","10":"tag-bordeaux","11":"tag-eu","12":"tag-europe","13":"tag-fr","14":"tag-france","15":"tag-news","16":"tag-nouvelle-aquitaine","17":"tag-republique-francaise"},"share_on_mastodon":{"url":"https:\/\/pubeurope.com\/@fr\/115286216813196778","error":""},"_links":{"self":[{"href":"https:\/\/www.europesays.com\/fr\/wp-json\/wp\/v2\/posts\/425441","targetHints":{"allow":["GET"]}}],"collection":[{"href":"https:\/\/www.europesays.com\/fr\/wp-json\/wp\/v2\/posts"}],"about":[{"href":"https:\/\/www.europesays.com\/fr\/wp-json\/wp\/v2\/types\/post"}],"author":[{"embeddable":true,"href":"https:\/\/www.europesays.com\/fr\/wp-json\/wp\/v2\/users\/2"}],"replies":[{"embeddable":true,"href":"https:\/\/www.europesays.com\/fr\/wp-json\/wp\/v2\/comments?post=425441"}],"version-history":[{"count":0,"href":"https:\/\/www.europesays.com\/fr\/wp-json\/wp\/v2\/posts\/425441\/revisions"}],"wp:featuredmedia":[{"embeddable":true,"href":"https:\/\/www.europesays.com\/fr\/wp-json\/wp\/v2\/media\/425442"}],"wp:attachment":[{"href":"https:\/\/www.europesays.com\/fr\/wp-json\/wp\/v2\/media?parent=425441"}],"wp:term":[{"taxonomy":"category","embeddable":true,"href":"https:\/\/www.europesays.com\/fr\/wp-json\/wp\/v2\/categories?post=425441"},{"taxonomy":"post_tag","embeddable":true,"href":"https:\/\/www.europesays.com\/fr\/wp-json\/wp\/v2\/tags?post=425441"}],"curies":[{"name":"wp","href":"https:\/\/api.w.org\/{rel}","templated":true}]}}