{"id":425443,"date":"2025-09-29T06:40:12","date_gmt":"2025-09-29T06:40:12","guid":{"rendered":"https:\/\/www.europesays.com\/fr\/425443\/"},"modified":"2025-09-29T06:40:12","modified_gmt":"2025-09-29T06:40:12","slug":"tennis-de-table-un-espoir-francais-sous-les-couleurs-du-cam-bordeaux","status":"publish","type":"post","link":"https:\/\/www.europesays.com\/fr\/425443\/","title":{"rendered":"Tennis de Table : un espoir fran\u00e7ais sous les couleurs du CAM Bordeaux"},"content":{"rendered":"<p class=\"PopSlotParagraph qg-tx2 qg-xtra-lh svelte-1r0pyek\">Tous les sports ont besoin d\u2019ic\u00f4nes pour les incarner\u00a0! Si le rugby a Antoine Dupont, le judo Teddy Riner, le basket Victor Wembanyama et bien le tennis de table a les\u00a0<a href=\"https:\/\/fr.wikipedia.org\/wiki\/Fr%C3%A8res_Lebrun\" target=\"_blank\" rel=\"noopener noreferrer nofollow\" class=\"\" data-testid=\"link\">fr\u00e8res Lebrun.<\/a>\u00a0Pour ces derniers, tous les clubs ont b\u00e9n\u00e9fici\u00e9 d\u2019un effet Lebrun comme le confirme Thomas Lavergne, entraineur au\u00a0<a href=\"https:\/\/cambordeauxtt.fr\/\" target=\"_blank\" rel=\"noopener noreferrer nofollow\" class=\"\" data-testid=\"link\">CAM Bordeaux<\/a>\u00a0: \u00ab\u00a0il y a un gros effet Lebrun depuis deux ans. <strong>Nous sommes pass\u00e9s dans cette p\u00e9riode de 300 licenci\u00e9s il y a deux ans \u00e0 400 aujourd\u2019hui<\/strong>\u00a0\u00bb<\/p>\n<p> Club reconnu pour sa formation et une armoire \u00e0 troph\u00e9e bien remplie<\/p>\n<p class=\"PopSlotParagraph qg-tx2 qg-xtra-lh svelte-1r0pyek\">Avec pr\u00e8s de 30 titres de champion de France, le CAM pour Club Athl\u00e9tique Municipal de Bordeaux est tout pr\u00e8s de retrouver l\u2019\u00e9lite. Car la comp\u00e9tition au tennis de table n\u2019a pas lieu que tous les quatre ans lors des JO mais bien tous les week-end\u00a0: \u00ab\u00a0<strong>On est en nationale 1 juste en dessous des pros l\u2019objectif est de rejoindre la pro B et notre \u00e9quipe f\u00e9minine est en nationale 2<\/strong>\u00a0\u00bb explique Thomas Lavergne. Pour cela le club peut compter sur deux des espoirs du tennis de table fran\u00e7ais<\/p>\n<p> Deux espoirs dans le sillage des fr\u00e8res Lebrun<\/p>\n<p class=\"PopSlotParagraph qg-tx2 qg-xtra-lh svelte-1r0pyek\">\u00ab\u00a0Arthur Dubois et Nathan Doussinet sont champions de France en double minime et cadet. Ils se connaissent depuis l\u2019\u00e2ge de 6 ans\u00a0\u00bb raconte Thomas Lavergne qui a accompagn\u00e9 ses deux p\u00e9pites au bord de la mer noire \u00e0 Batoumi en G\u00e9orgie pour une \u00e9tape du circuit mondial, le WTT. Tournoi durant lequel Nathan Doussinet a particuli\u00e8rement perform\u00e9 \u00ab\u00a0<strong>Il est dans tous les meilleurs fran\u00e7ais et il a r\u00e9ussi \u00e0 gagner cette comp\u00e9tition du circuit mondial, le WTT.<\/strong> C\u2019est la meilleure performance du club depuis pas mal de temps\u00a0\u00bb d\u00e9taille son entraineur.<\/p>\n<p>  <img decoding=\"async\" class=\"Image-preview  svelte-1b9cmvl\" data-testid=\"image-preview\" src=\"data:image\/jpeg;charset=utf-8;base64, \/9j\/2wBDACgcHiMeGSgjISMtKygwPGRBPDc3PHtYXUlkkYCZlo+AjIqgtObDoKrarYqMyP\/L2u71\/\/\/\/m8H\/\/\/\/6\/+b9\/\/j\/2wBDASstLTw1PHZBQXb4pYyl+Pj4+Pj4+Pj4+Pj4+Pj4+Pj4+Pj4+Pj4+Pj4+Pj4+Pj4+Pj4+Pj4+Pj4+Pj4+Pj4+Pj\/wAARCAAqAB8DASIAAhEBAxEB\/8QAGAABAQEBAQAAAAAAAAAAAAAAAQIDAAT\/xAAYEAEBAQEBAAAAAAAAAAAAAAAAAQIREv\/EABUBAQEAAAAAAAAAAAAAAAAAAAAB\/8QAFBEBAAAAAAAAAAAAAAAAAAAAAP\/aAAwDAQACEQMRAD8A14XDqB4OHrlEWj0i6RdIraaVK880uaBldJ6ACuqmmZB\/\/9k=\" alt=\"\" aria-hidden=\"false\"\/>     <img decoding=\"async\" src=\"https:\/\/www.europesays.com\/fr\/wp-content\/uploads\/2025\/09\/860_sc_3-768x1024.jpg\" loading=\"lazy\" fetchpriority=\"low\" width=\"768\" height=\"1024\" class=\"Image-main  svelte-1b9cmvl rounded\" data-testid=\"image-src\" alt=\"De gauche \u00e0 droite : Arthur Dubois, Thomas Lavergne et Nathan Doussinet\" aria-hidden=\"false\" onload=\"this.__e=event\" onerror=\"this.__e=event\"\/> De gauche \u00e0 droite : Arthur Dubois, Thomas Lavergne et Nathan Doussinet  &#8211; image fournie par le CAM Bordeaux <\/p>\n<p class=\"PopSlotParagraph qg-tx2 qg-xtra-lh svelte-1r0pyek\">Pour voir jouer ces deux jeunes espoirs, il faut aller le\u00a0<a href=\"https:\/\/www.bing.com\/maps?mepi=0%7ELocal%7EEmbedded%7EEntity_Vertical_List_Card&amp;ty=17&amp;q=salle+du+cam+bordeaux&amp;segment=Local&amp;ppois=44.82889175415039_-0.6003649830818176_Cam_YN2000x7432322857332079001%7E44.842987060546875_-0.626911997795105_Cam+Bordeaux+Tennis+de+Table_YN2000x4839593168434944679%7E&amp;poicount=18&amp;sei=0&amp;cp=44.843223%7E-0.503315&amp;child=%26ty%3D18%26q%3DCam%2520Bordeaux%2520Tennis%2520de%2520Table%2520salle%2520du%2520cam%26ss%3Dypid.YN2000x4839593168434944679%26segment%3DLocal%26ppois%3D44.842987060546875_-0.626911997795105_Cam%2520Bordeaux%2520Tennis%2520de%2520Table%2520salle%2520du%2520cam_YN2000x4839593168434944679%7E%26cp%3D44.842987%7E-0.626912%26EnableMapViewChange%3Dtrue&amp;FORM=MPSRPL&amp;lvl=14.6\" target=\"_blank\" rel=\"noopener noreferrer nofollow\" class=\"\" data-testid=\"link\">samedi 11 octobre \u00e0 16h00 rue Andr\u00e9 Maginot<\/a>\u00a0o\u00f9 le CAM recevra Saint Quentin, dans le cadre du championnat de France de Nationale 1. Plus largement, pour rejoindre un club renseignez-vous aupr\u00e8s du <a href=\"https:\/\/www.cd33tt.fr\/\" target=\"_blank\" rel=\"noopener noreferrer nofollow\" class=\"\" data-testid=\"link\">comit\u00e9 d\u00e9partemental de Tennis de Table.<\/a><\/p>\n","protected":false},"excerpt":{"rendered":"Tous les sports ont besoin d\u2019ic\u00f4nes pour les incarner\u00a0! Si le rugby a Antoine Dupont, le judo Teddy&hellip;\n","protected":false},"author":2,"featured_media":425444,"comment_status":"","ping_status":"","sticky":false,"template":"","format":"standard","meta":{"footnotes":""},"categories":[2817],"tags":[1111,11,1997,1777,674,1011,27,12,2219,25],"class_list":{"0":"post-425443","1":"post","2":"type-post","3":"status-publish","4":"format-standard","5":"has-post-thumbnail","7":"category-bordeaux","8":"tag-actu","9":"tag-actualites","10":"tag-bordeaux","11":"tag-eu","12":"tag-europe","13":"tag-fr","14":"tag-france","15":"tag-news","16":"tag-nouvelle-aquitaine","17":"tag-republique-francaise"},"share_on_mastodon":{"url":"https:\/\/pubeurope.com\/@fr\/115286221392152498","error":""},"_links":{"self":[{"href":"https:\/\/www.europesays.com\/fr\/wp-json\/wp\/v2\/posts\/425443","targetHints":{"allow":["GET"]}}],"collection":[{"href":"https:\/\/www.europesays.com\/fr\/wp-json\/wp\/v2\/posts"}],"about":[{"href":"https:\/\/www.europesays.com\/fr\/wp-json\/wp\/v2\/types\/post"}],"author":[{"embeddable":true,"href":"https:\/\/www.europesays.com\/fr\/wp-json\/wp\/v2\/users\/2"}],"replies":[{"embeddable":true,"href":"https:\/\/www.europesays.com\/fr\/wp-json\/wp\/v2\/comments?post=425443"}],"version-history":[{"count":0,"href":"https:\/\/www.europesays.com\/fr\/wp-json\/wp\/v2\/posts\/425443\/revisions"}],"wp:featuredmedia":[{"embeddable":true,"href":"https:\/\/www.europesays.com\/fr\/wp-json\/wp\/v2\/media\/425444"}],"wp:attachment":[{"href":"https:\/\/www.europesays.com\/fr\/wp-json\/wp\/v2\/media?parent=425443"}],"wp:term":[{"taxonomy":"category","embeddable":true,"href":"https:\/\/www.europesays.com\/fr\/wp-json\/wp\/v2\/categories?post=425443"},{"taxonomy":"post_tag","embeddable":true,"href":"https:\/\/www.europesays.com\/fr\/wp-json\/wp\/v2\/tags?post=425443"}],"curies":[{"name":"wp","href":"https:\/\/api.w.org\/{rel}","templated":true}]}}